{"id":199558,"date":"2026-09-03T21:06:40","date_gmt":"2026-09-03T21:06:40","guid":{"rendered":"https:\/\/www.europesays.com\/afrique\/199558\/"},"modified":"2026-09-03T21:06:40","modified_gmt":"2026-09-03T21:06:40","slug":"abdelatty-salue-les-relations-historiques-et-profondes-entre-legypte-et-litalie","status":"publish","type":"post","link":"https:\/\/www.europesays.com\/afrique\/199558\/","title":{"rendered":"Abdelatty salue les relations historiques et profondes entre l\u2019\u00c9gypte et l\u2019Italie"},"content":{"rendered":"<p style=\"text-align: justify;\">Le ministre des Affaires \u00e9trang\u00e8res, de la Coop\u00e9ration internationale et des \u00c9gyptiens \u00e0 l\u2019\u00e9tranger, Badr Abdelatty, a salu\u00e9 les relations historiques et profondes qui unissent l\u2019\u00c9gypte et l\u2019Italie, fond\u00e9es sur des bases solides d\u2019amiti\u00e9, de respect mutuel et d\u2019int\u00e9r\u00eats communs.<\/p>\n<p style=\"text-align: justify;\">M. Abdelatty s\u2019exprimait jeudi lors d\u2019un point de presse conjoint avec son homologue italien, Antonio Tajani, \u00e0 l\u2019issue de leurs entretiens au si\u00e8ge du minist\u00e8re \u00e9gyptien des Affaires \u00e9trang\u00e8res, \u00e0 la Nouvelle Capitale.<\/p>\n<p style=\"text-align: justify;\">Il a souhait\u00e9 la bienvenue \u00e0 son homologue italien et \u00e0 la d\u00e9l\u00e9gation qui l\u2019accompagne \u00e0 l\u2019occasion de sa visite au Caire.<\/p>\n<p style=\"text-align: justify;\">Les entretiens ont port\u00e9 sur l\u2019\u00e9tat g\u00e9n\u00e9ral des relations \u00e9gypto-italiennes, les progr\u00e8s accomplis et les moyens de les d\u00e9velopper, tant au niveau bilat\u00e9ral que dans le cadre de la coop\u00e9ration entre l\u2019\u00c9gypte et l\u2019Union europ\u00e9enne. Les deux responsables ont \u00e9galement abord\u00e9 plusieurs questions r\u00e9gionales et internationales d\u2019int\u00e9r\u00eat commun.<\/p>\n<p style=\"text-align: justify;\">Le chef de la diplomatie italienne avait rencontr\u00e9 jeudi matin le pr\u00e9sident Abdel Fattah Al-Sissi afin d\u2019examiner l\u2019\u00e9volution des relations bilat\u00e9rales.<\/p>\n<p style=\"text-align: justify;\">M. Abdelatty a insist\u00e9 sur la n\u00e9cessit\u00e9 de respecter pleinement les r\u00e8gles du droit international, notamment les principes de non-nuisance et de rejet de tout acte unilat\u00e9ral.<\/p>\n<p style=\"text-align: justify;\">La tenue de la premi\u00e8re session du Comit\u00e9 mixte \u00c9gypte-Italie constitue une \u00e9tape cruciale dans les relations bilat\u00e9rales et un m\u00e9canisme institutionnel important pour approfondir ces liens, assurer le suivi des accords et traduire la volont\u00e9 politique commune en projets et programmes concrets, a-t-il soulign\u00e9.<\/p>\n<p style=\"text-align: justify;\">La participation de quatre ministres \u00e9gyptiens et de trois ministres italiens \u00e0 cette session refl\u00e8te la volont\u00e9 politique des deux pays de d\u00e9velopper et de faire progresser leurs relations bilat\u00e9rales, a-t-il ajout\u00e9.<\/p>\n<p style=\"text-align: justify;\">Pour l\u2019\u00c9gypte, l\u2019Italie est un partenaire important et fiable dans la r\u00e9gion m\u00e9diterran\u00e9enne, a pr\u00e9cis\u00e9 le ministre, soulignant l\u2019engagement du Caire \u00e0 consolider la dynamique des relations bilat\u00e9rales et \u00e0 d\u00e9velopper les domaines de coop\u00e9ration.<\/p>\n<p style=\"text-align: justify;\">La premi\u00e8re session du Comit\u00e9 mixte a notamment port\u00e9 sur le renforcement des relations \u00e9conomiques et commerciales ainsi que des investissements conjoints, compte tenu du r\u00f4le important jou\u00e9 par les entreprises italiennes op\u00e9rant en \u00c9gypte, selon le ministre.<\/p>\n<p style=\"text-align: justify;\">Les ministres \u00e9gyptiens pr\u00e9sents, notamment le ministre de l\u2019Investissement et du Commerce ext\u00e9rieur, ont confirm\u00e9 leur volont\u00e9 d\u2019attirer davantage d\u2019investissements italiens et de cr\u00e9er un climat d\u2019investissement favorable.<\/p>\n<p style=\"text-align: justify;\">Le Caire est fier de compter plus de 1 300 entreprises italiennes op\u00e9rant sur son territoire dans de nombreux secteurs, a ajout\u00e9 M. Abdelatty.<\/p>\n<p style=\"text-align: justify;\">Source : MENA<\/p>\n<p>            <a class=\"text-reader sound\" href=\"https:\/\/sis.gov.eg\/fr\/centre-m%C3%A9diatique\/actualit%C3%A9s\/abdelatty-salue-les-relations-historiques-et-profondes-entre-l-%C3%A9gypte-et-l-italie\/javascript:void(0)\" data-text=\"Abdelatty salue les relations historiques et profondes entre l\u2019\u00c9gypte et l\u2019Italie.  Cr\u00e9er un rendez-vous.  03 septembre 2026Date de derni\u00e8re mise \u00e0 jour.  03 septembre 2026.  Le ministre des Affaires \u00e9trang\u00e8res, de la Coop\u00e9ration internationale et des \u00c9gyptiens \u00e0 l\u2019\u00e9tranger, Badr Abdelatty, a salu\u00e9 les relations historiques et profondes qui unissent l\u2019\u00c9gypte et l\u2019Italie, fond\u00e9es sur des bases solides d\u2019amiti\u00e9, de respect mutuel et d\u2019int\u00e9r\u00eats communs.&#010;M. Abdelatty s\u2019exprimait jeudi lors d\u2019un point de presse conjoint avec son homologue italien, Antonio Tajani, \u00e0 l\u2019issue de leurs entretiens au si\u00e8ge du minist\u00e8re \u00e9gyptien des Affaires \u00e9trang\u00e8res, \u00e0 la Nouvelle Capitale.&#010;Il a souhait\u00e9 la bienvenue \u00e0 son homologue italien et \u00e0 la d\u00e9l\u00e9gation qui l\u2019accompagne \u00e0 l\u2019occasion de sa visite au Caire.&#010;Les entretiens ont port\u00e9 sur l\u2019\u00e9tat g\u00e9n\u00e9ral des relations \u00e9gypto-italiennes, les progr\u00e8s accomplis et les moyens de les d\u00e9velopper, tant au niveau bilat\u00e9ral que dans le cadre de la coop\u00e9ration entre l\u2019\u00c9gypte et l\u2019Union europ\u00e9enne. Les deux responsables ont \u00e9galement abord\u00e9 plusieurs questions r\u00e9gionales et internationales d\u2019int\u00e9r\u00eat commun.&#010;Le chef de la diplomatie italienne avait rencontr\u00e9 jeudi matin le pr\u00e9sident Abdel Fattah Al-Sissi afin d\u2019examiner l\u2019\u00e9volution des relations bilat\u00e9rales.&#010;M. Abdelatty a insist\u00e9 sur la n\u00e9cessit\u00e9 de respecter pleinement les r\u00e8gles du droit international, notamment les principes de non-nuisance et de rejet de tout acte unilat\u00e9ral.&#010;La tenue de la premi\u00e8re session du Comit\u00e9 mixte \u00c9gypte-Italie constitue une \u00e9tape cruciale dans les relations bilat\u00e9rales et un m\u00e9canisme institutionnel important pour approfondir ces liens, assurer le suivi des accords et traduire la volont\u00e9 politique commune en projets et programmes concrets, a-t-il soulign\u00e9.&#010;La participation de quatre ministres \u00e9gyptiens et de trois ministres italiens \u00e0 cette session refl\u00e8te la volont\u00e9 politique des deux pays de d\u00e9velopper et de faire progresser leurs relations bilat\u00e9rales, a-t-il ajout\u00e9.&#010;Pour l\u2019\u00c9gypte, l\u2019Italie est un partenaire important et fiable dans la r\u00e9gion m\u00e9diterran\u00e9enne, a pr\u00e9cis\u00e9 le ministre, soulignant l\u2019engagement du Caire \u00e0 consolider la dynamique des relations bilat\u00e9rales et \u00e0 d\u00e9velopper les domaines de coop\u00e9ration.&#010;La premi\u00e8re session du Comit\u00e9 mixte a notamment port\u00e9 sur le renforcement des relations \u00e9conomiques et commerciales ainsi que des investissements conjoints, compte tenu du r\u00f4le important jou\u00e9 par les entreprises italiennes op\u00e9rant en \u00c9gypte, selon le ministre.&#010;Les ministres \u00e9gyptiens pr\u00e9sents, notamment le ministre de l\u2019Investissement et du Commerce ext\u00e9rieur, ont confirm\u00e9 leur volont\u00e9 d\u2019attirer davantage d\u2019investissements italiens et de cr\u00e9er un climat d\u2019investissement favorable.&#010;Le Caire est fier de compter plus de 1 300 entreprises italiennes op\u00e9rant sur son territoire dans de nombreux secteurs, a ajout\u00e9 M. Abdelatty.&#010;Source : MENA.  \" data-toggle=\"tooltip\" data-placement=\"top\" title=\"jouer son\" rel=\"nofollow noopener\" target=\"_blank\">&#13;<br \/>\n                <img decoding=\"async\" src=\"https:\/\/sis.gov.eg\/Assets\/Images\/SVGs\/soundIcon.svg\"\/>&#13;<br \/>\n            <\/a><\/p>\n<p>\u00c9coutez le mot paragraphe<\/p>\n","protected":false},"excerpt":{"rendered":"Le ministre des Affaires \u00e9trang\u00e8res, de la Coop\u00e9ration internationale et des \u00c9gyptiens \u00e0 l\u2019\u00e9tranger, Badr Abdelatty, a salu\u00e9&hellip;\n","protected":false},"author":2,"featured_media":199559,"comment_status":"","ping_status":"","sticky":false,"template":"","format":"standard","meta":{"footnotes":"","_share_on_mastodon":"0"},"categories":[122],"tags":[139],"class_list":["post-199558","post","type-post","status-publish","format-standard","has-post-thumbnail","category-egypte","tag-egypte"],"share_on_mastodon":{"url":"https:\/\/pubeurope.com\/@afrique\/117209149326978777","error":""},"_links":{"self":[{"href":"https:\/\/www.europesays.com\/afrique\/wp-json\/wp\/v2\/posts\/199558","targetHints":{"allow":["GET"]}}],"collection":[{"href":"https:\/\/www.europesays.com\/afrique\/wp-json\/wp\/v2\/posts"}],"about":[{"href":"https:\/\/www.europesays.com\/afrique\/wp-json\/wp\/v2\/types\/post"}],"author":[{"embeddable":true,"href":"https:\/\/www.europesays.com\/afrique\/wp-json\/wp\/v2\/users\/2"}],"replies":[{"embeddable":true,"href":"https:\/\/www.europesays.com\/afrique\/wp-json\/wp\/v2\/comments?post=199558"}],"version-history":[{"count":0,"href":"https:\/\/www.europesays.com\/afrique\/wp-json\/wp\/v2\/posts\/199558\/revisions"}],"wp:featuredmedia":[{"embeddable":true,"href":"https:\/\/www.europesays.com\/afrique\/wp-json\/wp\/v2\/media\/199559"}],"wp:attachment":[{"href":"https:\/\/www.europesays.com\/afrique\/wp-json\/wp\/v2\/media?parent=199558"}],"wp:term":[{"taxonomy":"category","embeddable":true,"href":"https:\/\/www.europesays.com\/afrique\/wp-json\/wp\/v2\/categories?post=199558"},{"taxonomy":"post_tag","embeddable":true,"href":"https:\/\/www.europesays.com\/afrique\/wp-json\/wp\/v2\/tags?post=199558"}],"curies":[{"name":"wp","href":"https:\/\/api.w.org\/{rel}","templated":true}]}}