{"id":199576,"date":"2026-09-03T21:29:02","date_gmt":"2026-09-03T21:29:02","guid":{"rendered":"https:\/\/www.europesays.com\/afrique\/199576\/"},"modified":"2026-09-03T21:29:02","modified_gmt":"2026-09-03T21:29:02","slug":"egypte-xi-jinping-en-visite-au-grand-musee-egyptien-avec-al-sissi","status":"publish","type":"post","link":"https:\/\/www.europesays.com\/afrique\/199576\/","title":{"rendered":"\u00c9gypte : Xi Jinping en visite au Grand Mus\u00e9e \u00e9gyptien avec al-Sissi"},"content":{"rendered":"<p>Le pr\u00e9sident chinois Xi Jinping poursuit sa visite officielle en \u00c9gypte, la premi\u00e8re dans le pays depuis dix ans. Aux c\u00f4t\u00e9s de son homologue \u00e9gyptien Abdel Fattah al-Sissi, il s\u2019est notamment rendu au Grand Mus\u00e9e \u00e9gyptien de Gizeh.<\/p>\n<p>Le dirigeant chinois avait auparavant \u00e9t\u00e9 re\u00e7u au palais pr\u00e9sidentiel d\u2019Ittihadiya, au Caire, o\u00f9 les deux chefs d\u2019\u00c9tat ont eu des entretiens consacr\u00e9s aux relations bilat\u00e9rales et \u00e0 la situation au Moyen-Orient.<\/p>\n<p>Un nouvel accord \u00e9conomique<\/p>\n<p>La visite est notamment plac\u00e9e sous le signe du renforcement des relations \u00e9conomiques entre P\u00e9kin et Le Caire, tous deux membres des BRICS.<\/p>\n<p>Les deux pays ont sign\u00e9 un accord pour lancer la troisi\u00e8me phase de leur zone industrielle commune. Selon les autorit\u00e9s \u00e9gyptiennes, celle-ci accueille d\u00e9j\u00e0 environ 200 entreprises et repr\u00e9sente pr\u00e8s de quatre milliards de dollars d\u2019investissements.<\/p>\n<p>Cette coop\u00e9ration industrielle illustre la volont\u00e9 de la Chine de renforcer ses liens \u00e9conomiques avec l\u2019\u00c9gypte, partenaire strat\u00e9gique situ\u00e9 au carrefour de l\u2019Afrique, du Moyen-Orient et des grandes routes commerciales internationales.<\/p>\n<p>Xi Jinping appelle \u00e0 rejeter les \u00ab\u00a0ing\u00e9rences ext\u00e9rieures\u00a0\u00bb<\/p>\n<p>Les tensions au Moyen-Orient ont \u00e9galement occup\u00e9 une place importante dans les discussions. Xi Jinping a appel\u00e9 \u00e0 s\u2019opposer aux \u00ab\u00a0ing\u00e9rences ext\u00e9rieures\u00a0\u00bb, estimant que les populations et les \u00c9tats de la r\u00e9gion doivent rester ma\u00eetres de leurs propres affaires.<\/p>\n<p>Le pr\u00e9sident chinois a \u00e9galement plaid\u00e9 pour un renforcement du dialogue sur les questions de paix et de s\u00e9curit\u00e9.<\/p>\n<p>Dans un contexte r\u00e9gional marqu\u00e9 par la guerre entre les \u00c9tats-Unis et l\u2019Iran, Xi Jinping a par ailleurs propos\u00e9 de travailler avec les pays de la r\u00e9gion pour s\u00e9curiser les voies maritimes internationales et d\u00e9velopper la coop\u00e9ration \u00e9conomique.<\/p>\n<p>Cette visite confirme ainsi la volont\u00e9 de P\u00e9kin de consolider son partenariat avec l\u2019\u00c9gypte et, plus largement, sa pr\u00e9sence \u00e9conomique et diplomatique au Moyen-Orient.<\/p>\n","protected":false},"excerpt":{"rendered":"Le pr\u00e9sident chinois Xi Jinping poursuit sa visite officielle en \u00c9gypte, la premi\u00e8re dans le pays depuis dix&hellip;\n","protected":false},"author":2,"featured_media":199577,"comment_status":"","ping_status":"","sticky":false,"template":"","format":"standard","meta":{"footnotes":"","_share_on_mastodon":"0"},"categories":[122],"tags":[139],"class_list":["post-199576","post","type-post","status-publish","format-standard","has-post-thumbnail","category-egypte","tag-egypte"],"share_on_mastodon":{"url":"https:\/\/pubeurope.com\/@afrique\/117209239600871862","error":""},"_links":{"self":[{"href":"https:\/\/www.europesays.com\/afrique\/wp-json\/wp\/v2\/posts\/199576","targetHints":{"allow":["GET"]}}],"collection":[{"href":"https:\/\/www.europesays.com\/afrique\/wp-json\/wp\/v2\/posts"}],"about":[{"href":"https:\/\/www.europesays.com\/afrique\/wp-json\/wp\/v2\/types\/post"}],"author":[{"embeddable":true,"href":"https:\/\/www.europesays.com\/afrique\/wp-json\/wp\/v2\/users\/2"}],"replies":[{"embeddable":true,"href":"https:\/\/www.europesays.com\/afrique\/wp-json\/wp\/v2\/comments?post=199576"}],"version-history":[{"count":0,"href":"https:\/\/www.europesays.com\/afrique\/wp-json\/wp\/v2\/posts\/199576\/revisions"}],"wp:featuredmedia":[{"embeddable":true,"href":"https:\/\/www.europesays.com\/afrique\/wp-json\/wp\/v2\/media\/199577"}],"wp:attachment":[{"href":"https:\/\/www.europesays.com\/afrique\/wp-json\/wp\/v2\/media?parent=199576"}],"wp:term":[{"taxonomy":"category","embeddable":true,"href":"https:\/\/www.europesays.com\/afrique\/wp-json\/wp\/v2\/categories?post=199576"},{"taxonomy":"post_tag","embeddable":true,"href":"https:\/\/www.europesays.com\/afrique\/wp-json\/wp\/v2\/tags?post=199576"}],"curies":[{"name":"wp","href":"https:\/\/api.w.org\/{rel}","templated":true}]}}