{"id":199590,"date":"2026-09-03T21:42:27","date_gmt":"2026-09-03T21:42:27","guid":{"rendered":"https:\/\/www.europesays.com\/afrique\/199590\/"},"modified":"2026-09-03T21:42:27","modified_gmt":"2026-09-03T21:42:27","slug":"cote-divoire-orpaillage-illegal-le-gouvernement-resserre-letau-autour-des-reseaux-de-financement-afema-la-nouvelle-arme-contre-le-phenomene","status":"publish","type":"post","link":"https:\/\/www.europesays.com\/afrique\/199590\/","title":{"rendered":"C\u00f4te d&rsquo;Ivoire : Orpaillage ill\u00e9gal, le gouvernement resserre l&rsquo;\u00e9tau autour des r\u00e9seaux de financement, Af\u00e9ma, la nouvelle arme contre le ph\u00e9nom\u00e8ne"},"content":{"rendered":"<p>\u00a0<\/p>\n<p>\u00a0<\/p>\n<p>\u00a0<\/p>\n<p>\u00a0<\/p>\n<p>        <a href=\"https:\/\/www.koaci.com\/index.php\/publicite\/redirect\/encart-1_131_173?redirect_url=https%3A%2F%2Fcoop-finance.com%2F\" target=\"_blank\" rel=\"nofollow noopener\"><br \/>\n            <img decoding=\"async\" src=\"https:\/\/www.europesays.com\/afrique\/wp-content\/uploads\/2026\/04\/1775156950_616_1_jpg_1766915908.jpg\" width=\"100%\"\/><br \/>\n        <\/a><\/p>\n<p>\u00a0<\/p>\n<p>\u00a9 Koaci.com &#8211; jeudi 03 septembre 2026 &#8211; 17:35<\/p>\n<p>Le gouvernement ivoirien entend intensifier la lutte contre l\u2019orpaillage clandestin en s\u2019appuyant davantage sur les communaut\u00e9s locales, le corps pr\u00e9fectoral et les chefs traditionnels. \u00c0<a href=\"https:\/\/www.koaci.com\/recherche?search=+Aboisso\" rel=\"nofollow noopener\" target=\"_blank\"> Aboisso<\/a>, dans la r\u00e9gion du <a href=\"https:\/\/www.koaci.com\/recherche?search=Sud-Como%C3%A9\" rel=\"nofollow noopener\" target=\"_blank\">Sud-Como\u00e9<\/a>, le ministre des<a href=\"https:\/\/www.koaci.com\/recherche?search=+Mines\" rel=\"nofollow noopener\" target=\"_blank\"> Mines<\/a>, du P\u00e9trole et de l\u2019\u00c9nergie,<a href=\"https:\/\/www.koaci.com\/recherche?search=+Mamadou+Sangafowa-Coulibaly\" rel=\"nofollow noopener\" target=\"_blank\"> Mamadou Sangafowa-Coulibaly<\/a>, a appel\u00e9 \u00e0 une mobilisation collective contre une pratique qu\u2019il consid\u00e8re d\u00e9sormais comme une menace pour l\u2019environnement, la sant\u00e9 publique et la stabilit\u00e9 du pays.<\/p>\n<p>La rencontre avec les populations du <a href=\"https:\/\/www.koaci.com\/recherche?search=Sud-Como%C3%A9\" rel=\"nofollow noopener\" target=\"_blank\">Sud-Como\u00e9<\/a>, organis\u00e9e dans le cadre de la tourn\u00e9e nationale de sensibilisation engag\u00e9e depuis d\u00e9cembre 2023, a permis au gouvernement d\u2019exposer sa strat\u00e9gie et d\u2019entendre les pr\u00e9occupations des \u00e9lus, cadres, chefs traditionnels, jeunes et acteurs locaux.<\/p>\n<p>\u00c0 l\u2019ouverture des \u00e9changes,<a href=\"https:\/\/www.koaci.com\/recherche?search=+Mamadou+Sangafowa-Coulibaly\" rel=\"nofollow noopener\" target=\"_blank\"> Mamadou Sangafowa-Coulibaly<\/a> a replac\u00e9 la politique mini\u00e8re ivoirienne dans la vision historique du d\u00e9veloppement du pays.<\/p>\n<p>Il a rappel\u00e9 que le pr\u00e9sident F\u00e9lix Houphou\u00ebt-Boigny avait fait, au lendemain de l\u2019ind\u00e9pendance, le choix de b\u00e2tir prioritairement le d\u00e9veloppement de la C\u00f4te d\u2019Ivoire sur l\u2019agriculture. Le p\u00e8re fondateur de la nation avait toutefois anticip\u00e9 l\u2019importance future du sous-sol ivoirien, estimant que son exploitation devait revenir aux g\u00e9n\u00e9rations futures.<\/p>\n<p>Selon le ministre, le pr\u00e9sident Alassane Ouattara s\u2019inscrit dans cette continuit\u00e9 tout en consid\u00e9rant que le moment est d\u00e9sormais venu pour la C\u00f4te d\u2019Ivoire de tirer davantage profit de ses ressources extractives.<\/p>\n<p>Cette orientation a conduit \u00e0 la mise en place d\u2019une politique int\u00e9gr\u00e9e des ressources min\u00e9rales et de l\u2019\u00e9nergie, fond\u00e9e notamment sur trois principes : l\u2019exploitation mini\u00e8re ne doit pas se faire au d\u00e9triment de l\u2019agriculture, elle doit pr\u00e9server l\u2019environnement et les richesses du sous-sol doivent profiter au plus grand nombre.<\/p>\n<p>Pour<a href=\"https:\/\/www.koaci.com\/recherche?search=+Mamadou+Sangafowa-Coulibaly\" rel=\"nofollow noopener\" target=\"_blank\"> Mamadou Sangafowa-Coulibaly<\/a>, la lutte contre l\u2019orpaillage clandestin ne peut toutefois se limiter \u00e0 des op\u00e9rations de r\u00e9pression.<\/p>\n<p>\u00ab Cette tourn\u00e9e que nous avons initi\u00e9e depuis d\u00e9cembre 2023 a pour objet principal de sensibiliser les communaut\u00e9s locales et de les int\u00e9grer dans la solution \u00bb, a-t-il expliqu\u00e9.<\/p>\n<p>Le ministre a surtout insist\u00e9 sur la n\u00e9cessit\u00e9 de proposer des alternatives \u00e9conomiques aux populations, notamment aux jeunes, afin de r\u00e9duire l\u2019attractivit\u00e9 de l\u2019exploitation ill\u00e9gale de l\u2019or.<\/p>\n<p>Il s\u2019est \u00e9galement f\u00e9licit\u00e9 d\u2019une prise de conscience qu\u2019il juge d\u00e9sormais collective. Selon lui, les Ivoiriens sont de plus en plus nombreux \u00e0 reconna\u00eetre les cons\u00e9quences de l\u2019orpaillage clandestin sur l\u2019environnement et la sant\u00e9.<\/p>\n<p>Il a estim\u00e9 que cette \u00e9volution constitue d\u00e9j\u00e0 \u00ab une grande victoire \u00bb<\/p>\n<p>Au-del\u00e0 de la sensibilisation, le gouvernement souhaite instaurer un suivi plus r\u00e9gulier de l\u2019activit\u00e9 mini\u00e8re sur le terrain.<\/p>\n<p>Le ministre a ainsi demand\u00e9 aux pr\u00e9fets de r\u00e9gion d\u2019organiser des r\u00e9unions de sensibilisation dans les chefs-lieux de d\u00e9partement. Les pr\u00e9fets de d\u00e9partement devront, \u00e0 leur tour, sillonner les sous-pr\u00e9fectures, tandis que les sous-pr\u00e9fets devront poursuivre la sensibilisation jusque dans les hameaux.<\/p>\n<p>Il leur a \u00e9galement demand\u00e9 de ne pas attendre la survenue d\u2019un incident avant de faire r\u00e9guli\u00e8rement le point sur l\u2019activit\u00e9 mini\u00e8re dans leurs circonscriptions.<\/p>\n<p>\u00ab Vous savez quels sont ceux qui sont en activit\u00e9 qu\u2019il s\u2019agisse des<a href=\"https:\/\/www.koaci.com\/recherche?search=+mines\" rel=\"nofollow noopener\" target=\"_blank\"> mines<\/a> industrielles, de la recherche, des<a href=\"https:\/\/www.koaci.com\/recherche?search=+mines\" rel=\"nofollow noopener\" target=\"_blank\"> mines<\/a> semi-industrielles ou artisanales. Il est donc bon de vous r\u00e9unir p\u00e9riodiquement pour faire le point de l\u2019activit\u00e9 mini\u00e8re dans la r\u00e9gion \u00bb, a-t-il indiqu\u00e9.<\/p>\n<p>Le ministre pr\u00e9conise notamment des r\u00e9unions semestrielles au niveau r\u00e9gional, trimestrielles au niveau d\u00e9partemental et un suivi quasiment mensuel au niveau des sous-pr\u00e9fectures.<\/p>\n<p>Au cours des \u00e9changes, plusieurs interventions ont port\u00e9 sur les responsabilit\u00e9s des diff\u00e9rents acteurs impliqu\u00e9s dans l\u2019orpaillage ill\u00e9gal et sur les cons\u00e9quences<a href=\"https:\/\/www.koaci.com\/recherche?search=+environnement\" rel=\"nofollow noopener\" target=\"_blank\"> environnement<\/a>ales de l\u2019activit\u00e9 mini\u00e8re.<\/p>\n<p>Le ministre a fermement rejet\u00e9 l\u2019id\u00e9e selon laquelle les exploitations mini\u00e8res l\u00e9galement autoris\u00e9es seraient assimilables aux activit\u00e9s clandestines.<\/p>\n<p><\/p>\n<p>\u00a0<\/p>\n<p>Il a rappel\u00e9 que les exploitants autoris\u00e9s sont soumis \u00e0 des r\u00e8gles pr\u00e9cises, notamment en mati\u00e8re d\u2019impact<a href=\"https:\/\/www.koaci.com\/recherche?search=+environnement\" rel=\"nofollow noopener\" target=\"_blank\"> environnement<\/a>al, de superficie d\u2019exploitation et de profondeur.<\/p>\n<p>Selon lui, les sites l\u00e9gaux font l\u2019objet de contr\u00f4les par les services comp\u00e9tents, notamment l\u2019Agence nationale de l\u2019environnement (ANDE), le Centre ivoirien antipollution (CIAPOL) et les services du<a href=\"https:\/\/www.koaci.com\/recherche?search=+minist%C3%A8re\" rel=\"nofollow noopener\" target=\"_blank\"> minist\u00e8re<\/a> charg\u00e9 des<a href=\"https:\/\/www.koaci.com\/recherche?search=+Mines\" rel=\"nofollow noopener\" target=\"_blank\"> Mines<\/a>.<\/p>\n<p>Il a \u00e9galement soulign\u00e9 que les exploitations artisanales et semi-industrielles autoris\u00e9es sont encadr\u00e9es par le Code minier et que l\u2019utilisation de produits chimiques y est interdite.<\/p>\n<p>Pour le ministre, cette r\u00e9glementation constitue pr\u00e9cis\u00e9ment la ligne de d\u00e9marcation entre l\u2019exploitation l\u00e9gale et l\u2019orpaillage clandestin, ce dernier s&rsquo;installant, selon lui, sans tenir compte des zones interdites, des cours d\u2019eau ou des for\u00eats class\u00e9es.<\/p>\n<p>La rencontre d\u2019Aboisso a \u00e9galement \u00e9t\u00e9 marqu\u00e9e par une intervention appelant les autorit\u00e9s \u00e0 s\u2019int\u00e9resser aux commanditaires et aux circuits financiers qui alimentent l\u2019orpaillage clandestin.<\/p>\n<p>La question pos\u00e9e est celle de la cha\u00eene qui se trouve derri\u00e8re les exploitants pr\u00e9sents sur le terrain : financement des engins, approvisionnement en carburant, r\u00e9cup\u00e9ration et commercialisation de l\u2019or. Le ministre a reconnu la pertinence de cette approche.<\/p>\n<p>Pour lui, la lutte ne peut effectivement pas se limiter \u00e0 ceux qui se trouvent sur les sites d\u2019exploitation.<\/p>\n<p>Il a admis l\u2019existence possible de complicit\u00e9s impliquant certains acteurs install\u00e9s \u00e0 Abidjan, mais aussi des relais locaux.<\/p>\n<p>\u00ab La solution sera globale \u00bb, a-t-il insist\u00e9, reconnaissant que la cha\u00eene de l\u2019orpaillage clandestin peut impliquer plusieurs niveaux d\u2019intervention.<\/p>\n<p>Mamadou Sangafowa-Coulibaly a par ailleurs contest\u00e9 l\u2019id\u00e9e selon laquelle les orpailleurs clandestins seraient totalement ind\u00e9pendants des autorit\u00e9s traditionnelles et des communaut\u00e9s locales.<\/p>\n<p>Selon lui, dans plusieurs zones, les exploitants ill\u00e9gaux cherchent \u00e0 obtenir l\u2019appui ou la protection de communaut\u00e9s, de jeunes, de propri\u00e9taires terriens ou m\u00eame de certains responsables locaux.<\/p>\n<p>Il a cit\u00e9 le cas de zones o\u00f9 des exploitants clandestins auraient financ\u00e9 des populations afin de s\u2019opposer \u00e0 l\u2019installation de projets miniers industriels l\u00e9galement autoris\u00e9s.<\/p>\n<p>Pour le ministre, cette situation montre que le ph\u00e9nom\u00e8ne doit \u00eatre trait\u00e9 \u00e0 la fois sur le terrain, au niveau communautaire, et \u00e0 un niveau sup\u00e9rieur, en remontant les circuits de financement et de commercialisation.\u00a0<\/p>\n<p>Dans son propos de cl\u00f4ture, le ministre a \u00e9galement alert\u00e9 sur le risque de voir l\u2019orpaillage clandestin devenir progressivement une \u00e9conomie parall\u00e8le suffisamment puissante pour fragiliser l\u2019autorit\u00e9 de l\u2019\u00c9tat.<\/p>\n<p>Il a \u00e9voqu\u00e9 des situations observ\u00e9es dans certains pays o\u00f9 les exploitants clandestins disposent de moyens financiers consid\u00e9rables et peuvent aller jusqu\u2019\u00e0 d\u00e9fier les autorit\u00e9s traditionnelles.<\/p>\n<p>\u00ab Dans les pays o\u00f9 ils ont atteint le point de non-retour, c\u2019est une \u00e9conomie parall\u00e8le qui devient quasiment plus puissante que l\u2019\u00e9conomie formelle et qui m\u00e9tastase le corps social \u00bb, a-t-il averti.<\/p>\n<p>Pour la C\u00f4te d\u2019Ivoire, le ministre estime toutefois que ce point de non-retour n\u2019est pas atteint et que le pays dispose encore des moyens n\u00e9cessaires pour inverser la tendance.<\/p>\n<p>C\u2019est notamment pour cette raison que le pr\u00e9sident Alassane Ouattara aurait \u00e9rig\u00e9 la lutte contre l\u2019orpaillage clandestin au rang de question de<a href=\"https:\/\/www.koaci.com\/recherche?search=+s%C3%A9curit%C3%A9+nationale\" rel=\"nofollow noopener\" target=\"_blank\"> s\u00e9curit\u00e9 nationale<\/a>.<\/p>\n<p><\/p>\n<p>\u00a0<\/p>\n<p>L\u2019autre annonce forte de la rencontre concerne le projet minier d\u2019Af\u00e9ma, dans le <a href=\"https:\/\/www.koaci.com\/recherche?search=Sud-Como%C3%A9\" rel=\"nofollow noopener\" target=\"_blank\">Sud-Como\u00e9<\/a>.<a href=\"https:\/\/www.koaci.com\/recherche?search=+Mamadou+Sangafowa-Coulibaly\" rel=\"nofollow noopener\" target=\"_blank\"> Mamadou Sangafowa-Coulibaly<\/a> a r\u00e9v\u00e9l\u00e9 que le permis attribu\u00e9 pr\u00e9c\u00e9demment, sur la p\u00e9riode allant de 2013 \u00e0 2022, n\u2019avait pas produit les r\u00e9sultats escompt\u00e9s. Le permis a donc \u00e9t\u00e9 attribu\u00e9 en 2022 \u00e0 un nouveau repreneur.<\/p>\n<p>Selon les donn\u00e9es communiqu\u00e9es par le ministre, les ressources prouv\u00e9es du projet sont depuis pass\u00e9es de 43 tonnes \u00e0 plus de 100 tonnes d\u2019or, faisant d\u2019Af\u00e9ma, selon lui, une mine de classe mondiale.<\/p>\n<p>Pour le gouvernement, cette \u00e9volution repr\u00e9sente une opportunit\u00e9 majeure pour le <a href=\"https:\/\/www.koaci.com\/recherche?search=Sud-Como%C3%A9\" rel=\"nofollow noopener\" target=\"_blank\">Sud-Como\u00e9<\/a>.<\/p>\n<p>\u00ab Les<a href=\"https:\/\/www.koaci.com\/recherche?search=+mines\" rel=\"nofollow noopener\" target=\"_blank\"> mines<\/a> industrielles sont un frein \u00e0 l\u2019orpaillage ill\u00e9gal \u00bb, a expliqu\u00e9 le ministre, estimant que l\u2019installation d\u2019une grande exploitation industrielle peut contribuer \u00e0 transformer durablement l\u2019\u00e9conomie locale.<\/p>\n<p>Le gouvernement entend surtout \u00e9viter que les b\u00e9n\u00e9fices des futures grandes<a href=\"https:\/\/www.koaci.com\/recherche?search=+mines\" rel=\"nofollow noopener\" target=\"_blank\"> mines<\/a> ne se limitent au p\u00e9rim\u00e8tre des exploitations.<\/p>\n<p>Mamadou Sangafowa-Coulibaly a annonc\u00e9 que les grandes<a href=\"https:\/\/www.koaci.com\/recherche?search=+mines\" rel=\"nofollow noopener\" target=\"_blank\"> mines<\/a> de classe mondiale devront int\u00e9grer des programmes d\u2019investissement dans les communaut\u00e9s environnantes.<\/p>\n<p>Ces investissements devraient notamment concerner l\u2019\u00e9ducation, la formation ainsi que la r\u00e9alisation d\u2019infrastructures \u00e9conomiques et sociales.<\/p>\n<p>L&rsquo;objectif affich\u00e9 est de permettre aux territoires miniers de continuer \u00e0 b\u00e9n\u00e9ficier des retomb\u00e9es \u00e9conomiques des projets, y compris apr\u00e8s la fin de l\u2019exploitation. Le ministre a cit\u00e9 le Botswana comme mod\u00e8le de r\u00e9f\u00e9rence pour cette approche.<\/p>\n<p>Une mobilisation collective attendue<\/p>\n<p>Au terme de la rencontre, le gouvernement a donc appel\u00e9 \u00e0 une mobilisation de l\u2019ensemble des acteurs : administration, forces de d\u00e9fense et de s\u00e9curit\u00e9, \u00e9lus, chefs traditionnels, propri\u00e9taires terriens, jeunes et populations locales.<\/p>\n<p>L\u2019enjeu d\u00e9passe d\u00e9sormais la seule question de l\u2019exploitation de l\u2019or. Pour les autorit\u00e9s, il s\u2019agit de prot\u00e9ger les ressources en eau, l\u2019environnement, la sant\u00e9 des populations et, plus largement, de pr\u00e9server l\u2019autorit\u00e9 de l\u2019\u00c9tat.<\/p>\n<p>\u00c0<a href=\"https:\/\/www.koaci.com\/recherche?search=+Aboisso\" rel=\"nofollow noopener\" target=\"_blank\"> Aboisso<\/a>, le message du gouvernement est donc clair : la lutte contre l\u2019orpaillage clandestin doit s\u2019attaquer simultan\u00e9ment aux exploitants pr\u00e9sents sur les sites, aux r\u00e9seaux qui les financent, aux circuits de commercialisation et aux \u00e9ventuelles complicit\u00e9s locales ou nationales.<\/p>\n<p>Avec l\u2019annonce des nouvelles perspectives pour<a href=\"https:\/\/www.koaci.com\/recherche?search=+Af%C3%A9ma\" rel=\"nofollow noopener\" target=\"_blank\"> Af\u00e9ma<\/a>, les autorit\u00e9s veulent parall\u00e8lement d\u00e9montrer que l\u2019exploitation industrielle et l\u00e9galement encadr\u00e9e du sous-sol peut constituer une alternative \u00e9conomique durable \u00e0 l\u2019orpaillage clandestin, \u00e0 condition que ses retomb\u00e9es profitent r\u00e9ellement aux communaut\u00e9s.<\/p>\n<p>Wassimagnon<\/p>\n<p>\u00a0<\/p>\n<p>\u00a0<\/p>\n<p>                    <img decoding=\"async\" src=\"https:\/\/www.europesays.com\/afrique\/wp-content\/uploads\/2026\/04\/1775156951_759_user0.jpg\" width=\"50\" alt=\"\" class=\"KoaciRounded\"\/><\/p>\n<p>\u00a0 Par Koaci<\/p>\n<p>\u00a0<\/p>\n<p>\u00a0<\/p>\n","protected":false},"excerpt":{"rendered":"\u00a0 \u00a0 \u00a0 \u00a0 \u00a0 \u00a9 Koaci.com &#8211; jeudi 03 septembre 2026 &#8211; 17:35 Le gouvernement ivoirien entend&hellip;\n","protected":false},"author":2,"featured_media":199591,"comment_status":"","ping_status":"","sticky":false,"template":"","format":"standard","meta":{"footnotes":"","_share_on_mastodon":"0"},"categories":[154],"tags":[281,280,216,251,279,294],"class_list":["post-199590","post","type-post","status-publish","format-standard","has-post-thumbnail","category-cote-divoire","tag-actualite","tag-article","tag-cote-divoire","tag-info","tag-koaci","tag-koaci-cote-d"],"share_on_mastodon":{"url":"https:\/\/pubeurope.com\/@afrique\/117209290916151221","error":""},"_links":{"self":[{"href":"https:\/\/www.europesays.com\/afrique\/wp-json\/wp\/v2\/posts\/199590","targetHints":{"allow":["GET"]}}],"collection":[{"href":"https:\/\/www.europesays.com\/afrique\/wp-json\/wp\/v2\/posts"}],"about":[{"href":"https:\/\/www.europesays.com\/afrique\/wp-json\/wp\/v2\/types\/post"}],"author":[{"embeddable":true,"href":"https:\/\/www.europesays.com\/afrique\/wp-json\/wp\/v2\/users\/2"}],"replies":[{"embeddable":true,"href":"https:\/\/www.europesays.com\/afrique\/wp-json\/wp\/v2\/comments?post=199590"}],"version-history":[{"count":0,"href":"https:\/\/www.europesays.com\/afrique\/wp-json\/wp\/v2\/posts\/199590\/revisions"}],"wp:featuredmedia":[{"embeddable":true,"href":"https:\/\/www.europesays.com\/afrique\/wp-json\/wp\/v2\/media\/199591"}],"wp:attachment":[{"href":"https:\/\/www.europesays.com\/afrique\/wp-json\/wp\/v2\/media?parent=199590"}],"wp:term":[{"taxonomy":"category","embeddable":true,"href":"https:\/\/www.europesays.com\/afrique\/wp-json\/wp\/v2\/categories?post=199590"},{"taxonomy":"post_tag","embeddable":true,"href":"https:\/\/www.europesays.com\/afrique\/wp-json\/wp\/v2\/tags?post=199590"}],"curies":[{"name":"wp","href":"https:\/\/api.w.org\/{rel}","templated":true}]}}