{"id":199592,"date":"2026-09-03T21:51:43","date_gmt":"2026-09-03T21:51:43","guid":{"rendered":"https:\/\/www.europesays.com\/afrique\/199592\/"},"modified":"2026-09-03T21:51:43","modified_gmt":"2026-09-03T21:51:43","slug":"legypte-ouverte-aux-partenariats-internationaux-pour-renforcer-sa-position-de-pole-regional-des-donnees","status":"publish","type":"post","link":"https:\/\/www.europesays.com\/afrique\/199592\/","title":{"rendered":"L\u2019\u00c9gypte ouverte aux partenariats internationaux pour renforcer sa position de p\u00f4le r\u00e9gional des donn\u00e9es"},"content":{"rendered":"<p style=\"text-align: justify;\">Le ministre des T\u00e9l\u00e9communications et des Technologies de l\u2019information, Raafat Hendy, a affirm\u00e9 que l\u2019\u00c9gypte \u00e9tait ouverte aux partenariats internationaux avec les entreprises et institutions sp\u00e9cialis\u00e9es dans les centres de donn\u00e9es et les infrastructures num\u00e9riques, afin de renforcer sa position en tant que p\u00f4le r\u00e9gional des donn\u00e9es.<\/p>\n<p style=\"text-align: justify;\">\u00ab L\u2019\u00c9tat est favorable aux investissements de qualit\u00e9 qui contribuent au transfert et \u00e0 la localisation des technologies modernes. \u00ab Nous soutenons la mise en place d\u2019un \u00e9cosyst\u00e8me int\u00e9gr\u00e9 de centres de donn\u00e9es et d\u2019intelligence artificielle au service de l\u2019\u00c9gypte et des march\u00e9s r\u00e9gionaux et internationaux \u00bb, a d\u00e9clar\u00e9 M. Hendy lors d\u2019un entretien avec la soci\u00e9t\u00e9 Heka et une alliance am\u00e9ricaine sp\u00e9cialis\u00e9e dans le d\u00e9veloppement du secteur des centres de donn\u00e9es.<\/p>\n<p style=\"text-align: justify;\">Les discussions ont port\u00e9 sur les projets de l\u2019entreprise visant \u00e0 cr\u00e9er en \u00c9gypte un p\u00f4le int\u00e9gr\u00e9 consacr\u00e9 aux centres de donn\u00e9es \u00e0 grande \u00e9chelle et \u00e0 l\u2019intelligence artificielle, ainsi que sur les moyens de tirer parti des atouts comp\u00e9titifs du pays pour en faire un p\u00f4le r\u00e9gional et international dans les domaines des centres de donn\u00e9es, du cloud computing et des services num\u00e9riques.<\/p>\n<p style=\"text-align: justify;\">Source : MENA<\/p>\n<p>            <a class=\"text-reader sound\" href=\"https:\/\/sis.gov.eg\/fr\/centre-m%C3%A9diatique\/actualit%C3%A9s\/l-%C3%A9gypte-ouverte-aux-partenariats-internationaux-pour-renforcer-sa-position-de-p%C3%B4le-r%C3%A9gional-des-donn%C3%A9es\/javascript:void(0)\" data-text=\"L\u2019\u00c9gypte ouverte aux partenariats internationaux pour renforcer sa position de p\u00f4le r\u00e9gional des donn\u00e9es.  Cr\u00e9er un rendez-vous.  03 septembre 2026Date de derni\u00e8re mise \u00e0 jour.  03 septembre 2026.  Le ministre des T\u00e9l\u00e9communications et des Technologies de l\u2019information, Raafat Hendy, a affirm\u00e9 que l\u2019\u00c9gypte \u00e9tait ouverte aux partenariats internationaux avec les entreprises et institutions sp\u00e9cialis\u00e9es dans les centres de donn\u00e9es et les infrastructures num\u00e9riques, afin de renforcer sa position en tant que p\u00f4le r\u00e9gional des donn\u00e9es.&#013;&#010;\u00ab L\u2019\u00c9tat est favorable aux investissements de qualit\u00e9 qui contribuent au transfert et \u00e0 la localisation des technologies modernes. \u00ab Nous soutenons la mise en place d\u2019un \u00e9cosyst\u00e8me int\u00e9gr\u00e9 de centres de donn\u00e9es et d\u2019intelligence artificielle au service de l\u2019\u00c9gypte et des march\u00e9s r\u00e9gionaux et internationaux \u00bb, a d\u00e9clar\u00e9 M. Hendy lors d\u2019un entretien avec la soci\u00e9t\u00e9 Heka et une alliance am\u00e9ricaine sp\u00e9cialis\u00e9e dans le d\u00e9veloppement du secteur des centres de donn\u00e9es.&#013;&#010;Les discussions ont port\u00e9 sur les projets de l\u2019entreprise visant \u00e0 cr\u00e9er en \u00c9gypte un p\u00f4le int\u00e9gr\u00e9 consacr\u00e9 aux centres de donn\u00e9es \u00e0 grande \u00e9chelle et \u00e0 l\u2019intelligence artificielle, ainsi que sur les moyens de tirer parti des atouts comp\u00e9titifs du pays pour en faire un p\u00f4le r\u00e9gional et international dans les domaines des centres de donn\u00e9es, du cloud computing et des services num\u00e9riques.&#013;&#010;Source : MENA.  \" data-toggle=\"tooltip\" data-placement=\"top\" title=\"jouer son\" rel=\"nofollow noopener\" target=\"_blank\">&#13;<br \/>\n                <img decoding=\"async\" src=\"https:\/\/sis.gov.eg\/Assets\/Images\/SVGs\/soundIcon.svg\"\/>&#13;<br \/>\n            <\/a><\/p>\n<p>\u00c9coutez le mot paragraphe<\/p>\n","protected":false},"excerpt":{"rendered":"Le ministre des T\u00e9l\u00e9communications et des Technologies de l\u2019information, Raafat Hendy, a affirm\u00e9 que l\u2019\u00c9gypte \u00e9tait ouverte aux&hellip;\n","protected":false},"author":2,"featured_media":199593,"comment_status":"","ping_status":"","sticky":false,"template":"","format":"standard","meta":{"footnotes":"","_share_on_mastodon":"0"},"categories":[122],"tags":[139],"class_list":["post-199592","post","type-post","status-publish","format-standard","has-post-thumbnail","category-egypte","tag-egypte"],"share_on_mastodon":{"url":"https:\/\/pubeurope.com\/@afrique\/117209326495101528","error":""},"_links":{"self":[{"href":"https:\/\/www.europesays.com\/afrique\/wp-json\/wp\/v2\/posts\/199592","targetHints":{"allow":["GET"]}}],"collection":[{"href":"https:\/\/www.europesays.com\/afrique\/wp-json\/wp\/v2\/posts"}],"about":[{"href":"https:\/\/www.europesays.com\/afrique\/wp-json\/wp\/v2\/types\/post"}],"author":[{"embeddable":true,"href":"https:\/\/www.europesays.com\/afrique\/wp-json\/wp\/v2\/users\/2"}],"replies":[{"embeddable":true,"href":"https:\/\/www.europesays.com\/afrique\/wp-json\/wp\/v2\/comments?post=199592"}],"version-history":[{"count":0,"href":"https:\/\/www.europesays.com\/afrique\/wp-json\/wp\/v2\/posts\/199592\/revisions"}],"wp:featuredmedia":[{"embeddable":true,"href":"https:\/\/www.europesays.com\/afrique\/wp-json\/wp\/v2\/media\/199593"}],"wp:attachment":[{"href":"https:\/\/www.europesays.com\/afrique\/wp-json\/wp\/v2\/media?parent=199592"}],"wp:term":[{"taxonomy":"category","embeddable":true,"href":"https:\/\/www.europesays.com\/afrique\/wp-json\/wp\/v2\/categories?post=199592"},{"taxonomy":"post_tag","embeddable":true,"href":"https:\/\/www.europesays.com\/afrique\/wp-json\/wp\/v2\/tags?post=199592"}],"curies":[{"name":"wp","href":"https:\/\/api.w.org\/{rel}","templated":true}]}}