{"id":199607,"date":"2026-09-03T22:12:29","date_gmt":"2026-09-03T22:12:29","guid":{"rendered":"https:\/\/www.europesays.com\/afrique\/199607\/"},"modified":"2026-09-03T22:12:29","modified_gmt":"2026-09-03T22:12:29","slug":"annonce-de-la-date-du-match-entre-legypte-et-lafrique-du-sud-2","status":"publish","type":"post","link":"https:\/\/www.europesays.com\/afrique\/199607\/","title":{"rendered":"Annonce de la date du match entre l&rsquo;\u00c9gypte et l&rsquo;Afrique du Sud"},"content":{"rendered":"<p data-testid=\"article-teaser\">L&rsquo;affrontement se tiendra au Caire.<\/p>\n<p>Le staff technique de la s\u00e9lection \u00e9gyptienne a annonc\u00e9 la disputer d&rsquo;un match amical face \u00e0 l&rsquo;Afrique du Sud, dans le cadre de la pr\u00e9paration aux \u00e9liminatoires qualificatives pour la Coupe d&rsquo;Afrique des nations 2027.<\/p>\n<p style=\"text-align:start\">Vous pouvez discuter des sujets et des actualit\u00e9s plus en profondeur sur les forums de \u00ab Kooora \u00bb.<\/p>\n<p>Ibrahim Hassan, directeur de la s\u00e9lection nationale \u00e9gyptienne de football, a confirm\u00e9 que le choix s&rsquo;est port\u00e9 sur une rencontre amicale face \u00e0 l&rsquo;Afrique du Sud, \u00e0 21 heures le 4 octobre prochain, dans le cadre de la pr\u00e9paration aux \u00e9liminatoires qualificatives pour la Coupe d&rsquo;Afrique des nations 2027.<\/p>\n<p>Hassan a ajout\u00e9, dans un communiqu\u00e9 officiel, que le stade du Caire accueillera le match amical entre les s\u00e9lections d&rsquo;\u00c9gypte et d&rsquo;Afrique du Sud.<\/p>\n<p>\u00c0 noter que la s\u00e9lection \u00e9gyptienne disputera, lors du rassemblement de septembre en cours, deux matches face \u00e0 l&rsquo;Angola le 25 septembre au stade du Caire, puis face au Soudan du Sud le 29 septembre, \u00e0 Djouba au Soudan du Sud, lors des premi\u00e8re et deuxi\u00e8me journ\u00e9es des \u00e9liminatoires qualificatives pour la Coupe d&rsquo;Afrique des nations 2027.<\/p>\n<p style=\"text-align:start\">Vous pouvez discuter des sujets et des actualit\u00e9s plus en profondeur sur les forums de \u00ab Kooora \u00bb.<\/p>\n","protected":false},"excerpt":{"rendered":"L&rsquo;affrontement se tiendra au Caire. Le staff technique de la s\u00e9lection \u00e9gyptienne a annonc\u00e9 la disputer d&rsquo;un match&hellip;\n","protected":false},"author":2,"featured_media":199608,"comment_status":"","ping_status":"","sticky":false,"template":"","format":"standard","meta":{"footnotes":"","_share_on_mastodon":"0"},"categories":[122],"tags":[56669,140,237,1072,60690,139,60688,753,22191,60691,60687,60689],"class_list":["post-199607","post","type-post","status-publish","format-standard","has-post-thumbnail","category-egypte","tag-africa-cup-of-nations-qualification","tag-afrique-du-sud","tag-angola","tag-egypt","tag-egypt-vs-angola","tag-egypte","tag-egypte-vs-angola","tag-south-africa","tag-south-sudan","tag-south-sudan-vs-egypt","tag-sud-soudan","tag-sud-soudan-vs-egypte"],"share_on_mastodon":{"url":"https:\/\/pubeurope.com\/@afrique\/117209408586307765","error":""},"_links":{"self":[{"href":"https:\/\/www.europesays.com\/afrique\/wp-json\/wp\/v2\/posts\/199607","targetHints":{"allow":["GET"]}}],"collection":[{"href":"https:\/\/www.europesays.com\/afrique\/wp-json\/wp\/v2\/posts"}],"about":[{"href":"https:\/\/www.europesays.com\/afrique\/wp-json\/wp\/v2\/types\/post"}],"author":[{"embeddable":true,"href":"https:\/\/www.europesays.com\/afrique\/wp-json\/wp\/v2\/users\/2"}],"replies":[{"embeddable":true,"href":"https:\/\/www.europesays.com\/afrique\/wp-json\/wp\/v2\/comments?post=199607"}],"version-history":[{"count":0,"href":"https:\/\/www.europesays.com\/afrique\/wp-json\/wp\/v2\/posts\/199607\/revisions"}],"wp:featuredmedia":[{"embeddable":true,"href":"https:\/\/www.europesays.com\/afrique\/wp-json\/wp\/v2\/media\/199608"}],"wp:attachment":[{"href":"https:\/\/www.europesays.com\/afrique\/wp-json\/wp\/v2\/media?parent=199607"}],"wp:term":[{"taxonomy":"category","embeddable":true,"href":"https:\/\/www.europesays.com\/afrique\/wp-json\/wp\/v2\/categories?post=199607"},{"taxonomy":"post_tag","embeddable":true,"href":"https:\/\/www.europesays.com\/afrique\/wp-json\/wp\/v2\/tags?post=199607"}],"curies":[{"name":"wp","href":"https:\/\/api.w.org\/{rel}","templated":true}]}}