{"id":199620,"date":"2026-09-03T22:25:19","date_gmt":"2026-09-03T22:25:19","guid":{"rendered":"https:\/\/www.europesays.com\/afrique\/199620\/"},"modified":"2026-09-03T22:25:19","modified_gmt":"2026-09-03T22:25:19","slug":"cote-divoire-rentree-scolaire-nguessan-koffi-aucun-etablissement-ne-peut-imposer-aux-eleves-lacquisition-de-manuels-ne-figurant-pas-sur-la-liste-nationale-retenue","status":"publish","type":"post","link":"https:\/\/www.europesays.com\/afrique\/199620\/","title":{"rendered":"C\u00f4te d&rsquo;Ivoire : Rentr\u00e9e Scolaire, N&rsquo;Guessan Koffi : \u00ab Aucun \u00e9tablissement ne peut imposer aux \u00e9l\u00e8ves l&rsquo;acquisition de manuels ne figurant pas sur la liste nationale retenue \u00bb"},"content":{"rendered":"<p>\u00a9 Koaci.com &#8211; jeudi 03 septembre 2026 &#8211; 16:35<\/p>\n<p>Le Ministre N\u2019Guessan Koffi (DR)\u00a0<\/p>\n<p>Le Gouvernement entend renforcer progressivement la ma\u00eetrise publique des contenus des manuels scolaires et des supports didactiques.\u00a0<\/p>\n<p>Dans le cadre de la <a href=\"https:\/\/www.koaci.com\/recherche?search=Rentr%C3%A9e\" rel=\"nofollow noopener\" target=\"_blank\">Rentr\u00e9e<\/a> Scolaire 2026-2027, le Gouvernement entend renforcer progressivement la ma\u00eetrise publique des contenus des manuels scolaires et des supports didactiques.\u00a0<\/p>\n<p>Face \u00e0 la pluralit\u00e9 des manuels utilis\u00e9s pour une m\u00eame discipline et un m\u00eame niveau, \u00e0 l\u2019instabilit\u00e9 des listes prescrites aux familles, aux pratiques locales divergentes, aux charges suppl\u00e9mentaires support\u00e9es par les parents d\u2019<a href=\"https:\/\/www.koaci.com\/recherche?search=%C3%A9l%C3%A8ves\" rel=\"nofollow noopener\" target=\"_blank\">\u00e9l\u00e8ves<\/a> et \u00e0 la faible harmonisation des supports utilis\u00e9s en classe, Monsieur N\u2019Guessan Koffi, Ministre de l\u2019\u00c9ducation Nationale, de l\u2019Alphab\u00e9tisation et de l\u2019Enseignement Technique , indique que, le Gouvernement entend renforcer progressivement la ma\u00eetrise publique des contenus des manuels scolaires et des supports didactiques.<\/p>\n<p><\/p>\n<p>Selon lui, cette d\u00e9marche vise \u00e9galement \u00e0 am\u00e9liorer la mise en \u0153uvre des dispositifs publics, notamment la Bourse Nationale des Manuels Scolaires, et \u00e0 garantir une plus grande \u00e9quit\u00e9 dans l\u2019acc\u00e8s aux supports p\u00e9dagogiques.<\/p>\n<p>\u00c0 cet effet, la liste nationale des manuels scolaires et supports didactiques retenus au titre de l\u2019ann\u00e9e scolaire 2026-2027 est d\u00e9sormais disponible.<\/p>\n<p>\u00ab En cons\u00e9quence, aucun \u00e9tablissement public ou priv\u00e9, conseil d\u2019enseignement, unit\u00e9 p\u00e9dagogique ou structure locale ne peut imposer aux <a href=\"https:\/\/www.koaci.com\/recherche?search=%C3%A9l%C3%A8ves\" rel=\"nofollow noopener\" target=\"_blank\">\u00e9l\u00e8ves<\/a> ou \u00e0 leurs familles l\u2019acquisition ou l\u2019utilisation de manuels ou de supports didactiques ne figurant pas sur la liste nationale retenue \u00bb, a-t-il conclu.\u00a0<\/p>\n<p>Donatien Kautcha, Abidjan\u00a0<\/p>\n","protected":false},"excerpt":{"rendered":"\u00a9 Koaci.com &#8211; jeudi 03 septembre 2026 &#8211; 16:35 Le Ministre N\u2019Guessan Koffi (DR)\u00a0 Le Gouvernement entend renforcer&hellip;\n","protected":false},"author":2,"featured_media":199621,"comment_status":"","ping_status":"","sticky":false,"template":"","format":"standard","meta":{"footnotes":"","_share_on_mastodon":"0"},"categories":[154],"tags":[281,280,216,251,279,294],"class_list":["post-199620","post","type-post","status-publish","format-standard","has-post-thumbnail","category-cote-divoire","tag-actualite","tag-article","tag-cote-divoire","tag-info","tag-koaci","tag-koaci-cote-d"],"share_on_mastodon":{"url":"https:\/\/pubeurope.com\/@afrique\/117209459883705145","error":""},"_links":{"self":[{"href":"https:\/\/www.europesays.com\/afrique\/wp-json\/wp\/v2\/posts\/199620","targetHints":{"allow":["GET"]}}],"collection":[{"href":"https:\/\/www.europesays.com\/afrique\/wp-json\/wp\/v2\/posts"}],"about":[{"href":"https:\/\/www.europesays.com\/afrique\/wp-json\/wp\/v2\/types\/post"}],"author":[{"embeddable":true,"href":"https:\/\/www.europesays.com\/afrique\/wp-json\/wp\/v2\/users\/2"}],"replies":[{"embeddable":true,"href":"https:\/\/www.europesays.com\/afrique\/wp-json\/wp\/v2\/comments?post=199620"}],"version-history":[{"count":0,"href":"https:\/\/www.europesays.com\/afrique\/wp-json\/wp\/v2\/posts\/199620\/revisions"}],"wp:featuredmedia":[{"embeddable":true,"href":"https:\/\/www.europesays.com\/afrique\/wp-json\/wp\/v2\/media\/199621"}],"wp:attachment":[{"href":"https:\/\/www.europesays.com\/afrique\/wp-json\/wp\/v2\/media?parent=199620"}],"wp:term":[{"taxonomy":"category","embeddable":true,"href":"https:\/\/www.europesays.com\/afrique\/wp-json\/wp\/v2\/categories?post=199620"},{"taxonomy":"post_tag","embeddable":true,"href":"https:\/\/www.europesays.com\/afrique\/wp-json\/wp\/v2\/tags?post=199620"}],"curies":[{"name":"wp","href":"https:\/\/api.w.org\/{rel}","templated":true}]}}