{"id":199638,"date":"2026-09-03T22:46:42","date_gmt":"2026-09-03T22:46:42","guid":{"rendered":"https:\/\/www.europesays.com\/afrique\/199638\/"},"modified":"2026-09-03T22:46:42","modified_gmt":"2026-09-03T22:46:42","slug":"cote-divoire-le-patrouilleur-contre-amiral-fadika-de-retour-apres-une-mission-regionale-reussie-ayant-inclut-une-escale-au-liberia-et-larraisonnement-du-navire-ib-atlantic-4","status":"publish","type":"post","link":"https:\/\/www.europesays.com\/afrique\/199638\/","title":{"rendered":"C\u00f4te d&rsquo;Ivoire : Le patrouilleur \u00ab Contre-Amiral Fadika \u00bb de retour apr\u00e8s une mission r\u00e9gionale r\u00e9ussie, ayant inclut une escale au Lib\u00e9ria et l&rsquo;arraisonnement du navire \u00ab IB Atlantic 4 \u00bb"},"content":{"rendered":"<p>\u00a9 Koaci.com &#8211; jeudi 03 septembre 2026 &#8211; 16:15<\/p>\n<p>Le retour du <a href=\"https:\/\/www.koaci.com\/recherche?search=Patrouilleur\" rel=\"nofollow noopener\" target=\"_blank\">Patrouilleur<\/a> ce jeudi \u00e0 Abidjan (DR)<\/p>\n<p>\u00a0<\/p>\n<p>Le <a href=\"https:\/\/www.koaci.com\/recherche?search=Patrouilleur\" rel=\"nofollow noopener\" target=\"_blank\">Patrouilleur<\/a> de Haute Mer (PHM) \u00ab Contre-Amiral <a href=\"https:\/\/www.koaci.com\/recherche?search=Fadika\" rel=\"nofollow noopener\" target=\"_blank\">Fadika<\/a> de retour au pays apr\u00e8s une <a href=\"https:\/\/www.koaci.com\/recherche?search=mission\" rel=\"nofollow noopener\" target=\"_blank\">mission<\/a> r\u00e9gionale couronn\u00e9e par une escale au Lib\u00e9ria et l\u2019escorte du navire \u00ab <a href=\"https:\/\/www.koaci.com\/recherche?search=IB+Atlantic\" rel=\"nofollow noopener\" target=\"_blank\">IB Atlantic<\/a> 4 \u00bb.\u00a0<\/p>\n<p>La <a href=\"https:\/\/www.koaci.com\/recherche?search=Marine\" rel=\"nofollow noopener\" target=\"_blank\">Marine<\/a> nationale ivoirienne a proc\u00e9d\u00e9, ce jeudi 03 septembre 2026, \u00e0 la c\u00e9r\u00e9monie officielle coupl\u00e9e de l\u2019accueil du <a href=\"https:\/\/www.koaci.com\/recherche?search=Patrouilleur\" rel=\"nofollow noopener\" target=\"_blank\">Patrouilleur<\/a> de Haute Mer (PHM) \u00ab Contre-Amiral <a href=\"https:\/\/www.koaci.com\/recherche?search=Fadika\" rel=\"nofollow noopener\" target=\"_blank\">Fadika<\/a> \u00bb, de retour d\u2019une <a href=\"https:\/\/www.koaci.com\/recherche?search=mission\" rel=\"nofollow noopener\" target=\"_blank\">mission<\/a> op\u00e9rationnelle conduite dans le cadre de la 4\u1d49 \u00e9dition de l\u2019op\u00e9ration maritime r\u00e9gionale \u00ab ANOUANZ\u00c8 \u00bb, dans la Zone maritime F du Golfe de Guin\u00e9e et de remerciements des \u00e9quipages du PHM vaillance et du <a href=\"https:\/\/www.koaci.com\/recherche?search=Patrouilleur\" rel=\"nofollow noopener\" target=\"_blank\">Patrouilleur<\/a> C\u00f4tier RPB 33 Sekongo.<\/p>\n<p>Apr\u00e8s plusieurs jours d\u2019engagement aux c\u00f4t\u00e9s des marines Ghan\u00e9ennes Lib\u00e9riennes Sierra-L\u00e9one, le b\u00e2timent amiral ivoirien a regagn\u00e9 la matin\u00e9e de ce jeudi son port d\u2019attache, fort d\u2019une <a href=\"https:\/\/www.koaci.com\/recherche?search=mission\" rel=\"nofollow noopener\" target=\"_blank\">mission<\/a> qui aura une nouvelle fois d\u00e9montr\u00e9 l\u2019engagement de la C\u00f4te d\u2019Ivoire en faveur de la s\u00e9curit\u00e9 maritime collective dans le Golfe de Guin\u00e9e.<\/p>\n<p>Plac\u00e9e sous le signe de la coop\u00e9ration et de l\u2019interop\u00e9rabilit\u00e9 entre les forces navales des pays de la Zone maritime F, ANOUANZ\u00c8 4 a permis de renforcer la coordination op\u00e9rationnelle, la surveillance des espaces maritimes et la capacit\u00e9 des \u00c9tats riverains \u00e0 agir conjointement face aux diff\u00e9rentes menaces qui affectent la s\u00e9curit\u00e9 maritime.<\/p>\n<p>En marge de sa participation \u00e0 l\u2019op\u00e9ration ANOUANZ\u00c8 4, le PHM \u00ab Contre-Amiral <a href=\"https:\/\/www.koaci.com\/recherche?search=Fadika\" rel=\"nofollow noopener\" target=\"_blank\">Fadika<\/a> \u00bb s\u2019est \u00e9galement illustr\u00e9 dans une <a href=\"https:\/\/www.koaci.com\/recherche?search=mission\" rel=\"nofollow noopener\" target=\"_blank\">mission<\/a> d\u2019escorte particuli\u00e8rement significative.<\/p>\n<p>Le b\u00e2timent a en effet conduit l\u2019escorte du navire \u00ab <a href=\"https:\/\/www.koaci.com\/recherche?search=IB+Atlantic\" rel=\"nofollow noopener\" target=\"_blank\">IB Atlantic<\/a> 4 \u00bb, arraisonn\u00e9 dans les eaux nationales ivoiriennes \u00e0 la suite de l\u2019intervention des b\u00e2timents ivoiriens, notamment le PHM \u00ab Vaillance \u00bb et le CF \u00ab Sekongo \u00bb.<\/p>\n<p>Avant d\u2019exprimer ses f\u00e9licitations aux diff\u00e9rents \u00e9quipages des navires, le Vice-Amiral N\u2019Guessan  Kouam\u00e9  C\u00e9lestin,  Chef d\u2019Etat Major de la marine nationale a commenc\u00e9 par adresser au pupitre toute sa gratitude \u00e0 Monsieur le Vice-Premier Ministre de la D\u00e9fense, ainsi qu\u2019\u00e0 Monsieur le G\u00e9n\u00e9ral d\u2019Arm\u00e9e, Chef d\u2019Etat Major de G\u00e9n\u00e9ral des Arm\u00e9es pour leur soutien constant \u00e0 la <a href=\"https:\/\/www.koaci.com\/recherche?search=Marine\" rel=\"nofollow noopener\" target=\"_blank\">Marine<\/a> nationale.<\/p>\n<p>\u00ab L\u2019\u00e9quipage a tenu, les b\u00e2timents ont tenu, le pavillon a \u00e9t\u00e9 port\u00e9 haut, conform\u00e9ment \u00e0 vos ordres, la <a href=\"https:\/\/www.koaci.com\/recherche?search=mission\" rel=\"nofollow noopener\" target=\"_blank\">mission<\/a> est accomplie \u00bb a annonc\u00e9 le Capitaine de Fr\u00e9gate Tago  Ile Rocher Chef des Op\u00e9rations de la <a href=\"https:\/\/www.koaci.com\/recherche?search=Marine\" rel=\"nofollow noopener\" target=\"_blank\">Marine<\/a>.\u00a0<\/p>\n<p><\/p>\n<p>En d\u2019autres termes, la r\u00e9ussite de cette <a href=\"https:\/\/www.koaci.com\/recherche?search=mission\" rel=\"nofollow noopener\" target=\"_blank\">mission<\/a> traduit notamment la pertinence du dispositif national de surveillance et d\u2019intervention en mer, tout en confortant la place de la C\u00f4te d\u2019Ivoire comme acteur majeur de la s\u00e9curit\u00e9 maritime dans le Golfe de Guin\u00e9e.<\/p>\n<p>\u00c0 travers cette quatri\u00e8me \u00e9dition, l\u2019op\u00e9ration ANOUANZ\u00c8 confirme sa vocation de cadre privil\u00e9gi\u00e9 de coop\u00e9ration entre les marines des pays de la Zone maritime F.\u00a0<\/p>\n<p>Elle contribue \u00e0 d\u00e9velopper les r\u00e9flexes d\u2019interop\u00e9rabilit\u00e9, \u00e0 partager les exp\u00e9riences et \u00e0 consolider les m\u00e9canismes de r\u00e9ponse collective aux menaces maritimes.<\/p>\n<p>Cette c\u00e9r\u00e9monie d\u2019accueil marque donc non seulement le retour d\u2019un \u00e9quipage apr\u00e8s une <a href=\"https:\/\/www.koaci.com\/recherche?search=mission\" rel=\"nofollow noopener\" target=\"_blank\">mission<\/a> op\u00e9rationnelle, mais \u00e9galement la reconnaissance des efforts consentis au service de la souverainet\u00e9 maritime de la C\u00f4te d\u2019Ivoire et de la s\u00e9curit\u00e9 collective r\u00e9gionale.<\/p>\n<p>Donatien Kautcha, Abidjan\u00a0<\/p>\n<p><\/p>\n","protected":false},"excerpt":{"rendered":"\u00a9 Koaci.com &#8211; jeudi 03 septembre 2026 &#8211; 16:15 Le retour du Patrouilleur ce jeudi \u00e0 Abidjan (DR)&hellip;\n","protected":false},"author":2,"featured_media":199639,"comment_status":"","ping_status":"","sticky":false,"template":"","format":"standard","meta":{"footnotes":"","_share_on_mastodon":"0"},"categories":[154],"tags":[281,280,216,251,279,294],"class_list":["post-199638","post","type-post","status-publish","format-standard","has-post-thumbnail","category-cote-divoire","tag-actualite","tag-article","tag-cote-divoire","tag-info","tag-koaci","tag-koaci-cote-d"],"share_on_mastodon":{"url":"https:\/\/pubeurope.com\/@afrique\/117209542303503329","error":""},"_links":{"self":[{"href":"https:\/\/www.europesays.com\/afrique\/wp-json\/wp\/v2\/posts\/199638","targetHints":{"allow":["GET"]}}],"collection":[{"href":"https:\/\/www.europesays.com\/afrique\/wp-json\/wp\/v2\/posts"}],"about":[{"href":"https:\/\/www.europesays.com\/afrique\/wp-json\/wp\/v2\/types\/post"}],"author":[{"embeddable":true,"href":"https:\/\/www.europesays.com\/afrique\/wp-json\/wp\/v2\/users\/2"}],"replies":[{"embeddable":true,"href":"https:\/\/www.europesays.com\/afrique\/wp-json\/wp\/v2\/comments?post=199638"}],"version-history":[{"count":0,"href":"https:\/\/www.europesays.com\/afrique\/wp-json\/wp\/v2\/posts\/199638\/revisions"}],"wp:featuredmedia":[{"embeddable":true,"href":"https:\/\/www.europesays.com\/afrique\/wp-json\/wp\/v2\/media\/199639"}],"wp:attachment":[{"href":"https:\/\/www.europesays.com\/afrique\/wp-json\/wp\/v2\/media?parent=199638"}],"wp:term":[{"taxonomy":"category","embeddable":true,"href":"https:\/\/www.europesays.com\/afrique\/wp-json\/wp\/v2\/categories?post=199638"},{"taxonomy":"post_tag","embeddable":true,"href":"https:\/\/www.europesays.com\/afrique\/wp-json\/wp\/v2\/tags?post=199638"}],"curies":[{"name":"wp","href":"https:\/\/api.w.org\/{rel}","templated":true}]}}