{"id":199701,"date":"2026-09-04T00:25:19","date_gmt":"2026-09-04T00:25:19","guid":{"rendered":"https:\/\/www.europesays.com\/afrique\/199701\/"},"modified":"2026-09-04T00:25:19","modified_gmt":"2026-09-04T00:25:19","slug":"cote-divoire-cacaoculture-les-jncc-2026-dessinent-les-contours-dun-nouveau-modele-ivoirien-la-jeunesse-appelee-a-sauver-une-filiere-en-pleine-mutation","status":"publish","type":"post","link":"https:\/\/www.europesays.com\/afrique\/199701\/","title":{"rendered":"C\u00f4te d&rsquo;Ivoire : Cacaoculture, les JNCC 2026 dessinent les contours d&rsquo;un nouveau mod\u00e8le ivoirien, la jeunesse appel\u00e9e \u00e0 sauver une fili\u00e8re en pleine mutation"},"content":{"rendered":"<p>\u00a0<\/p>\n<p>\u00a0<\/p>\n<p>\u00a0<\/p>\n<p>\u00a0<\/p>\n<p>        <a href=\"https:\/\/www.koaci.com\/index.php\/publicite\/redirect\/encart-1_131_173?redirect_url=https%3A%2F%2Fcoop-finance.com%2F\" target=\"_blank\" rel=\"nofollow noopener\"><br \/>\n            <img decoding=\"async\" src=\"https:\/\/www.europesays.com\/afrique\/wp-content\/uploads\/2026\/04\/1775156950_616_1_jpg_1766915908.jpg\" width=\"100%\"\/><br \/>\n        <\/a><\/p>\n<p>\u00a0<\/p>\n<p>\u00a9 Koaci.com &#8211; jeudi 03 septembre 2026 &#8211; 17:43<\/p>\n<p>Apr\u00e8s trois jours d\u2019\u00e9changes, de rencontres et de r\u00e9flexions sur l\u2019avenir de la fili\u00e8re cacaoy\u00e8re, la 10\u1d49 \u00e9dition des Journ\u00e9es nationales du cacao et du chocolat (JNCC) a pris fin ce jeudi 3 septembre 2026. Plac\u00e9e sous le th\u00e8me \u00ab Jeunesse et<a href=\"https:\/\/www.koaci.com\/recherche?search=+cacaoculture\" rel=\"nofollow noopener\" target=\"_blank\"> cacaoculture<\/a> du futur \u00bb, cette \u00e9dition a mis en lumi\u00e8re les d\u00e9fis de la rel\u00e8ve, de la<a href=\"https:\/\/www.koaci.com\/recherche?search=+durabilit%C3%A9\" rel=\"nofollow noopener\" target=\"_blank\"> durabilit\u00e9<\/a>, de la modernisation des exploitations et de la comp\u00e9titivit\u00e9 du<a href=\"https:\/\/www.koaci.com\/recherche?search=+cacao+ivoirien\" rel=\"nofollow noopener\" target=\"_blank\"> cacao ivoirien<\/a>.<\/p>\n<p>La 10\u1d49 \u00e9dition des Journ\u00e9es nationales du cacao et du chocolat (JNCC) a officiellement baiss\u00e9 le rideau ce jeudi 3 septembre 2026, au terme de trois jours consacr\u00e9s \u00e0 l\u2019avenir de la premi\u00e8re fili\u00e8re agricole de la C\u00f4te d\u2019Ivoire.<\/p>\n<p>Autour du th\u00e8me \u00ab Jeunesse et<a href=\"https:\/\/www.koaci.com\/recherche?search=+cacaoculture\" rel=\"nofollow noopener\" target=\"_blank\"> cacaoculture<\/a> du futur \u00bb,<a href=\"https:\/\/www.koaci.com\/recherche?search=+producteurs\" rel=\"nofollow noopener\" target=\"_blank\"> producteurs<\/a>, soci\u00e9t\u00e9s coop\u00e9ratives, exportateurs, transformateurs, chercheurs, partenaires techniques et financiers et visiteurs ont \u00e9chang\u00e9 sur les mutations n\u00e9cessaires pour assurer la p\u00e9rennit\u00e9 du<a href=\"https:\/\/www.koaci.com\/recherche?search=+cacao+ivoirien\" rel=\"nofollow noopener\" target=\"_blank\"> cacao ivoirien<\/a>.<\/p>\n<p>Au terme de la manifestation, le pr\u00e9sident d\u00e9l\u00e9gu\u00e9 du comit\u00e9 d\u2019organisation, Konan Kouassi Mathurin, a pr\u00e9sent\u00e9 le bilan des activit\u00e9s. La premi\u00e8re journ\u00e9e a enregistr\u00e9 pr\u00e8s de 3 000 participants, parmi lesquels environ 1 500<a href=\"https:\/\/www.koaci.com\/recherche?search=+producteurs\" rel=\"nofollow noopener\" target=\"_blank\"> producteurs<\/a>.<\/p>\n<p>Cette journ\u00e9e inaugurale a \u00e9t\u00e9 marqu\u00e9e par la c\u00e9r\u00e9monie officielle d\u2019ouverture, les expositions ainsi que la distinction des meilleurs<a href=\"https:\/\/www.koaci.com\/recherche?search=+producteurs\" rel=\"nofollow noopener\" target=\"_blank\"> producteurs<\/a> et soci\u00e9t\u00e9s coop\u00e9ratives.<\/p>\n<p>L\u2019espace d\u2019exposition a, pour sa part, accueilli 83 exposants, dont 15 sponsors. Les deux premi\u00e8res journ\u00e9es ont enregistr\u00e9 une fr\u00e9quentation moyenne estim\u00e9e \u00e0 11 500 visiteurs par jour, confirmant l\u2019int\u00e9r\u00eat suscit\u00e9 par cette \u00e9dition anniversaire.<\/p>\n<p>Les \u00e9changes scientifiques ont permis de d\u00e9gager trois axes prioritaires pour la transformation de la<a href=\"https:\/\/www.koaci.com\/recherche?search=+cacaoculture\" rel=\"nofollow noopener\" target=\"_blank\"> cacaoculture<\/a> ivoirienne : la modernisation du statut juridique et technique des exploitations, le renforcement des m\u00e9canismes de<a href=\"https:\/\/www.koaci.com\/recherche?search=+durabilit%C3%A9\" rel=\"nofollow noopener\" target=\"_blank\"> durabilit\u00e9<\/a> et la promotion de l\u2019entrepreneuriat des jeunes.<\/p>\n<p>L\u2019objectif est de faire \u00e9voluer progressivement le mod\u00e8le de production afin de le rendre plus performant, plus r\u00e9silient et davantage adapt\u00e9 aux exigences environnementales et \u00e9conomiques actuelles.<\/p>\n<p>Pour les organisateurs et les acteurs de la fili\u00e8re, l\u2019avenir du cacao passe notamment par une meilleure formation des jeunes, l\u2019adoption de nouvelles pratiques agricoles et une plus grande professionnalisation des exploitations.<\/p>\n<p>Pr\u00e9sidant la c\u00e9r\u00e9monie de cl\u00f4ture, le ministre de l\u2019Agriculture, du D\u00e9veloppement rural et des Productions vivri\u00e8res,<a href=\"https:\/\/www.koaci.com\/recherche?search=+Bruno+Nabagn%C3%A9+Kon%C3%A9\" rel=\"nofollow noopener\" target=\"_blank\"> Bruno Nabagn\u00e9 Kon\u00e9<\/a>, a salu\u00e9 les dix ann\u00e9es d\u2019existence des JNCC et appel\u00e9 les acteurs de la fili\u00e8re \u00e0 se projeter vers l\u2019avenir.<\/p>\n<p><\/p>\n<p>\u00a0<\/p>\n<p>\u00c9voquant le<a href=\"https:\/\/www.koaci.com\/recherche?search=+prix+bord+champ\" rel=\"nofollow noopener\" target=\"_blank\"> prix bord champ<\/a> fix\u00e9 pour la campagne 2026-2027, le ministre a affirm\u00e9 : \u00ab Nous avons fait le choix de la v\u00e9rit\u00e9. Nous avons fait le choix de la responsabilit\u00e9 \u00bb.<\/p>\n<p>Mais au-del\u00e0 de la question du prix,<a href=\"https:\/\/www.koaci.com\/recherche?search=+Bruno+Nabagn%C3%A9+Kon%C3%A9\" rel=\"nofollow noopener\" target=\"_blank\"> Bruno Nabagn\u00e9 Kon\u00e9<\/a> a surtout insist\u00e9 sur la n\u00e9cessit\u00e9 de restaurer un climat de confiance et de s\u00e9r\u00e9nit\u00e9 dans le secteur.<\/p>\n<p>\u00ab Notre secteur a besoin aussi d\u2019apaisement. Notre secteur a besoin de s\u00e9r\u00e9nit\u00e9 pour se construire durablement et se fortifier \u00bb, a-t-il d\u00e9clar\u00e9.<\/p>\n<p>Le ministre a \u00e9galement mis en avant l\u2019importance de la carte du producteur. Celle-ci devrait jouer un r\u00f4le central dans l\u2019identification et la tra\u00e7abilit\u00e9 des<a href=\"https:\/\/www.koaci.com\/recherche?search=+producteurs\" rel=\"nofollow noopener\" target=\"_blank\"> producteurs<\/a>, mais aussi dans l\u2019acc\u00e8s aux m\u00e9canismes d\u2019appui de l\u2019\u00c9tat et dans le renforcement de leur protection.<\/p>\n<p>Du c\u00f4t\u00e9 des<a href=\"https:\/\/www.koaci.com\/recherche?search=+producteurs\" rel=\"nofollow noopener\" target=\"_blank\"> producteurs<\/a>, la satisfaction li\u00e9e aux \u00e9changes n\u2019efface pas les difficult\u00e9s auxquelles ils sont confront\u00e9s sur le terrain.<\/p>\n<p>Banno Yaya, producteur de la coop\u00e9rative SCOOPS de Divo, s\u2019est f\u00e9licit\u00e9 de la qualit\u00e9 des \u00e9changes enregistr\u00e9s durant les JNCC.<\/p>\n<p>\u00ab Nous avons eu une journ\u00e9e tr\u00e8s impressionnante. Nous sommes satisfaits \u00e0 la sortie de cette journ\u00e9e. On a beaucoup appris \u00bb, a-t-il t\u00e9moign\u00e9.<\/p>\n<p>Il a toutefois relev\u00e9 la persistance des maladies qui affectent les plantations. Parmi les principales menaces cit\u00e9es figure le<a href=\"https:\/\/www.koaci.com\/recherche?search=+swollen+shoot\" rel=\"nofollow noopener\" target=\"_blank\"> swollen shoot<\/a>, une maladie qui continue de fragiliser de nombreux vergers et de r\u00e9duire le potentiel de production.<\/p>\n<p>M\u00eame son de cloche chez Adi\u00e9 Emmanuel, directeur de la coop\u00e9rative SCOOPS N\u2019Douci. Tout en qualifiant la rencontre de \u00ab formidable \u00bb, il a reconnu que la question du prix demeure une pr\u00e9occupation pour les<a href=\"https:\/\/www.koaci.com\/recherche?search=+producteurs\" rel=\"nofollow noopener\" target=\"_blank\"> producteurs<\/a>.<\/p>\n<p>\u00ab C\u2019est le prix qui n\u2019a pas \u00e9t\u00e9 trop \u00e7a. Mais on va faire comment ? \u00bb, a-t-il d\u00e9clar\u00e9.<\/p>\n<p>Pour le ministre<a href=\"https:\/\/www.koaci.com\/recherche?search=+Bruno+Nabagn%C3%A9+Kon%C3%A9\" rel=\"nofollow noopener\" target=\"_blank\"> Bruno Nabagn\u00e9 Kon\u00e9<\/a>, la transformation de la fili\u00e8re ne pourra se faire sans une nouvelle g\u00e9n\u00e9ration de<a href=\"https:\/\/www.koaci.com\/recherche?search=+producteurs\" rel=\"nofollow noopener\" target=\"_blank\"> producteurs<\/a> mieux form\u00e9s et capables de s\u2019adapter aux exigences de la<a href=\"https:\/\/www.koaci.com\/recherche?search=+cacaoculture\" rel=\"nofollow noopener\" target=\"_blank\"> cacaoculture<\/a> moderne.<\/p>\n<p>La formation des jeunes devra notamment porter sur l\u2019agro\u00e9cologie, l\u2019agroforesterie et les techniques culturales modernes. Il s\u2019agit de promouvoir une<a href=\"https:\/\/www.koaci.com\/recherche?search=+agriculture\" rel=\"nofollow noopener\" target=\"_blank\"> agriculture<\/a> capable de concilier productivit\u00e9, protection de l\u2019environnement et adaptation au<a href=\"https:\/\/www.koaci.com\/recherche?search=+changement\" rel=\"nofollow noopener\" target=\"_blank\"> changement<\/a><a href=\"https:\/\/www.koaci.com\/recherche?search=+climatique\" rel=\"nofollow noopener\" target=\"_blank\"> climatique<\/a>.<\/p>\n<p>L\u2019ambition est \u00e9galement de renforcer la r\u00e9silience des exploitations face aux al\u00e9as<a href=\"https:\/\/www.koaci.com\/recherche?search=+climatique\" rel=\"nofollow noopener\" target=\"_blank\"> climatique<\/a>s, de lutter plus efficacement contre les maladies et de pr\u00e9server les for\u00eats tout en maintenant un niveau de production suffisamment \u00e9lev\u00e9.<\/p>\n<p><\/p>\n<p>\u00a0<\/p>\n<p>La cl\u00f4ture des <a href=\"https:\/\/www.koaci.com\/recherche?search=JNCC+2026\" rel=\"nofollow noopener\" target=\"_blank\">JNCC 2026<\/a> appara\u00eet ainsi comme bien plus qu\u2019une simple fin de manifestation. Elle marque le d\u00e9but d\u2019une nouvelle r\u00e9flexion sur le mod\u00e8le de<a href=\"https:\/\/www.koaci.com\/recherche?search=+cacaoculture\" rel=\"nofollow noopener\" target=\"_blank\"> cacaoculture<\/a> que la C\u00f4te d\u2019Ivoire souhaite construire pour les prochaines ann\u00e9es.<\/p>\n<p>Dans cette perspective, la<a href=\"https:\/\/www.koaci.com\/recherche?search=+jeunesse\" rel=\"nofollow noopener\" target=\"_blank\"> jeunesse<\/a> constitue l\u2019un des principaux leviers. Il s\u2019agit d\u00e9sormais de convaincre une nouvelle g\u00e9n\u00e9ration que la<a href=\"https:\/\/www.koaci.com\/recherche?search=+cacaoculture\" rel=\"nofollow noopener\" target=\"_blank\"> cacaoculture<\/a> peut \u00eatre davantage qu\u2019une activit\u00e9 traditionnelle : elle peut devenir une v\u00e9ritable entreprise agricole, moderne, innovante, rentable et durable.<\/p>\n<p>Le d\u00e9fi sera donc de transformer les orientations annonc\u00e9es lors de ces JNCC en actions concr\u00e8tes sur le terrain, afin de garantir au<a href=\"https:\/\/www.koaci.com\/recherche?search=+cacao+ivoirien\" rel=\"nofollow noopener\" target=\"_blank\"> cacao ivoirien<\/a> une rel\u00e8ve capable de r\u00e9pondre aux d\u00e9fis \u00e9conomiques, sociaux et environnementaux qui se profilent.<\/p>\n<p>Wassimagnon<\/p>\n<p>\u00a0<\/p>\n<p>\u00a0<\/p>\n<p>                    <img decoding=\"async\" src=\"https:\/\/www.europesays.com\/afrique\/wp-content\/uploads\/2026\/04\/1775156951_759_user0.jpg\" width=\"50\" alt=\"\" class=\"KoaciRounded\"\/><\/p>\n<p>\u00a0 Par Koaci<\/p>\n<p>\u00a0<\/p>\n<p>\u00a0<\/p>\n","protected":false},"excerpt":{"rendered":"\u00a0 \u00a0 \u00a0 \u00a0 \u00a0 \u00a9 Koaci.com &#8211; jeudi 03 septembre 2026 &#8211; 17:43 Apr\u00e8s trois jours d\u2019\u00e9changes,&hellip;\n","protected":false},"author":2,"featured_media":199702,"comment_status":"","ping_status":"","sticky":false,"template":"","format":"standard","meta":{"footnotes":"","_share_on_mastodon":"0"},"categories":[154],"tags":[281,280,216,251,279,294],"class_list":["post-199701","post","type-post","status-publish","format-standard","has-post-thumbnail","category-cote-divoire","tag-actualite","tag-article","tag-cote-divoire","tag-info","tag-koaci","tag-koaci-cote-d"],"share_on_mastodon":{"url":"https:\/\/pubeurope.com\/@afrique\/117209931969698394","error":""},"_links":{"self":[{"href":"https:\/\/www.europesays.com\/afrique\/wp-json\/wp\/v2\/posts\/199701","targetHints":{"allow":["GET"]}}],"collection":[{"href":"https:\/\/www.europesays.com\/afrique\/wp-json\/wp\/v2\/posts"}],"about":[{"href":"https:\/\/www.europesays.com\/afrique\/wp-json\/wp\/v2\/types\/post"}],"author":[{"embeddable":true,"href":"https:\/\/www.europesays.com\/afrique\/wp-json\/wp\/v2\/users\/2"}],"replies":[{"embeddable":true,"href":"https:\/\/www.europesays.com\/afrique\/wp-json\/wp\/v2\/comments?post=199701"}],"version-history":[{"count":0,"href":"https:\/\/www.europesays.com\/afrique\/wp-json\/wp\/v2\/posts\/199701\/revisions"}],"wp:featuredmedia":[{"embeddable":true,"href":"https:\/\/www.europesays.com\/afrique\/wp-json\/wp\/v2\/media\/199702"}],"wp:attachment":[{"href":"https:\/\/www.europesays.com\/afrique\/wp-json\/wp\/v2\/media?parent=199701"}],"wp:term":[{"taxonomy":"category","embeddable":true,"href":"https:\/\/www.europesays.com\/afrique\/wp-json\/wp\/v2\/categories?post=199701"},{"taxonomy":"post_tag","embeddable":true,"href":"https:\/\/www.europesays.com\/afrique\/wp-json\/wp\/v2\/tags?post=199701"}],"curies":[{"name":"wp","href":"https:\/\/api.w.org\/{rel}","templated":true}]}}