{"id":199713,"date":"2026-09-04T00:44:43","date_gmt":"2026-09-04T00:44:43","guid":{"rendered":"https:\/\/www.europesays.com\/afrique\/199713\/"},"modified":"2026-09-04T00:44:43","modified_gmt":"2026-09-04T00:44:43","slug":"ad1227-la-cohesion-sociale-en-afrique-liens-appartenance-et-bien-commun-afrobarometer","status":"publish","type":"post","link":"https:\/\/www.europesays.com\/afrique\/199713\/","title":{"rendered":"AD1227: La coh\u00e9sion sociale en Afrique : Liens, appartenance et bien commun \u2013 Afrobarometer"},"content":{"rendered":"<p>La coh\u00e9sion sociale d\u00e9signe le degr\u00e9 auquel les individus se sentent appartenir \u00e0 une\u00a0 soci\u00e9t\u00e9, se font confiance, coop\u00e8rent pour le bien commun et croient que les institutions\u00a0 publiques traitent les citoyens \u00e9quitablement (Burchi et al., 2026). En Afrique, o\u00f9 la diversit\u00e9,\u00a0 la mobilit\u00e9 et le d\u00e9veloppement in\u00e9gal fa\u00e7onnent les relations sociales, les migrations\u00a0 constituent un test important de la coh\u00e9sion sociale en soulevant des questions\u00a0 d\u2019appartenance, d\u2019identit\u00e9 et d\u2019inclusion.\u00a0<\/p>\n<p>A partir des donn\u00e9es d\u2019Afrobarometer Round 10 issues de 50.961 entretiens men\u00e9s dans 38\u00a0 pays africains (2024\/2025), ce Profil Panafricain examine la confiance interpersonnelle, la\u00a0 tol\u00e9rance sociale, l\u2019identit\u00e9, les attitudes envers les immigrants, la confiance\u00a0 et l\u2019\u00e9quit\u00e9 institutionnelles, ainsi que la coop\u00e9ration pour le bien commun.\u00a0<\/p>\n<p>Les r\u00e9sultats montrent que si la confiance diminue \u00e0 mesure que la distance\u00a0 sociale s\u2019accro\u00eet au sein de la soci\u00e9t\u00e9, la tol\u00e9rance sociale demeure \u00e9lev\u00e9e : Une large majorit\u00e9 des Africains acceptent les voisins d\u2019origines\u00a0 ethniques, de religions, d\u2019appartenances politiques et, dans une moindre\u00a0 mesure, de nationalit\u00e9s diff\u00e9rentes. L\u2019immigration constitue une limite \u00e0\u00a0\u00a0l\u2019inclusion : Moins de la moiti\u00e9 des Africains estiment que les immigrants sont b\u00e9n\u00e9fiques pour\u00a0 l\u2019\u00e9conomie, et une majorit\u00e9 d\u2019entre eux sont favorables \u00e0 une r\u00e9duction du nombre de\u00a0 demandeurs d\u2019emploi et de r\u00e9fugi\u00e9s \u00e9trangers admis, l\u2019Afrique du Sud affichant certaines\u00a0 des positions les plus restrictives du continent.\u00a0<\/p>\n<p>La plupart des Africains attachent autant d\u2019importance \u00e0 leur identit\u00e9 nationale qu\u2019\u00e0 leur\u00a0 appartenance ethnique ; beaucoup leur en accordent une importance \u00e9gale. Cependant,\u00a0 le sentiment d\u2019in\u00e9galit\u00e9 de traitement de la part du gouvernement et du syst\u00e8me judiciaire\u00a0 est largement r\u00e9pandu, et nombreux sont les Africains qui pensent que les juges privil\u00e9gient\u00a0 souvent les int\u00e9r\u00eats des puissants au d\u00e9triment du droit.\u00a0<\/p>\n<p>La solidarit\u00e9 informelle reste la plus forte au sein des familles, tandis que l\u2019action civique\u00a0 collective est moins fr\u00e9quente.\u00a0<\/p>\n<p>Globalement, les r\u00e9sultats dressent le portrait d\u2019un continent caract\u00e9ris\u00e9 par des liens\u00a0 familiaux et communautaires forts et une grande tol\u00e9rance sociale, mais par une confiance\u00a0 plus faible entre les groupes sociaux, des attitudes restrictives envers l\u2019immigration, des\u00a0 inqui\u00e9tudes quant \u00e0 l\u2019\u00e9quit\u00e9 des institutions et un engagement civique limit\u00e9. Renforcer la\u00a0 coh\u00e9sion sociale exigera \u00e0 la fois une confiance accrue entre les citoyens et les institutions\u00a0 qui d\u00e9fendent l\u2019\u00e9galit\u00e9 et promeuvent l\u2019inclusion.<\/p>\n","protected":false},"excerpt":{"rendered":"La coh\u00e9sion sociale d\u00e9signe le degr\u00e9 auquel les individus se sentent appartenir \u00e0 une\u00a0 soci\u00e9t\u00e9, se font confiance,&hellip;\n","protected":false},"author":2,"featured_media":199714,"comment_status":"","ping_status":"","sticky":false,"template":"","format":"standard","meta":{"footnotes":"","_share_on_mastodon":"0"},"categories":[4],"tags":[6],"class_list":["post-199713","post","type-post","status-publish","format-standard","has-post-thumbnail","category-afrique","tag-afrique"],"share_on_mastodon":{"url":"https:\/\/pubeurope.com\/@afrique\/117210006409761048","error":""},"_links":{"self":[{"href":"https:\/\/www.europesays.com\/afrique\/wp-json\/wp\/v2\/posts\/199713","targetHints":{"allow":["GET"]}}],"collection":[{"href":"https:\/\/www.europesays.com\/afrique\/wp-json\/wp\/v2\/posts"}],"about":[{"href":"https:\/\/www.europesays.com\/afrique\/wp-json\/wp\/v2\/types\/post"}],"author":[{"embeddable":true,"href":"https:\/\/www.europesays.com\/afrique\/wp-json\/wp\/v2\/users\/2"}],"replies":[{"embeddable":true,"href":"https:\/\/www.europesays.com\/afrique\/wp-json\/wp\/v2\/comments?post=199713"}],"version-history":[{"count":0,"href":"https:\/\/www.europesays.com\/afrique\/wp-json\/wp\/v2\/posts\/199713\/revisions"}],"wp:featuredmedia":[{"embeddable":true,"href":"https:\/\/www.europesays.com\/afrique\/wp-json\/wp\/v2\/media\/199714"}],"wp:attachment":[{"href":"https:\/\/www.europesays.com\/afrique\/wp-json\/wp\/v2\/media?parent=199713"}],"wp:term":[{"taxonomy":"category","embeddable":true,"href":"https:\/\/www.europesays.com\/afrique\/wp-json\/wp\/v2\/categories?post=199713"},{"taxonomy":"post_tag","embeddable":true,"href":"https:\/\/www.europesays.com\/afrique\/wp-json\/wp\/v2\/tags?post=199713"}],"curies":[{"name":"wp","href":"https:\/\/api.w.org\/{rel}","templated":true}]}}