{"id":199715,"date":"2026-09-04T00:47:21","date_gmt":"2026-09-04T00:47:21","guid":{"rendered":"https:\/\/www.europesays.com\/afrique\/199715\/"},"modified":"2026-09-04T00:47:21","modified_gmt":"2026-09-04T00:47:21","slug":"cote-divoire-cafe-cacao-apres-le-prix-choc-de-1200-fcfa-loia-supplie-les-planteurs-de-ne-pas-rompre-avec-letat","status":"publish","type":"post","link":"https:\/\/www.europesays.com\/afrique\/199715\/","title":{"rendered":"C\u00f4te d&rsquo;Ivoire : Caf\u00e9-Cacao, apr\u00e8s le prix choc de 1200 fcfa, l&rsquo;OIA supplie les planteurs de ne pas rompre avec l&rsquo;\u00c9tat"},"content":{"rendered":"<p>\u00a9 Koaci.com &#8211; jeudi 03 septembre 2026 &#8211; 17:42<\/p>\n<p>Lecture de la d\u00e9claration (ph KOACI)\u00a0<\/p>\n<p>L&rsquo;Organisation Interprofessionnelle Agricole (<a href=\"https:\/\/www.koaci.com\/recherche?search=OIA\" rel=\"nofollow noopener\" target=\"_blank\">OIA<\/a>)<a href=\"https:\/\/www.koaci.com\/recherche?search=+Caf%C3%A9-Cacao\" rel=\"nofollow noopener\" target=\"_blank\"> Caf\u00e9-Cacao<\/a> a officiellement lanc\u00e9 ce jeudi 03 septembre 2026 \u00e0 Abidjan, la nouvelle campagne de commercialisation 2026-2027 par un appel appuy\u00e9 \u00e0 la s\u00e9r\u00e9nit\u00e9 et \u00e0 la confiance au Gouvernement. Face \u00e0 la vague d&rsquo;\u00e9motion, d&rsquo;inqui\u00e9tude et de col\u00e8re suscit\u00e9e par la diffusion des nouveaux prix bord-champ, son Pr\u00e9sident<a href=\"https:\/\/www.koaci.com\/recherche?search=+Siaka+Diakit%C3%A9\" rel=\"nofollow noopener\" target=\"_blank\"> Siaka Diakit\u00e9<\/a> a tent\u00e9 d&rsquo;\u00e9teindre l&rsquo;incendie dans une d\u00e9claration solennelle adress\u00e9e \u00e0 l&rsquo;ensemble des acteurs de la fili\u00e8re.<\/p>\n<p>\u00ab Le<a href=\"https:\/\/www.koaci.com\/recherche?search=+cacao\" rel=\"nofollow noopener\" target=\"_blank\"> cacao<\/a>, c&rsquo;est notre vie. Le caf\u00e9, c&rsquo;est notre sang. Chaque franc sur le kilogramme compte \u00bb, a d&#8217;embl\u00e9e reconnu l&rsquo;<a href=\"https:\/\/www.koaci.com\/recherche?search=OIA\" rel=\"nofollow noopener\" target=\"_blank\">OIA<\/a>, \u00e0 travers sa d\u00e9claration lue par Monsieur ME Kouakou, Directeur Ex\u00e9cutif de l&rsquo;<a href=\"https:\/\/www.koaci.com\/recherche?search=OIA\" rel=\"nofollow noopener\" target=\"_blank\">OIA<\/a> caf\u00e9-cacao, conc\u00e9dant la l\u00e9gitimit\u00e9 du d\u00e9sarroi paysan. Mais pour l&rsquo;organisation fa\u00eeti\u00e8re, la fili\u00e8re ne peut se g\u00e9rer dans l&rsquo;\u00e9motion d&rsquo;un jour, mais dans une vision de dix ans. Premi\u00e8re puissance mondiale, la C\u00f4te d&rsquo;Ivoire se doit, selon elle, de pr\u00e9server son unit\u00e9, sa plus grande force.<\/p>\n<p><\/p>\n<p>Au c\u0153ur de son argumentaire, l&rsquo;<a href=\"https:\/\/www.koaci.com\/recherche?search=OIA\" rel=\"nofollow noopener\" target=\"_blank\">OIA<\/a> a voulu rappeler la constance de l&rsquo;\u00c9tat \u00e0 redistribuer les fruits du march\u00e9 mondial. Elle cite en exemple le prix historique de 2800 fcfa le kilogramme consenti la campagne pass\u00e9e lorsque les cours internationaux \u00e9taient favorables, prix jamais vu dans l&rsquo;histoire du pays. \u00c0 l&rsquo;inverse, l&rsquo;organisation souligne que malgr\u00e9 l&rsquo;effondrement de plus de 70% de la valeur du march\u00e9 mondial en cinq mois, le Gouvernement a maintenu un prix garanti \u00e0 1200 fcfa, \u00e9vitant ainsi une chute \u00e0 900 fcfa.<\/p>\n<p>\u00ab Si le Gouvernement a pu nous donner 2800 fcfa hier, parce que le march\u00e9 le permettait, faisons-lui confiance pour nous donner le meilleur prix possible aujourd&rsquo;hui \u00bb, a plaid\u00e9 ME Kouakou, assurant que le Gouvernement n&rsquo;est pas contre le planteur mais avec lui, et qu&rsquo;il reste le premier garant de son revenu tout en devant pr\u00e9server l&rsquo;outil de commercialisation et garantir l&rsquo;achat de l&rsquo;int\u00e9gralit\u00e9 de la production.<\/p>\n<p>L&rsquo;<a href=\"https:\/\/www.koaci.com\/recherche?search=OIA\" rel=\"nofollow noopener\" target=\"_blank\">OIA<\/a> a \u00e9galement mis en avant les acquis obtenus depuis 2011, avec une courbe ascendante du prix bord-champ jusqu&rsquo;au record de 2800 fcfa, la prise en charge \u00e0 100% de la Couverture Maladie Universelle (CMU) pour les producteurs et la d\u00e9fense maintenue du Diff\u00e9rentiel de Revenu D\u00e9cent de 400 dollars la tonne.<\/p>\n<p>\u00ab Notre combat, \u00e0 l&rsquo;<a href=\"https:\/\/www.koaci.com\/recherche?search=OIA\" rel=\"nofollow noopener\" target=\"_blank\">OIA<\/a>, n&rsquo;est pas un combat contre notre Gouvernement. Notre combat, c&rsquo;est ensemble, pour une fili\u00e8re plus juste, plus transparente, plus durable \u00bb, a-t-il conclu, invitant les producteurs \u00e0 rentrer dans les champs avec calme, \u00e0 ouvrir la campagne dans la paix et \u00e0 livrer un produit de qualit\u00e9 pour conserver au<a href=\"https:\/\/www.koaci.com\/recherche?search=+cacao\" rel=\"nofollow noopener\" target=\"_blank\"> cacao<\/a> ivoirien son rang de meilleur au monde.<\/p>\n<p>T.K.Emile<\/p>\n<p><\/p>\n","protected":false},"excerpt":{"rendered":"\u00a9 Koaci.com &#8211; jeudi 03 septembre 2026 &#8211; 17:42 Lecture de la d\u00e9claration (ph KOACI)\u00a0 L&rsquo;Organisation Interprofessionnelle Agricole&hellip;\n","protected":false},"author":2,"featured_media":199716,"comment_status":"","ping_status":"","sticky":false,"template":"","format":"standard","meta":{"footnotes":"","_share_on_mastodon":"0"},"categories":[154],"tags":[281,280,216,251,279,294],"class_list":["post-199715","post","type-post","status-publish","format-standard","has-post-thumbnail","category-cote-divoire","tag-actualite","tag-article","tag-cote-divoire","tag-info","tag-koaci","tag-koaci-cote-d"],"share_on_mastodon":{"url":"https:\/\/pubeurope.com\/@afrique\/117210018188962499","error":""},"_links":{"self":[{"href":"https:\/\/www.europesays.com\/afrique\/wp-json\/wp\/v2\/posts\/199715","targetHints":{"allow":["GET"]}}],"collection":[{"href":"https:\/\/www.europesays.com\/afrique\/wp-json\/wp\/v2\/posts"}],"about":[{"href":"https:\/\/www.europesays.com\/afrique\/wp-json\/wp\/v2\/types\/post"}],"author":[{"embeddable":true,"href":"https:\/\/www.europesays.com\/afrique\/wp-json\/wp\/v2\/users\/2"}],"replies":[{"embeddable":true,"href":"https:\/\/www.europesays.com\/afrique\/wp-json\/wp\/v2\/comments?post=199715"}],"version-history":[{"count":0,"href":"https:\/\/www.europesays.com\/afrique\/wp-json\/wp\/v2\/posts\/199715\/revisions"}],"wp:featuredmedia":[{"embeddable":true,"href":"https:\/\/www.europesays.com\/afrique\/wp-json\/wp\/v2\/media\/199716"}],"wp:attachment":[{"href":"https:\/\/www.europesays.com\/afrique\/wp-json\/wp\/v2\/media?parent=199715"}],"wp:term":[{"taxonomy":"category","embeddable":true,"href":"https:\/\/www.europesays.com\/afrique\/wp-json\/wp\/v2\/categories?post=199715"},{"taxonomy":"post_tag","embeddable":true,"href":"https:\/\/www.europesays.com\/afrique\/wp-json\/wp\/v2\/tags?post=199715"}],"curies":[{"name":"wp","href":"https:\/\/api.w.org\/{rel}","templated":true}]}}