{"id":199729,"date":"2026-09-04T01:03:09","date_gmt":"2026-09-04T01:03:09","guid":{"rendered":"https:\/\/www.europesays.com\/afrique\/199729\/"},"modified":"2026-09-04T01:03:09","modified_gmt":"2026-09-04T01:03:09","slug":"triathlon-des-athletes-israeliens-exclus-dune-manche-de-coupe-deurope-en-irlande-du-nord-2","status":"publish","type":"post","link":"https:\/\/www.europesays.com\/afrique\/199729\/","title":{"rendered":"Triathlon. Des athl\u00e8tes isra\u00e9liens exclus d\u2019une manche de Coupe d\u2019Europe en Irlande du Nord ."},"content":{"rendered":"<p>Ils manqueront finalement \u00e0 l\u2019appel\u00a0: des athl\u00e8tes isra\u00e9liens qui devaient participer \u00e0 <a href=\"https:\/\/armentieres.maville.com\/sport\/detail_-la-competition-me-manquait-trop-eloigne-des-courts-arthur-cazaux-enchaine-deux-triathlons-en-une-semaine_54135-7456765_actu.Htm\" target=\"_blank\" rel=\"nofollow noopener\">un triathlon<\/a> international \u00e0 Londonderry, en Irlande du Nord, ce week-end, ne prendront finalement pas part \u00e0 la comp\u00e9tition. Les organisateurs l\u2019ont annonc\u00e9 ce jeudi 3\u00a0septembre.<\/p>\n<p>Le North West Triathlon Club\u00a0(NWTC), qui organise l\u2019\u00e9preuve, a indiqu\u00e9 avoir fait part de ses \u00ab\u00a0vives objections\u00a0\u00bb, affirmant ne pas pouvoir approuver la participation de quatre athl\u00e8tes isra\u00e9liens \u00e0 la Coupe d\u2019Europe de triathlon.<\/p>\n<p>Dans un communiqu\u00e9 publi\u00e9 sur les r\u00e9seaux sociaux, le NWTC explique n\u2019avoir pris connaissance de la participation potentielle d\u2019athl\u00e8tes isra\u00e9liens qu\u2019au moment de la publication de la liste provisoire des inscrits pour la course de samedi sur le site internet de World Triathlon.<\/p>\n<p>\u00ab\u00a0Le NWTC a imm\u00e9diatement fait part de ses vives objections \u00e0 Triathlon Ireland et \u00e0 Europe Triathlon, en pr\u00e9cisant avec la plus grande fermet\u00e9 qu\u2019il ne pouvait approuver leur participation dans ces circonstances\u00a0\u00bb, a d\u00e9clar\u00e9 le club.<\/p>\n<p>Une \u00ab\u00a0bien triste image pour Londonderry\u00a0\u00bb<\/p>\n<p>\u00ab\u00a0Afin d\u2019\u00e9viter toute ambigu\u00eft\u00e9, les athl\u00e8tes repr\u00e9sentant Isra\u00ebl ne participeront pas au triathlon de Londonderry ce samedi\u2026 Il n\u2019y aura aucune repr\u00e9sentation isra\u00e9lienne en comp\u00e9tition lors de cet \u00e9v\u00e9nement\u00a0\u00bb, a-t-il ajout\u00e9.<\/p>\n<p>Le NWTC a d\u00e9clar\u00e9 que sa position ne visait \u00ab\u00a0personne en raison de sa religion ou de son origine ethnique\u00a0\u00bb, mais qu\u2019elle concernait \u00ab\u00a0la repr\u00e9sentation de l\u2019\u00c9tat d\u2019Isra\u00ebl dans le sport international et la tentative d\u2019afficher une normalit\u00e9 sur la sc\u00e8ne sportive mondiale alors que les Palestiniens continuent de souffrir\u00a0\u00bb.<\/p>\n<p>Julie Middleton, membre de l\u2019Assembl\u00e9e l\u00e9gislative d\u2019Irlande du Nord pour le Parti unioniste d\u00e9mocrate\u00a0(DUP, favorable au maintien au sein du Royaume-Uni), a qualifi\u00e9 l\u2019exclusion de ce quatuor isra\u00e9lien d\u2019une course devant r\u00e9unir jusqu\u2019\u00e0 200\u00a0athl\u00e8tes venus du monde entier de \u00ab\u00a0bien triste image pour Londonderry\u00a0\u00bb.<\/p>\n<p>Une protestation avait \u00e9t\u00e9 envisag\u00e9e sur les r\u00e9seaux sociaux<\/p>\n<p>\u00ab\u00a0Un \u00e9v\u00e9nement sportif international, cens\u00e9 mettre en valeur l\u2019hospitalit\u00e9 et l\u2019ouverture d\u2019esprit de notre ville, se retrouve au contraire associ\u00e9 \u00e0 l\u2019exclusion d\u2019athl\u00e8tes au motif qu\u2019ils sont isra\u00e9liens\u00a0\u00bb, a-t-elle ajout\u00e9<\/p>\n<p>Un communiqu\u00e9 de la police nord-irlandaise indique que les autorit\u00e9s ont \u00ab\u00a0pris connaissance, via les r\u00e9seaux sociaux, d\u2019une possible mobilisation de protestation li\u00e9e \u00e0 l\u2019\u00e9v\u00e9nement\u00a0\u00bb.<\/p>\n<p>Des manifestations avaient d\u00e9j\u00e0 eu lieu contre les prochains matchs de la R\u00e9publique d\u2019Irlande\u00a0(au sud) face \u00e0 Isra\u00ebl dans le cadre de la Ligue des nations de l\u2019UEFA.<\/p>\n<p>Lire aussi\u00a0: <a href=\"https:\/\/armentieres.maville.com\/sport\/detail_-triathlon-cassandre-beaugrand-remporte-sa-quatrieme-etape-de-wtcs-a-weihai-et-prend-la-tete-du-classement-mondial_54135-7455591_actu.Htm\" target=\"_blank\" rel=\"nofollow noopener\">Triathlon. Cassandre Beaugrand remporte sa quatri\u00e8me \u00e9tape de WTCS \u00e0 Weihai et prend la t\u00eate du classement mondial<\/a><\/p>\n<p>Toutefois, les rencontres sont maintenues, bien que le match \u00ab\u00a0\u00e0 domicile\u00a0\u00bb de l\u2019Irlande contre Isra\u00ebl, pr\u00e9vu le 4\u00a0octobre, se jouera \u00e0 huis clos sur terrain neutre, en Serbie. Le match aller Isra\u00ebl-Irlande se jouera le 27\u00a0septembre en Hongrie.<\/p>\n<p>Isra\u00ebl occupe la Cisjordanie depuis 1967. Les violences perp\u00e9tr\u00e9es par des colons isra\u00e9liens \u00e0 l\u2019encontre des Palestiniens se sont intensifi\u00e9es depuis l\u2019attaque sans pr\u00e9c\u00e9dent lanc\u00e9e contre Isra\u00ebl par le Hamas depuis la bande de Gaza, le 7\u00a0octobre 2023.<\/p>\n<p>\u00a0<\/p>\n","protected":false},"excerpt":{"rendered":"Ils manqueront finalement \u00e0 l\u2019appel\u00a0: des athl\u00e8tes isra\u00e9liens qui devaient participer \u00e0 un triathlon international \u00e0 Londonderry, en&hellip;\n","protected":false},"author":2,"featured_media":199712,"comment_status":"","ping_status":"","sticky":false,"template":"","format":"standard","meta":{"footnotes":"","_share_on_mastodon":"0"},"categories":[2],"tags":[818,4891,3091,18,251,4889,110,80,2794,4890,4888,1930],"class_list":["post-199729","post","type-post","status-publish","format-standard","has-post-thumbnail","category-europe","tag-actu","tag-annonces","tag-caen","tag-europe","tag-info","tag-loisirs","tag-meteo","tag-news","tag-quotidien","tag-restaurants","tag-sortir","tag-spectacles"],"share_on_mastodon":{"url":"https:\/\/pubeurope.com\/@afrique\/117210081271900868","error":""},"_links":{"self":[{"href":"https:\/\/www.europesays.com\/afrique\/wp-json\/wp\/v2\/posts\/199729","targetHints":{"allow":["GET"]}}],"collection":[{"href":"https:\/\/www.europesays.com\/afrique\/wp-json\/wp\/v2\/posts"}],"about":[{"href":"https:\/\/www.europesays.com\/afrique\/wp-json\/wp\/v2\/types\/post"}],"author":[{"embeddable":true,"href":"https:\/\/www.europesays.com\/afrique\/wp-json\/wp\/v2\/users\/2"}],"replies":[{"embeddable":true,"href":"https:\/\/www.europesays.com\/afrique\/wp-json\/wp\/v2\/comments?post=199729"}],"version-history":[{"count":0,"href":"https:\/\/www.europesays.com\/afrique\/wp-json\/wp\/v2\/posts\/199729\/revisions"}],"wp:featuredmedia":[{"embeddable":true,"href":"https:\/\/www.europesays.com\/afrique\/wp-json\/wp\/v2\/media\/199712"}],"wp:attachment":[{"href":"https:\/\/www.europesays.com\/afrique\/wp-json\/wp\/v2\/media?parent=199729"}],"wp:term":[{"taxonomy":"category","embeddable":true,"href":"https:\/\/www.europesays.com\/afrique\/wp-json\/wp\/v2\/categories?post=199729"},{"taxonomy":"post_tag","embeddable":true,"href":"https:\/\/www.europesays.com\/afrique\/wp-json\/wp\/v2\/tags?post=199729"}],"curies":[{"name":"wp","href":"https:\/\/api.w.org\/{rel}","templated":true}]}}