{"id":199732,"date":"2026-09-04T01:09:41","date_gmt":"2026-09-04T01:09:41","guid":{"rendered":"https:\/\/www.europesays.com\/afrique\/199732\/"},"modified":"2026-09-04T01:09:41","modified_gmt":"2026-09-04T01:09:41","slug":"cote-divoire-orpaillage-illegal-le-ppa-ci-accuse-le-pouvoir-rhdp-davoir-laisse-prosperer-une-economie-parallele","status":"publish","type":"post","link":"https:\/\/www.europesays.com\/afrique\/199732\/","title":{"rendered":"C\u00f4te d&rsquo;Ivoire : Orpaillage ill\u00e9gal, le PPA-CI accuse le pouvoir RHDP d&rsquo;avoir laiss\u00e9 prosp\u00e9rer une \u00ab \u00e9conomie parall\u00e8le \u00bb"},"content":{"rendered":"<p>\u00a0<\/p>\n<p>\u00a0<\/p>\n<p>\u00a0<\/p>\n<p>\u00a0<\/p>\n<p>        <a href=\"https:\/\/www.koaci.com\/index.php\/publicite\/redirect\/encart-1_131_173?redirect_url=https%3A%2F%2Fcoop-finance.com%2F\" target=\"_blank\" rel=\"nofollow noopener\"><br \/>\n            <img decoding=\"async\" src=\"https:\/\/www.europesays.com\/afrique\/wp-content\/uploads\/2026\/04\/1775156950_616_1_jpg_1766915908.jpg\" width=\"100%\"\/><br \/>\n        <\/a><\/p>\n<p>\u00a0<\/p>\n<p>\u00a9 Koaci.com &#8211; jeudi 03 septembre 2026 &#8211; 15:26<\/p>\n<p><a href=\"https:\/\/www.koaci.com\/recherche?search=Katinan\" rel=\"nofollow noopener\" target=\"_blank\">Katinan<\/a> ce jeudi \u00e0 Cocody (Ph Koaci) <\/p>\n<p>Le <a href=\"https:\/\/www.koaci.com\/recherche?search=PPA-CI\" rel=\"nofollow noopener\" target=\"_blank\">PPA-CI<\/a> durcit le ton sur l\u2019<a href=\"https:\/\/www.koaci.com\/recherche?search=orpaillage\" rel=\"nofollow noopener\" target=\"_blank\">orpaillage<\/a> ill\u00e9gal. Au cours de la <a href=\"https:\/\/www.koaci.com\/recherche?search=tribune\" rel=\"nofollow noopener\" target=\"_blank\">tribune<\/a> anim\u00e9e ce jeudi 3 ao\u00fbt 2026 au si\u00e8ge du <a href=\"https:\/\/www.koaci.com\/recherche?search=PPA-CI\" rel=\"nofollow noopener\" target=\"_blank\">PPA-CI<\/a> par Dr Justin <a href=\"https:\/\/www.koaci.com\/recherche?search=Katinan\" rel=\"nofollow noopener\" target=\"_blank\">Katinan<\/a> Kon\u00e9, 4e vice-pr\u00e9sident du <a href=\"https:\/\/www.koaci.com\/recherche?search=parti\" rel=\"nofollow noopener\" target=\"_blank\">parti<\/a> charg\u00e9 de la politique g\u00e9n\u00e9rale, la formation politique d\u2019opposition pr\u00e9sente le ph\u00e9nom\u00e8ne comme l\u2019un des sympt\u00f4mes les plus visibles des failles de la <a href=\"https:\/\/www.koaci.com\/recherche?search=gouvernance\" rel=\"nofollow noopener\" target=\"_blank\">gouvernance<\/a> ivoirienne. Elle met directement en cause le r\u00e9gime RHDP, qu\u2019elle accuse d\u2019avoir contribu\u00e9 \u00e0 l\u2019installation puis \u00e0 la g\u00e9n\u00e9ralisation d\u2019une \u00e9conomie clandestine autour de l\u2019or.<\/p>\n<p>Le <a href=\"https:\/\/www.koaci.com\/recherche?search=parti\" rel=\"nofollow noopener\" target=\"_blank\">parti<\/a> ne r\u00e9duit pas le probl\u00e8me \u00e0 la multiplication des sites clandestins ou aux op\u00e9rations de d\u00e9mant\u00e8lement men\u00e9es par les forces de s\u00e9curit\u00e9. Son analyse remonte \u00e0 la crise politico-militaire de 2002 et \u00e0 la p\u00e9riode durant laquelle une <a href=\"https:\/\/www.koaci.com\/recherche?search=parti\" rel=\"nofollow noopener\" target=\"_blank\">parti<\/a>e du territoire \u00e9chappait au contr\u00f4le de l\u2019\u00c9tat. Selon <a href=\"https:\/\/www.koaci.com\/recherche?search=Katinan\" rel=\"nofollow noopener\" target=\"_blank\">Katinan<\/a> Kon\u00e9, c\u2019est \u00e0 cette \u00e9poque que se sont structur\u00e9s, dans les <a href=\"https:\/\/www.koaci.com\/recherche?search=zone\" rel=\"nofollow noopener\" target=\"_blank\">zone<\/a>s contr\u00f4l\u00e9es par l\u2019ex-r\u00e9bellion, des circuits informels autour de l\u2019exploitation et de la commercialisation de l\u2019or.<\/p>\n<p>Pour \u00e9tayer son argumentaire, le responsable du <a href=\"https:\/\/www.koaci.com\/recherche?search=PPA-CI\" rel=\"nofollow noopener\" target=\"_blank\">PPA-CI<\/a> s\u2019appuie sur diff\u00e9rents travaux et rapports consacr\u00e9s \u00e0 l\u2019\u00e9conomie aurif\u00e8re dans le nord du pays et aux activit\u00e9s mini\u00e8res durant la crise. Il cite notamment des rapports des Nations unies, des travaux universitaires ainsi que des enqu\u00eates journalistiques. La <a href=\"https:\/\/www.koaci.com\/recherche?search=tribune\" rel=\"nofollow noopener\" target=\"_blank\">tribune<\/a> soutient que les r\u00e9seaux constitu\u00e9s durant cette p\u00e9riode n\u2019auraient pas disparu avec la fin de la crise, mais auraient \u00e9volu\u00e9 avec la recomposition politique et administrative intervenue apr\u00e8s 2011.<\/p>\n<p>C\u2019est pr\u00e9cis\u00e9ment cette continuit\u00e9 que le <a href=\"https:\/\/www.koaci.com\/recherche?search=PPA-CI\" rel=\"nofollow noopener\" target=\"_blank\">PPA-CI<\/a> veut placer au centre du d\u00e9bat. Pour le <a href=\"https:\/\/www.koaci.com\/recherche?search=parti\" rel=\"nofollow noopener\" target=\"_blank\">parti<\/a>, la progression spectaculaire de l\u2019<a href=\"https:\/\/www.koaci.com\/recherche?search=orpaillage\" rel=\"nofollow noopener\" target=\"_blank\">orpaillage<\/a> clandestin au cours des derni\u00e8res ann\u00e9es ne peut \u00eatre expliqu\u00e9e uniquement par la hausse du cours de l\u2019or ou par la pauvret\u00e9. Elle serait \u00e9galement li\u00e9e \u00e0 un mod\u00e8le \u00e9conomique qui, selon lui, favorise l\u2019argent rapide, la consommation ostentatoire et les activit\u00e9s \u00e0 rendement imm\u00e9diat.<\/p>\n<p>La <a href=\"https:\/\/www.koaci.com\/recherche?search=tribune\" rel=\"nofollow noopener\" target=\"_blank\">tribune<\/a> \u00e9tablit ainsi un parall\u00e8le entre l\u2019<a href=\"https:\/\/www.koaci.com\/recherche?search=orpaillage\" rel=\"nofollow noopener\" target=\"_blank\">orpaillage<\/a>, la corruption, les trafics, le d\u00e9crochage scolaire et d\u2019autres ph\u00e9nom\u00e8nes sociaux. L\u2019argument d\u00e9fendu est que ces r\u00e9alit\u00e9s ne constituent pas des probl\u00e8mes isol\u00e9s. Elles seraient les diff\u00e9rentes expressions d\u2019un m\u00eame d\u00e9s\u00e9quilibre : une soci\u00e9t\u00e9 o\u00f9 les signes de r\u00e9ussite mat\u00e9rielle sont fortement valoris\u00e9s alors que l\u2019acc\u00e8s \u00e0 l\u2019emploi stable, au cr\u00e9dit et aux opportunit\u00e9s \u00e9conomiques demeure in\u00e9gal.<\/p>\n<p>Dans cette lecture, l\u2019<a href=\"https:\/\/www.koaci.com\/recherche?search=orpaillage\" rel=\"nofollow noopener\" target=\"_blank\">orpaillage<\/a> clandestin devient une activit\u00e9 <a href=\"https:\/\/www.koaci.com\/recherche?search=parti\" rel=\"nofollow noopener\" target=\"_blank\">parti<\/a>culi\u00e8rement attractive pour les populations disposant de peu de ressources. Il offre, selon le <a href=\"https:\/\/www.koaci.com\/recherche?search=PPA-CI\" rel=\"nofollow noopener\" target=\"_blank\">PPA-CI<\/a>, une possibilit\u00e9 de g\u00e9n\u00e9rer rapidement des revenus sans n\u00e9cessiter de dipl\u00f4me, de compte bancaire ou d\u2019acc\u00e8s au cr\u00e9dit. La r\u00e9pression seule serait donc condamn\u00e9e \u00e0 produire des r\u00e9sultats temporaires tant que les raisons \u00e9conomiques qui poussent les populations vers ces sites demeurent intactes.<\/p>\n<p>Le <a href=\"https:\/\/www.koaci.com\/recherche?search=parti\" rel=\"nofollow noopener\" target=\"_blank\">parti<\/a> s\u2019appuie \u00e9galement sur l\u2019ampleur du ph\u00e9nom\u00e8ne pour mettre en doute l\u2019efficacit\u00e9 des r\u00e9ponses actuelles. Il \u00e9voque plus de 1 600 sites clandestins recens\u00e9s en 2026, ainsi que plusieurs milliers de sites d\u00e9mantel\u00e9s depuis 2021. Il rel\u00e8ve aussi les cons\u00e9quences environnementales de cette activit\u00e9, notamment la d\u00e9gradation des terres agricoles, la pollution des cours d\u2019eau et l\u2019utilisation de produits chimiques dangereux.<\/p>\n<p>Pour <a href=\"https:\/\/www.koaci.com\/recherche?search=Katinan\" rel=\"nofollow noopener\" target=\"_blank\">Katinan<\/a> Kon\u00e9, l\u2019enjeu d\u00e9passe ainsi largement le secteur minier. La destruction des terres agricoles, la pollution des ressources en eau et la d\u00e9gradation du couvert forestier constitueraient les cons\u00e9quences \u00e0 long terme d&rsquo;une activit\u00e9 dont les b\u00e9n\u00e9fices imm\u00e9diats profitent principalement \u00e0 l&rsquo;\u00e9conomie souterraine.<\/p>\n<p>Le <a href=\"https:\/\/www.koaci.com\/recherche?search=PPA-CI\" rel=\"nofollow noopener\" target=\"_blank\">PPA-CI<\/a> conteste surtout la lecture qu\u2019il pr\u00eate au gouvernement concernant l\u2019intensification r\u00e9cente des op\u00e9rations contre l\u2019<a href=\"https:\/\/www.koaci.com\/recherche?search=orpaillage\" rel=\"nofollow noopener\" target=\"_blank\">orpaillage<\/a>. Le <a href=\"https:\/\/www.koaci.com\/recherche?search=parti\" rel=\"nofollow noopener\" target=\"_blank\">parti<\/a> estime que la multiplication des annonces de saisies, de destructions de dragues, de d\u00e9mant\u00e8lements de sites et d\u2019interpellations r\u00e9pondrait moins \u00e0 une strat\u00e9gie durable qu\u2019\u00e0 la n\u00e9cessit\u00e9 de d\u00e9montrer des r\u00e9sultats avant une \u00e9ch\u00e9ance internationale.<\/p>\n<p><\/p>\n<p>\u00a0<\/p>\n<p>Cette \u00e9ch\u00e9ance, c\u2019est celle du Groupe d\u2019action financi\u00e8re (GAFI). La C\u00f4te d\u2019Ivoire figure depuis octobre 2024 sur la liste des juridictions faisant l\u2019objet d\u2019une surveillance accrue en mati\u00e8re de lutte contre le blanchiment de capitaux et le financement du terrorisme. Pour le <a href=\"https:\/\/www.koaci.com\/recherche?search=PPA-CI\" rel=\"nofollow noopener\" target=\"_blank\">PPA-CI<\/a>, les autorit\u00e9s chercheraient donc \u00e0 pr\u00e9senter des r\u00e9sultats tangibles dans la lutte contre les circuits financiers clandestins avant la prochaine \u00e9valuation internationale.<\/p>\n<p>Le <a href=\"https:\/\/www.koaci.com\/recherche?search=parti\" rel=\"nofollow noopener\" target=\"_blank\">parti<\/a> va plus loin en \u00e9tablissant un lien entre l\u2019<a href=\"https:\/\/www.koaci.com\/recherche?search=orpaillage\" rel=\"nofollow noopener\" target=\"_blank\">orpaillage<\/a> clandestin et les exigences de tra\u00e7abilit\u00e9 financi\u00e8re. Les activit\u00e9s mini\u00e8res ill\u00e9gales g\u00e9n\u00e8rent en effet des flux financiers difficiles \u00e0 contr\u00f4ler, impliquant potentiellement exploitants, financeurs, fournisseurs d\u2019\u00e9quipements, acheteurs, collecteurs et interm\u00e9diaires. Pour l\u2019opposition, c\u2019est pr\u00e9cis\u00e9ment cette cha\u00eene qu\u2019il faudrait d\u00e9manteler plut\u00f4t que de concentrer les op\u00e9rations sur les seuls travailleurs pr\u00e9sents sur les sites.<\/p>\n<p>\u00ab On ne combat pas efficacement un mauvais arbre en ne s\u2019attaquant seulement qu\u2019aux feuilles \u00bb, r\u00e9sume la <a href=\"https:\/\/www.koaci.com\/recherche?search=tribune\" rel=\"nofollow noopener\" target=\"_blank\">tribune<\/a>, qui reproche au gouvernement de s\u2019en prendre prioritairement aux ex\u00e9cutants alors que les r\u00e9seaux de financement et de commercialisation resteraient insuffisamment cibl\u00e9s.<\/p>\n<p>Le <a href=\"https:\/\/www.koaci.com\/recherche?search=PPA-CI\" rel=\"nofollow noopener\" target=\"_blank\">PPA-CI<\/a> propose d\u00e8s lors de changer de m\u00e9thode. \u00c0 court terme, il pr\u00e9conise une cartographie nationale des sites, un renforcement du renseignement \u00e9conomique et territorial, un contr\u00f4le accru des \u00e9quipements lourds et des flux financiers, ainsi qu\u2019une protection renforc\u00e9e des <a href=\"https:\/\/www.koaci.com\/recherche?search=zone\" rel=\"nofollow noopener\" target=\"_blank\">zone<\/a>s hydriques et \u00e9cologiquement sensibles.<\/p>\n<p>Le <a href=\"https:\/\/www.koaci.com\/recherche?search=parti\" rel=\"nofollow noopener\" target=\"_blank\">parti<\/a> demande \u00e9galement que les op\u00e9rations de lutte soient accompagn\u00e9es d\u2019indicateurs permettant d\u2019en mesurer les r\u00e9sultats. Nombre de sites s\u00e9curis\u00e9s, \u00e9quipements saisis, r\u00e9seaux financiers identifi\u00e9s, proc\u00e9dures judiciaires engag\u00e9es, superficies restaur\u00e9es ou encore <a href=\"https:\/\/www.koaci.com\/recherche?search=zone\" rel=\"nofollow noopener\" target=\"_blank\">zone<\/a>s hydriques prot\u00e9g\u00e9es devraient, selon cette proposition, faire l\u2019objet d\u2019un suivi r\u00e9gulier et v\u00e9rifiable.<\/p>\n<p>Mais la r\u00e9ponse du <a href=\"https:\/\/www.koaci.com\/recherche?search=PPA-CI\" rel=\"nofollow noopener\" target=\"_blank\">PPA-CI<\/a> ne se limite pas \u00e0 la r\u00e9pression. Le <a href=\"https:\/\/www.koaci.com\/recherche?search=parti\" rel=\"nofollow noopener\" target=\"_blank\">parti<\/a> d\u00e9fend une transformation plus profonde de l\u2019\u00e9conomie aurif\u00e8re. Il propose notamment une formalisation mieux encadr\u00e9e de l\u2019exploitation artisanale, la cr\u00e9ation de coop\u00e9ratives, le d\u00e9veloppement d\u2019alternatives \u00e9conomiques dans les <a href=\"https:\/\/www.koaci.com\/recherche?search=zone\" rel=\"nofollow noopener\" target=\"_blank\">zone<\/a>s mini\u00e8res et une implication accrue des communaut\u00e9s locales.<\/p>\n<p>L\u2019objectif affich\u00e9 est de faire \u00e9voluer le secteur d\u2019une \u00e9conomie clandestine vers un syst\u00e8me l\u00e9gal, tra\u00e7able et fiscalis\u00e9. Cette transformation devrait \u00e9galement s\u2019accompagner, selon le <a href=\"https:\/\/www.koaci.com\/recherche?search=parti\" rel=\"nofollow noopener\" target=\"_blank\">parti<\/a>, d\u2019une obligation de r\u00e9habilitation des sites d\u00e9grad\u00e9s et d\u2019une meilleure protection des ressources naturelles.<\/p>\n<p>Au-del\u00e0 de l\u2019or, la <a href=\"https:\/\/www.koaci.com\/recherche?search=tribune\" rel=\"nofollow noopener\" target=\"_blank\">tribune<\/a> remet en cause le mod\u00e8le \u00e9conomique et social d\u00e9fendu par le pouvoir depuis 2011. Le <a href=\"https:\/\/www.koaci.com\/recherche?search=PPA-CI\" rel=\"nofollow noopener\" target=\"_blank\">PPA-CI<\/a> estime que les performances \u00e9conomiques ne devraient pas \u00eatre appr\u00e9ci\u00e9es uniquement \u00e0 travers la croissance, les infrastructures ou la consommation. Il plaide pour que soient davantage pris en compte l\u2019emploi formel, l\u2019acc\u00e8s au cr\u00e9dit, la r\u00e9ussite scolaire, la couverture sociale et la qualit\u00e9 des services essentiels.<\/p>\n<p>Dans son raisonnement, la question de l\u2019inclusion financi\u00e8re occupe une place centrale. Une population largement exclue du cr\u00e9dit formel mais confront\u00e9e \u00e0 des besoins imm\u00e9diats serait davantage expos\u00e9e aux circuits informels et aux activit\u00e9s g\u00e9n\u00e9ratrices de revenus rapides. Le <a href=\"https:\/\/www.koaci.com\/recherche?search=parti\" rel=\"nofollow noopener\" target=\"_blank\">parti<\/a> propose donc de renforcer l\u2019acc\u00e8s au financement productif, au cr\u00e9dit scolaire et \u00e9tudiant, ainsi qu\u2019aux m\u00e9canismes de protection sociale.<\/p>\n<p>Cette approche vise aussi les jeunes. Le <a href=\"https:\/\/www.koaci.com\/recherche?search=PPA-CI\" rel=\"nofollow noopener\" target=\"_blank\">PPA-CI<\/a> estime que l\u2019\u00e9cole et la formation professionnelle doivent redevenir des investissements suffisamment attractifs pour concurrencer les activit\u00e9s informelles qui promettent des revenus imm\u00e9diats. Sans perspectives cr\u00e9dibles d\u2019insertion, pr\u00e9vient la formation politique, les op\u00e9rations de d\u00e9mant\u00e8lement risquent de d\u00e9placer le probl\u00e8me plut\u00f4t que de le r\u00e9soudre.<\/p>\n<p><\/p>\n<p>\u00a0<\/p>\n<p>La question environnementale constitue l\u2019autre volet majeur de la proposition. Le <a href=\"https:\/\/www.koaci.com\/recherche?search=parti\" rel=\"nofollow noopener\" target=\"_blank\">parti<\/a> demande une application effective de la Convention de Minamata, le principe du pollueur-payeur, une protection prioritaire des bassins versants et une prise en compte de la d\u00e9gradation du capital naturel dans l\u2019\u00e9valuation de la richesse nationale.<\/p>\n<p>Derri\u00e8re cette s\u00e9rie de propositions se dessine donc une critique plus large de la politique gouvernementale. Pour le <a href=\"https:\/\/www.koaci.com\/recherche?search=PPA-CI\" rel=\"nofollow noopener\" target=\"_blank\">PPA-CI<\/a>, l\u2019<a href=\"https:\/\/www.koaci.com\/recherche?search=orpaillage\" rel=\"nofollow noopener\" target=\"_blank\">orpaillage<\/a> ill\u00e9gal ne peut \u00eatre trait\u00e9 comme une simple question de s\u00e9curit\u00e9 ou de police. Il faut, selon lui, s\u2019attaquer aux m\u00e9canismes \u00e9conomiques, financiers, sociaux et institutionnels qui permettent \u00e0 cette activit\u00e9 de rena\u00eetre apr\u00e8s chaque op\u00e9ration de d\u00e9mant\u00e8lement.<\/p>\n<p>La <a href=\"https:\/\/www.koaci.com\/recherche?search=tribune\" rel=\"nofollow noopener\" target=\"_blank\">tribune<\/a> de Justin <a href=\"https:\/\/www.koaci.com\/recherche?search=Katinan\" rel=\"nofollow noopener\" target=\"_blank\">Katinan<\/a> Kon\u00e9 se termine ainsi sur une accusation politique assum\u00e9e : le pouvoir RHDP serait confront\u00e9 aux cons\u00e9quences d\u2019un syst\u00e8me qu\u2019il aurait lui-m\u00eame contribu\u00e9 \u00e0 installer ou \u00e0 laisser prosp\u00e9rer. Le <a href=\"https:\/\/www.koaci.com\/recherche?search=PPA-CI\" rel=\"nofollow noopener\" target=\"_blank\">PPA-CI<\/a> consid\u00e8re que la persistance du ph\u00e9nom\u00e8ne doit d\u00e9sormais servir de crit\u00e8re d\u2019\u00e9valuation de l\u2019action publique.<\/p>\n<p>Une affirmation qui appelle toutefois \u00e0 distinguer les responsabilit\u00e9s historiquement document\u00e9es des accusations politiques formul\u00e9es par l\u2019opposition. C\u2019est pr\u00e9cis\u00e9ment sur ce terrain que se jouera le d\u00e9bat : entre l\u2019ampleur r\u00e9elle des r\u00e9seaux d\u2019<a href=\"https:\/\/www.koaci.com\/recherche?search=orpaillage\" rel=\"nofollow noopener\" target=\"_blank\">orpaillage<\/a>, la capacit\u00e9 de l\u2019\u00c9tat \u00e0 les d\u00e9manteler durablement et la question de savoir jusqu\u2019o\u00f9 remontent les responsabilit\u00e9s dans leur financement, leur protection et leur commercialisation.<\/p>\n<p>Pour le <a href=\"https:\/\/www.koaci.com\/recherche?search=PPA-CI\" rel=\"nofollow noopener\" target=\"_blank\">PPA-CI<\/a>, la conclusion est sans ambigu\u00eft\u00e9 : tant que les causes \u00e9conomiques et institutionnelles resteront intactes, la destruction des sites clandestins ne suffira pas. La lutte contre l\u2019<a href=\"https:\/\/www.koaci.com\/recherche?search=orpaillage\" rel=\"nofollow noopener\" target=\"_blank\">orpaillage<\/a> ill\u00e9gal, estime le <a href=\"https:\/\/www.koaci.com\/recherche?search=parti\" rel=\"nofollow noopener\" target=\"_blank\">parti<\/a>, doit donc d\u00e9passer le temps des op\u00e9rations spectaculaires pour devenir une v\u00e9ritable politique de transformation de l\u2019\u00e9conomie aurif\u00e8re et des territoires concern\u00e9s.<\/p>\n<p>Jean Chresus, Abidjan <\/p>\n<p><\/p>\n<p>\u00a0<\/p>\n<p>\u00a0<\/p>\n<p>                    <img decoding=\"async\" src=\"https:\/\/www.europesays.com\/afrique\/wp-content\/uploads\/2026\/04\/1775156951_759_user0.jpg\" width=\"50\" alt=\"\" class=\"KoaciRounded\"\/><\/p>\n<p>\u00a0 Par Koaci<\/p>\n<p>\u00a0<\/p>\n<p>\u00a0<\/p>\n","protected":false},"excerpt":{"rendered":"\u00a0 \u00a0 \u00a0 \u00a0 \u00a0 \u00a9 Koaci.com &#8211; jeudi 03 septembre 2026 &#8211; 15:26 Katinan ce jeudi \u00e0&hellip;\n","protected":false},"author":2,"featured_media":199733,"comment_status":"","ping_status":"","sticky":false,"template":"","format":"standard","meta":{"footnotes":"","_share_on_mastodon":"0"},"categories":[154],"tags":[281,280,216,251,279,294],"class_list":["post-199732","post","type-post","status-publish","format-standard","has-post-thumbnail","category-cote-divoire","tag-actualite","tag-article","tag-cote-divoire","tag-info","tag-koaci","tag-koaci-cote-d"],"share_on_mastodon":{"url":"https:\/\/pubeurope.com\/@afrique\/117210104865490451","error":""},"_links":{"self":[{"href":"https:\/\/www.europesays.com\/afrique\/wp-json\/wp\/v2\/posts\/199732","targetHints":{"allow":["GET"]}}],"collection":[{"href":"https:\/\/www.europesays.com\/afrique\/wp-json\/wp\/v2\/posts"}],"about":[{"href":"https:\/\/www.europesays.com\/afrique\/wp-json\/wp\/v2\/types\/post"}],"author":[{"embeddable":true,"href":"https:\/\/www.europesays.com\/afrique\/wp-json\/wp\/v2\/users\/2"}],"replies":[{"embeddable":true,"href":"https:\/\/www.europesays.com\/afrique\/wp-json\/wp\/v2\/comments?post=199732"}],"version-history":[{"count":0,"href":"https:\/\/www.europesays.com\/afrique\/wp-json\/wp\/v2\/posts\/199732\/revisions"}],"wp:featuredmedia":[{"embeddable":true,"href":"https:\/\/www.europesays.com\/afrique\/wp-json\/wp\/v2\/media\/199733"}],"wp:attachment":[{"href":"https:\/\/www.europesays.com\/afrique\/wp-json\/wp\/v2\/media?parent=199732"}],"wp:term":[{"taxonomy":"category","embeddable":true,"href":"https:\/\/www.europesays.com\/afrique\/wp-json\/wp\/v2\/categories?post=199732"},{"taxonomy":"post_tag","embeddable":true,"href":"https:\/\/www.europesays.com\/afrique\/wp-json\/wp\/v2\/tags?post=199732"}],"curies":[{"name":"wp","href":"https:\/\/api.w.org\/{rel}","templated":true}]}}