{"id":199746,"date":"2026-09-04T01:23:40","date_gmt":"2026-09-04T01:23:40","guid":{"rendered":"https:\/\/www.europesays.com\/afrique\/199746\/"},"modified":"2026-09-04T01:23:40","modified_gmt":"2026-09-04T01:23:40","slug":"a-leurope-les-smartphones-a-lafrique-leurs-dechets","status":"publish","type":"post","link":"https:\/\/www.europesays.com\/afrique\/199746\/","title":{"rendered":"\u00c0 l\u2019Europe les smartphones, \u00e0 l\u2019Afrique leurs d\u00e9chets"},"content":{"rendered":"<p><img decoding=\"async\" class=\"image block loader\" src=\"https:\/\/www.europesays.com\/afrique\/wp-content\/uploads\/2026\/09\/espagne_trafic_dechets_afrique_1256-1256x628-1672851650.jpg\"   alt=\"\" width=\"1256\" height=\"628\" fetchpriority=\"high\"\/><\/p>\n<p>\n\t\t\t\tUn important trafic de d\u00e9chets polluants, envoy\u00e9 depuis l\u2019Europe vers l\u2019Afrique, a \u00e9t\u00e9 r\u00e9v\u00e9l\u00e9 par les autorit\u00e9s espagnoles. \u00a9 Damien Glez.\n\t\t\t<\/p>\n<p class=\"data-publish md:max-xl:flex -last:mt-16 !mb-0 gap-x-20 text-main-secondary\">\n\t\tPubli\u00e9 le 4 janvier 2023 \u00e0 17h59, modifi\u00e9 \u00e0 18h00<br \/>\n\t\tLecture : 2 minutes.\n<\/p>\n<p class=\"hidden print:block text-main-secondary mt-15\">\n\tFichier g\u00e9n\u00e9r\u00e9 le <\/p>\n<p>De nombreux d\u00e9chets \u00e9lectroniques contiennent du mercure, du plomb, du cadmium, de l\u2019arsenic et du phosphore, qui n\u00e9cessitent une d\u00e9contamination par des entreprises sp\u00e9cialis\u00e9es. Un effort qui n\u2019est pas du go\u00fbt de certaines soci\u00e9t\u00e9s occidentales qui contournent la proc\u00e9dure au m\u00e9pris des lois et de l\u2019<a href=\"https:\/\/www.jeuneafrique.com\/1389577\/societe\/la-pollution-urbaine-tue-deux-fois-plus-en-afrique-quailleurs\/\" rel=\"nofollow noopener\" target=\"_blank\">impact environnemental<\/a>, notamment dans les pays destinataires des rebuts, g\u00e9n\u00e9ralement situ\u00e9s dans la partie sud de l\u2019h\u00e9misph\u00e8re.<\/p>\n<p> A lire : <a class=\"box-read__content sub-pin\" href=\"https:\/\/www.jeuneafrique.com\/1400784\/economie-entreprises\/mass-thiam-au-senegal-la-gestion-des-dechets-est-un-prealable-absolu-au-developpement\/\" rel=\"nofollow noopener\" target=\"_blank\">Mass Thiam\u202f: \u00ab\u202fAu S\u00e9n\u00e9gal, la gestion des d\u00e9chets est un pr\u00e9alable absolu au d\u00e9veloppement\u202f\u00bb<\/a><\/p>\n<p>Le 3 janvier, le minist\u00e8re espagnol des Finances a annonc\u00e9 le d\u00e9mant\u00e8lement par les douanes et la Garde civile d\u2019une organisation ayant export\u00e9, sur deux ans et vers l\u2019Afrique, plus de 5 000 tonnes de d\u00e9chets dangereux pour un b\u00e9n\u00e9fice de plus d\u2019un million et demi d\u2019euros, soit pr\u00e8s d\u2019un milliard de francs CFA. Au total, 43 individus ont \u00e9t\u00e9 interpell\u00e9s \u00ab\u00a0pour des d\u00e9lits pr\u00e9sum\u00e9s contre l\u2019environnement, faux et usage de faux et appartenance \u00e0 une organisation criminelle\u00a0\u00bb.<\/p>\n<p>\t\t\t\tla suite apr\u00e8s cette publicit\u00e9<\/p>\n<p>    Substances et gaz toxiques<\/p>\n<p>Vou\u00e9s \u00e0 la d\u00e9contamination, les composants \u00e9lectroniques d\u00e9class\u00e9s \u00e9taient retir\u00e9s de la fili\u00e8re l\u00e9gale \u00e0 l\u2019aide d\u2019une \u00ab\u00a0suppos\u00e9e entreprise de gestion qui falsifiait des documents sur la provenance et la gestion\u00a0\u00bb. Ils \u00e9taient ensuite pr\u00e9sent\u00e9s comme des articles de seconde main r\u00e9utilisables sur le march\u00e9 des produits et rejoignaient l\u2019archipel espagnol des Canaries, au large de la c\u00f4te nord-ouest de l\u2019Afrique. De Tenerife, par bateaux, les d\u00e9chets \u00e9taient d\u00e9vers\u00e9s principalement au S\u00e9n\u00e9gal, au Nigeria, en Mauritanie et au Ghana.<\/p>\n<p> A lire : <a class=\"box-read__content \" href=\"https:\/\/www.jeuneafrique.com\/743216\/societe\/affaire-des-dechets-toxiques-en-cote-divoire-adama-bictogo-vise-par-une-plainte-des-victimes-du-probo-koala\/\" rel=\"nofollow noopener\" target=\"_blank\">Affaire des d\u00e9chets toxiques en C\u00f4te d\u2019Ivoire : Adama Bictogo vis\u00e9 par une plainte des victimes du Probo Koala<\/a><\/p>\n<p>C\u2019est pourtant avec d\u00e9sesp\u00e9rance que les populations africaines voient le cobalt ou le tantale quitter, <a href=\"https:\/\/www.jeuneafrique.com\/1330583\/economie-entreprises\/mines-les-etats-africains-ont-pris-conscience-de-leur-pouvoir\/\" rel=\"nofollow noopener\" target=\"_blank\">dans des conditions souvent d\u00e9savantageuses<\/a>, leur continent pour l\u2019industrie des smartphones. D\u00e9sormais, ces t\u00e9l\u00e9phones \u2013 suppos\u00e9ment intelligents, eux \u2013 leur reviennent dans de tristes flux de pi\u00e8ces inutilisables, qui encombrent les pays du Sud et d\u00e9gagent des substances et des gaz toxiques aux niveaux locaux et de la couche d\u2019ozone. D\u00e9j\u00e0 principaux responsables du r\u00e9chauffement climatique, des acteurs du Nord mal intentionn\u00e9s entendent \u00e0 pr\u00e9sent faire des pays africains des pollueurs malgr\u00e9 eux. Il reste \u00e0 identifier les na\u00effs ou les escrocs qui, au Sud, acceptent de r\u00e9ceptionner ces marchandises mortif\u00e8res\u2026<\/p>\n<p>\t\t\t\tla suite apr\u00e8s cette publicit\u00e9<\/p>\n<p>\t\t\t\tLa Matinale.<\/p>\n<p class=\"box-newsletter__text text-16 leading-24 text-main-primary font-medium\">\n\t\t\t\tChaque matin, recevez les 10 informations cl\u00e9s de l\u2019actualit\u00e9 africaine.\n\t\t\t<\/p>\n<p><img class=\"image md:absolute block \" src=\"https:\/\/www.jeuneafrique.com\/cdn-cgi\/image\/q=auto,f=auto,metadata=none,width=137,height=137\/https:\/\/www.jeuneafrique.com\/build\/2023\/images\/nl-morning.svg\" loading=\"lazy\" decoding=\"async\" alt=\"Image\" width=\"137\" height=\"137\"\/><\/p>\n<p class=\"article-authors__author font-sans text-16 leading-22 -last:mb-16\">\n<p>\t\t\t\tDamien Glez<\/p>\n<p>\t\t\t\tDessinateur et \u00e9ditorialiste franco-burkinab\u00e8.<\/p>\n","protected":false},"excerpt":{"rendered":"Un important trafic de d\u00e9chets polluants, envoy\u00e9 depuis l\u2019Europe vers l\u2019Afrique, a \u00e9t\u00e9 r\u00e9v\u00e9l\u00e9 par les autorit\u00e9s espagnoles.&hellip;\n","protected":false},"author":2,"featured_media":199747,"comment_status":"","ping_status":"","sticky":false,"template":"","format":"standard","meta":{"footnotes":"","_share_on_mastodon":"0"},"categories":[2],"tags":[38312,40333,52,51,2031,13634,115],"class_list":["post-199746","post","type-post","status-publish","format-standard","has-post-thumbnail","category-europe","tag-damien-glez","tag-environnement-climat","tag-europe-africa","tag-europe-afrique","tag-opinion","tag-smartphone","tag-societe"],"share_on_mastodon":{"url":"https:\/\/pubeurope.com\/@afrique\/117210159686684447","error":""},"_links":{"self":[{"href":"https:\/\/www.europesays.com\/afrique\/wp-json\/wp\/v2\/posts\/199746","targetHints":{"allow":["GET"]}}],"collection":[{"href":"https:\/\/www.europesays.com\/afrique\/wp-json\/wp\/v2\/posts"}],"about":[{"href":"https:\/\/www.europesays.com\/afrique\/wp-json\/wp\/v2\/types\/post"}],"author":[{"embeddable":true,"href":"https:\/\/www.europesays.com\/afrique\/wp-json\/wp\/v2\/users\/2"}],"replies":[{"embeddable":true,"href":"https:\/\/www.europesays.com\/afrique\/wp-json\/wp\/v2\/comments?post=199746"}],"version-history":[{"count":0,"href":"https:\/\/www.europesays.com\/afrique\/wp-json\/wp\/v2\/posts\/199746\/revisions"}],"wp:featuredmedia":[{"embeddable":true,"href":"https:\/\/www.europesays.com\/afrique\/wp-json\/wp\/v2\/media\/199747"}],"wp:attachment":[{"href":"https:\/\/www.europesays.com\/afrique\/wp-json\/wp\/v2\/media?parent=199746"}],"wp:term":[{"taxonomy":"category","embeddable":true,"href":"https:\/\/www.europesays.com\/afrique\/wp-json\/wp\/v2\/categories?post=199746"},{"taxonomy":"post_tag","embeddable":true,"href":"https:\/\/www.europesays.com\/afrique\/wp-json\/wp\/v2\/tags?post=199746"}],"curies":[{"name":"wp","href":"https:\/\/api.w.org\/{rel}","templated":true}]}}