{"id":199784,"date":"2026-09-04T02:19:56","date_gmt":"2026-09-04T02:19:56","guid":{"rendered":"https:\/\/www.europesays.com\/afrique\/199784\/"},"modified":"2026-09-04T02:19:56","modified_gmt":"2026-09-04T02:19:56","slug":"cote-divoire-le-gouvernement-veut-accelerer-la-digitalisation-des-services-publics-et-viser-le-zero-papier-en-2030","status":"publish","type":"post","link":"https:\/\/www.europesays.com\/afrique\/199784\/","title":{"rendered":"C\u00f4te d&rsquo;Ivoire : le gouvernement veut acc\u00e9l\u00e9rer la digitalisation des services publics et viser le \u00ab Z\u00e9ro Papier \u00bb en 2030"},"content":{"rendered":"<p>\u00a0<\/p>\n<p>\u00a0<\/p>\n<p>\u00a0<\/p>\n<p>\u00a0<\/p>\n<p>        <a href=\"https:\/\/www.koaci.com\/index.php\/publicite\/redirect\/encart-1_131_173?redirect_url=https%3A%2F%2Fcoop-finance.com%2F\" target=\"_blank\" rel=\"nofollow noopener\"><br \/>\n            <img decoding=\"async\" src=\"https:\/\/www.europesays.com\/afrique\/wp-content\/uploads\/2026\/04\/1775156950_616_1_jpg_1766915908.jpg\" width=\"100%\"\/><br \/>\n        <\/a><\/p>\n<p>\u00a0<\/p>\n<p>\u00a9 Koaci.com &#8211; jeudi 03 septembre 2026 &#8211; 13:56<\/p>\n<p>Moins de files d\u2019attente, moins de documents \u00e0 fournir et davantage de d\u00e9marches accessibles \u00e0 distance. La C\u00f4te d\u2019Ivoire veut franchir un nouveau cap dans la transformation num\u00e9rique de son administration. Cette ambition est au c\u0153ur de l\u2019Atelier national de priorisation des services publics num\u00e9riques, ouvert jeudi 3 septembre 2026 au Radisson Blu H\u00f4tel d\u2019<a href=\"https:\/\/www.koaci.com\/recherche?search=Abidjan\" rel=\"nofollow noopener\" target=\"_blank\">Abidjan<\/a>, \u00e0 l\u2019initiative du minist\u00e8re de la Transition num\u00e9rique et de l\u2019Innovation technologique et de la Soci\u00e9t\u00e9 nationale de d\u00e9veloppement informatique (SNDI).<\/p>\n<p>Durant deux jours, pr\u00e8s de 84 participants issus de 56 institutions, minist\u00e8res et structures sont appel\u00e9s \u00e0 identifier les services publics \u00e0 fort impact pour les citoyens et les entreprises.<\/p>\n<p>L\u2019objectif est de retenir une premi\u00e8re liste de 100 services prioritaires et contribuer \u00e0 la feuille de route nationale des infrastructures publiques num\u00e9riques.<\/p>\n<p>Pr\u00e9sidant l\u2019ouverture des travaux, le ministre de la Transition num\u00e9rique et de l\u2019Innovation technologique, <a href=\"https:\/\/www.koaci.com\/recherche?search=Djibril\" rel=\"nofollow noopener\" target=\"_blank\">Djibril<\/a> Ouattara, a insist\u00e9 sur la n\u00e9cessit\u00e9 de placer l\u2019usager au centre de la transformation.<\/p>\n<p>\u00ab Nous avons la responsabilit\u00e9 d\u2019\u00e9viter des cauchemars \u00e0 nos concitoyens dans le parcours qu\u2019ils ont avec notre administration. Nous avons l\u2019obligation d\u2019anticiper sur leurs besoins \u00bb, a-t-il d\u00e9clar\u00e9.<\/p>\n<p>Pour le ministre, cette transformation doit permettre \u00e0 l\u2019\u00c9tat de mieux coordonner ses syst\u00e8mes et d\u2019\u00e9viter que le citoyen fournisse plusieurs fois les m\u00eames informations.<\/p>\n<p>Le principe d\u00e9fendu est simple : une information d\u00e9j\u00e0 d\u00e9tenue par l\u2019administration ne devrait plus \u00eatre r\u00e9clam\u00e9e \u00e0 l\u2019usager.<\/p>\n<p>Le Ministre <a href=\"https:\/\/www.koaci.com\/recherche?search=Djibril\" rel=\"nofollow noopener\" target=\"_blank\">Djibril<\/a> Ouattara a notamment cit\u00e9 les concours administratifs, estimant que le certificat de nationalit\u00e9, le casier judiciaire ou encore les dipl\u00f4mes devraient pouvoir \u00eatre transmis directement entre plateformes publiques.<\/p>\n<p><\/p>\n<p>\u00a0<\/p>\n<p>Repr\u00e9sentant la ministre d\u2019\u00c9tat, ministre de la Fonction publique et de la Modernisation de l\u2019Administration, Anne D\u00e9sir\u00e9e Oulotto Lamizana, le Directeur de Cabinet Adjoint, Yao N\u2019guettia J\u00e9r\u00f4me, a \u00e9galement plaid\u00e9 pour une administration \u00ab amie du citoyen \u00bb.<\/p>\n<p>\u00abLa r\u00e9ussite de notre transformation num\u00e9rique ne se mesurera pas au nombre de plateformes cr\u00e9\u00e9es, mais au nombre de difficult\u00e9s supprim\u00e9es pour le citoyen \u00bb, a-t-il fait valoir.<\/p>\n<p>La SNDI veut passer \u00e0 la vitesse sup\u00e9rieure. Pour le Directeur g\u00e9n\u00e9ral de la SNDI, M. Nongolougo Soro, l\u2019enjeu est d\u00e9sormais de g\u00e9n\u00e9raliser l\u2019interop\u00e9rabilit\u00e9 entre les administrations. Une plateforme existe d\u00e9j\u00e0 et permet les \u00e9changes s\u00e9curis\u00e9s entre plusieurs syst\u00e8mes d\u2019information publics.<\/p>\n<p>La priorit\u00e9 est maintenant d\u2019\u00e9tendre son utilisation et d\u2019identifier les services n\u00e9cessitant des infrastructures communes, notamment l\u2019identit\u00e9 num\u00e9rique, les \u00e9changes s\u00e9curis\u00e9s de donn\u00e9es et les paiements num\u00e9riques.<\/p>\n<p>La C\u00f4te d\u2019Ivoire entend surtout regarder plus loin. Le Ministre <a href=\"https:\/\/www.koaci.com\/recherche?search=Djibril\" rel=\"nofollow noopener\" target=\"_blank\">Djibril<\/a> Ouattara a fix\u00e9 un cap ambitieux : atteindre 700 services publics num\u00e9riques dans les trois prochaines ann\u00e9es, avec un impact r\u00e9el sur les populations.<\/p>\n<p><\/p>\n<p>\u00a0<\/p>\n<p>\u00ab 700 services bien coordonn\u00e9s, et 700 services qui ont de l\u2019impact r\u00e9el pour nos concitoyens \u00bb, a-t-il lanc\u00e9.<\/p>\n<p>De la plateforme d\u2019interop\u00e9rabilit\u00e9 au \u00ab Z\u00e9ro Papier \u00bb annonc\u00e9 pour 2030, l\u2019administration ivoirienne veut d\u00e9sormais faire du num\u00e9rique moins une vitrine qu\u2019un v\u00e9ritable outil de simplification. Car, au bout du clic, c\u2019est bien le citoyen qui devra mesurer la diff\u00e9rence.<\/p>\n<p>Jean Chresus, <a href=\"https:\/\/www.koaci.com\/recherche?search=Abidjan\" rel=\"nofollow noopener\" target=\"_blank\">Abidjan<\/a><\/p>\n<p><\/p>\n<p>\u00a0<\/p>\n<p>\u00a0<\/p>\n<p>                    <img decoding=\"async\" src=\"https:\/\/www.europesays.com\/afrique\/wp-content\/uploads\/2026\/04\/1775156951_759_user0.jpg\" width=\"50\" alt=\"\" class=\"KoaciRounded\"\/><\/p>\n<p>\u00a0 Par Koaci<\/p>\n<p>\u00a0<\/p>\n<p>\u00a0<\/p>\n","protected":false},"excerpt":{"rendered":"\u00a0 \u00a0 \u00a0 \u00a0 \u00a0 \u00a9 Koaci.com &#8211; jeudi 03 septembre 2026 &#8211; 13:56 Moins de files d\u2019attente,&hellip;\n","protected":false},"author":2,"featured_media":199785,"comment_status":"","ping_status":"","sticky":false,"template":"","format":"standard","meta":{"footnotes":"","_share_on_mastodon":"0"},"categories":[154],"tags":[281,280,216,251,279,294],"class_list":["post-199784","post","type-post","status-publish","format-standard","has-post-thumbnail","category-cote-divoire","tag-actualite","tag-article","tag-cote-divoire","tag-info","tag-koaci","tag-koaci-cote-d"],"share_on_mastodon":{"url":"https:\/\/pubeurope.com\/@afrique\/117210384086800978","error":""},"_links":{"self":[{"href":"https:\/\/www.europesays.com\/afrique\/wp-json\/wp\/v2\/posts\/199784","targetHints":{"allow":["GET"]}}],"collection":[{"href":"https:\/\/www.europesays.com\/afrique\/wp-json\/wp\/v2\/posts"}],"about":[{"href":"https:\/\/www.europesays.com\/afrique\/wp-json\/wp\/v2\/types\/post"}],"author":[{"embeddable":true,"href":"https:\/\/www.europesays.com\/afrique\/wp-json\/wp\/v2\/users\/2"}],"replies":[{"embeddable":true,"href":"https:\/\/www.europesays.com\/afrique\/wp-json\/wp\/v2\/comments?post=199784"}],"version-history":[{"count":0,"href":"https:\/\/www.europesays.com\/afrique\/wp-json\/wp\/v2\/posts\/199784\/revisions"}],"wp:featuredmedia":[{"embeddable":true,"href":"https:\/\/www.europesays.com\/afrique\/wp-json\/wp\/v2\/media\/199785"}],"wp:attachment":[{"href":"https:\/\/www.europesays.com\/afrique\/wp-json\/wp\/v2\/media?parent=199784"}],"wp:term":[{"taxonomy":"category","embeddable":true,"href":"https:\/\/www.europesays.com\/afrique\/wp-json\/wp\/v2\/categories?post=199784"},{"taxonomy":"post_tag","embeddable":true,"href":"https:\/\/www.europesays.com\/afrique\/wp-json\/wp\/v2\/tags?post=199784"}],"curies":[{"name":"wp","href":"https:\/\/api.w.org\/{rel}","templated":true}]}}