{"id":199818,"date":"2026-09-04T03:09:56","date_gmt":"2026-09-04T03:09:56","guid":{"rendered":"https:\/\/www.europesays.com\/afrique\/199818\/"},"modified":"2026-09-04T03:09:56","modified_gmt":"2026-09-04T03:09:56","slug":"egypte-22-morts-dans-un-accident-dautocar-dans-le-sinai","status":"publish","type":"post","link":"https:\/\/www.europesays.com\/afrique\/199818\/","title":{"rendered":"\u00c9gypte : 22 morts dans un accident d\u2019autocar dans le Sina\u00ef"},"content":{"rendered":"<p>Un grave accident de la route a fait 22 morts et 28 bless\u00e9s mercredi dans la p\u00e9ninsule du Sina\u00ef, en \u00c9gypte. Un autocar s\u2019est renvers\u00e9 sur une autoroute d\u00e9sertique reliant les stations baln\u00e9aires de Dahab et Nuweiba, dans le sud de la p\u00e9ninsule.<\/p>\n<p>Les autorit\u00e9s n\u2019ont pas encore pr\u00e9cis\u00e9 les causes de l\u2019accident. Des images tourn\u00e9es sur place montrent le v\u00e9hicule renvers\u00e9 et des d\u00e9bris \u00e9parpill\u00e9s le long de la route.<\/p>\n<p>Parmi les personnes d\u00e9c\u00e9d\u00e9es figurent 10 ressortissants jordaniens, selon la t\u00e9l\u00e9vision publique jordanienne Al-Mamlaka. L\u2019autocar transportait 43 personnes, dont 22 Jordaniens.<\/p>\n<p>Le minist\u00e8re \u00e9gyptien de la Sant\u00e9 avait dans un premier temps annonc\u00e9 16 morts, avant de revoir le bilan \u00e0 la hausse. Vingt ambulances ont \u00e9t\u00e9 d\u00e9p\u00each\u00e9es sur les lieux et les bless\u00e9s ont \u00e9t\u00e9 transport\u00e9s vers plusieurs h\u00f4pitaux de la r\u00e9gion.<\/p>\n<p>L\u2019accident s\u2019est produit dans une zone touristique du sud du Sina\u00ef, connue pour ses plages, ses r\u00e9cifs coralliens et ses paysages montagneux.<\/p>\n<p>Pr\u00e8s de 6 000 morts sur les routes l\u2019an dernier<\/p>\n<p>Les accidents de la circulation sont fr\u00e9quents en \u00c9gypte. Ils sont notamment attribu\u00e9s \u00e0 la conduite dangereuse, au mauvais entretien des v\u00e9hicules et \u00e0 une application in\u00e9gale du Code de la route.<\/p>\n<p>Le mois dernier, au moins 18 personnes, dont de nombreux adolescents, avaient p\u00e9ri dans le nord du pays dans une collision entre deux camionnettes transportant des ouvriers agricoles.<\/p>\n<p>Selon l\u2019agence nationale \u00e9gyptienne des statistiques, pr\u00e8s de 6 000 personnes sont mortes dans des accidents de la route l\u2019ann\u00e9e derni\u00e8re.<\/p>\n","protected":false},"excerpt":{"rendered":"Un grave accident de la route a fait 22 morts et 28 bless\u00e9s mercredi dans la p\u00e9ninsule du&hellip;\n","protected":false},"author":2,"featured_media":199819,"comment_status":"","ping_status":"","sticky":false,"template":"","format":"standard","meta":{"footnotes":"","_share_on_mastodon":"0"},"categories":[122],"tags":[139],"class_list":["post-199818","post","type-post","status-publish","format-standard","has-post-thumbnail","category-egypte","tag-egypte"],"share_on_mastodon":{"url":"https:\/\/pubeurope.com\/@afrique\/117210580383739423","error":""},"_links":{"self":[{"href":"https:\/\/www.europesays.com\/afrique\/wp-json\/wp\/v2\/posts\/199818","targetHints":{"allow":["GET"]}}],"collection":[{"href":"https:\/\/www.europesays.com\/afrique\/wp-json\/wp\/v2\/posts"}],"about":[{"href":"https:\/\/www.europesays.com\/afrique\/wp-json\/wp\/v2\/types\/post"}],"author":[{"embeddable":true,"href":"https:\/\/www.europesays.com\/afrique\/wp-json\/wp\/v2\/users\/2"}],"replies":[{"embeddable":true,"href":"https:\/\/www.europesays.com\/afrique\/wp-json\/wp\/v2\/comments?post=199818"}],"version-history":[{"count":0,"href":"https:\/\/www.europesays.com\/afrique\/wp-json\/wp\/v2\/posts\/199818\/revisions"}],"wp:featuredmedia":[{"embeddable":true,"href":"https:\/\/www.europesays.com\/afrique\/wp-json\/wp\/v2\/media\/199819"}],"wp:attachment":[{"href":"https:\/\/www.europesays.com\/afrique\/wp-json\/wp\/v2\/media?parent=199818"}],"wp:term":[{"taxonomy":"category","embeddable":true,"href":"https:\/\/www.europesays.com\/afrique\/wp-json\/wp\/v2\/categories?post=199818"},{"taxonomy":"post_tag","embeddable":true,"href":"https:\/\/www.europesays.com\/afrique\/wp-json\/wp\/v2\/tags?post=199818"}],"curies":[{"name":"wp","href":"https:\/\/api.w.org\/{rel}","templated":true}]}}