{"id":199834,"date":"2026-09-04T03:23:36","date_gmt":"2026-09-04T03:23:36","guid":{"rendered":"https:\/\/www.europesays.com\/afrique\/199834\/"},"modified":"2026-09-04T03:23:36","modified_gmt":"2026-09-04T03:23:36","slug":"cote-divoire-un-pompier-civil-en-service-a-fresco-perd-tragiquement-la-vie-dans-un-accident-de-moto","status":"publish","type":"post","link":"https:\/\/www.europesays.com\/afrique\/199834\/","title":{"rendered":"C\u00f4te d&rsquo;Ivoire : Un pompier civil en service \u00e0 Fresco perd tragiquement la vie dans un accident de moto"},"content":{"rendered":"<p>\u00a9 Koaci.com &#8211; jeudi 03 septembre 2026 &#8211; 05:49<\/p>\n<p>L\u2019Agent d\u00e9c\u00e9d\u00e9 (DR)\u00a0<\/p>\n<p>L\u2019Office National de la Protection Civile (<a href=\"https:\/\/www.koaci.com\/recherche?search=ONPC\" rel=\"nofollow noopener\" target=\"_blank\">ONPC<\/a>) est encore frapp\u00e9 par un deuil suite au d\u00e9c\u00e8s tragique d\u2019un de ses agents.<\/p>\n<p>\u00a0<\/p>\n<p>Selon les informations rapport\u00e9es par l\u2019<a href=\"https:\/\/www.koaci.com\/recherche?search=ONPC\" rel=\"nofollow noopener\" target=\"_blank\">ONPC<\/a>, le <a href=\"https:\/\/www.koaci.com\/recherche?search=pompier+civil\" rel=\"nofollow noopener\" target=\"_blank\">pompier civil<\/a>, l\u2019Agent Servant Kouessi <a href=\"https:\/\/www.koaci.com\/recherche?search=Kouessi+Samuel\" rel=\"nofollow noopener\" target=\"_blank\">Kouessi Samuel<\/a>, en service au Centre de Protection Civile (CPC) de <a href=\"https:\/\/www.koaci.com\/recherche?search=Fresco\" rel=\"nofollow noopener\" target=\"_blank\">Fresco<\/a>, a \u00e9t\u00e9 victime d\u2019un <a href=\"https:\/\/www.koaci.com\/recherche?search=accident\" rel=\"nofollow noopener\" target=\"_blank\">accident<\/a> de la circulation dans la nuit du mardi 1\u1d49\u02b3 septembre 2026, alors qu\u2019il se rendait \u00e0 <a href=\"https:\/\/www.koaci.com\/recherche?search=moto\" rel=\"nofollow noopener\" target=\"_blank\">moto<\/a> \u00e0 <a href=\"https:\/\/www.koaci.com\/recherche?search=Fresco\" rel=\"nofollow noopener\" target=\"_blank\">Fresco<\/a>.\u00a0<\/p>\n<p>\u00a0L\u2019<a href=\"https:\/\/www.koaci.com\/recherche?search=accident\" rel=\"nofollow noopener\" target=\"_blank\">accident<\/a> serait survenu \u00e0 la suite d\u2019une collision avec un camion en stationnement dans un virage avec un d\u00e9faut de panneau de pr\u00e9-signalisation.<\/p>\n<p>Pris en charge et \u00e9vacu\u00e9 dans un premier temps \u00e0 l\u2019h\u00f4pital de <a href=\"https:\/\/www.koaci.com\/recherche?search=Fresco\" rel=\"nofollow noopener\" target=\"_blank\">Fresco<\/a>, il a ensuite \u00e9t\u00e9 transf\u00e9r\u00e9 au Centre Hospitalier R\u00e9gional de San-Pedro, o\u00f9 il a succomb\u00e9 \u00e0 ses blessures.<\/p>\n<p>Cette disparition constitue un nouveau coup dur pour la Protection Civile qui, en moins de deux semaines, perd deux de ses agents.<\/p>\n<p><\/p>\n<p>Kouessi <a href=\"https:\/\/www.koaci.com\/recherche?search=Kouessi+Samuel\" rel=\"nofollow noopener\" target=\"_blank\">Kouessi Samuel<\/a> laisse derri\u00e8re lui une \u00e9pouse, deux enfants et des coll\u00e8gues profond\u00e9ment affect\u00e9s par cette disparition.<\/p>\n<p>La Direction G\u00e9n\u00e9rale de l\u2019<a href=\"https:\/\/www.koaci.com\/recherche?search=ONPC\" rel=\"nofollow noopener\" target=\"_blank\">ONPC<\/a> adresse ses sinc\u00e8res condol\u00e9ances \u00e0 sa famille biologique et professionnelle ainsi qu\u2019\u00e0 la grande famille de la Protection Civile ivoirienne.<\/p>\n<p>Donatien Kautcha, Abidjan\u00a0<\/p>\n","protected":false},"excerpt":{"rendered":"\u00a9 Koaci.com &#8211; jeudi 03 septembre 2026 &#8211; 05:49 L\u2019Agent d\u00e9c\u00e9d\u00e9 (DR)\u00a0 L\u2019Office National de la Protection Civile&hellip;\n","protected":false},"author":2,"featured_media":199835,"comment_status":"","ping_status":"","sticky":false,"template":"","format":"standard","meta":{"footnotes":"","_share_on_mastodon":"0"},"categories":[154],"tags":[281,280,216,251,279,294],"class_list":["post-199834","post","type-post","status-publish","format-standard","has-post-thumbnail","category-cote-divoire","tag-actualite","tag-article","tag-cote-divoire","tag-info","tag-koaci","tag-koaci-cote-d"],"share_on_mastodon":{"url":"https:\/\/pubeurope.com\/@afrique\/117210631571466603","error":""},"_links":{"self":[{"href":"https:\/\/www.europesays.com\/afrique\/wp-json\/wp\/v2\/posts\/199834","targetHints":{"allow":["GET"]}}],"collection":[{"href":"https:\/\/www.europesays.com\/afrique\/wp-json\/wp\/v2\/posts"}],"about":[{"href":"https:\/\/www.europesays.com\/afrique\/wp-json\/wp\/v2\/types\/post"}],"author":[{"embeddable":true,"href":"https:\/\/www.europesays.com\/afrique\/wp-json\/wp\/v2\/users\/2"}],"replies":[{"embeddable":true,"href":"https:\/\/www.europesays.com\/afrique\/wp-json\/wp\/v2\/comments?post=199834"}],"version-history":[{"count":0,"href":"https:\/\/www.europesays.com\/afrique\/wp-json\/wp\/v2\/posts\/199834\/revisions"}],"wp:featuredmedia":[{"embeddable":true,"href":"https:\/\/www.europesays.com\/afrique\/wp-json\/wp\/v2\/media\/199835"}],"wp:attachment":[{"href":"https:\/\/www.europesays.com\/afrique\/wp-json\/wp\/v2\/media?parent=199834"}],"wp:term":[{"taxonomy":"category","embeddable":true,"href":"https:\/\/www.europesays.com\/afrique\/wp-json\/wp\/v2\/categories?post=199834"},{"taxonomy":"post_tag","embeddable":true,"href":"https:\/\/www.europesays.com\/afrique\/wp-json\/wp\/v2\/tags?post=199834"}],"curies":[{"name":"wp","href":"https:\/\/api.w.org\/{rel}","templated":true}]}}