{"id":199838,"date":"2026-09-04T03:30:10","date_gmt":"2026-09-04T03:30:10","guid":{"rendered":"https:\/\/www.europesays.com\/afrique\/199838\/"},"modified":"2026-09-04T03:30:10","modified_gmt":"2026-09-04T03:30:10","slug":"ambassade-degypte-ouverture-des-inscriptions-au-reseau-jeunes-egyptiens-a-letranger","status":"publish","type":"post","link":"https:\/\/www.europesays.com\/afrique\/199838\/","title":{"rendered":"Ambassade d\u2019\u00c9gypte : ouverture des inscriptions au r\u00e9seau \u00ab Jeunes \u00c9gyptiens \u00e0 l\u2019\u00e9tranger \u00bb"},"content":{"rendered":"<p>L\u2019Ambassade de la R\u00e9publique arabe d\u2019\u00c9gypte \u00e0 Bamako annonce l\u2019ouverture des adh\u00e9sions au r\u00e9seau \u00ab Jeunes \u00c9gyptiens \u00e0 l\u2019\u00e9tranger \u00bb (YENA), destin\u00e9 aux jeunes ressortissants \u00e9gyptiens vivant hors d\u2019\u00c9gypte.<\/p>\n<p><img fetchpriority=\"high\" decoding=\"async\" class=\"wp-image-1246730 aligncenter\" src=\"https:\/\/www.europesays.com\/afrique\/wp-content\/uploads\/2026\/09\/ambassade-egypt.webp\" alt=\"\" width=\"629\" height=\"384\"  \/><\/p>\n<p>Plac\u00e9e sous l\u2019\u00e9gide du minist\u00e8re \u00e9gyptien des Affaires \u00e9trang\u00e8res, de la Coop\u00e9ration internationale et des \u00c9gyptiens \u00e0 l\u2019\u00e9tranger, cette initiative vise \u00e0 renforcer les \u00e9changes entre les jeunes \u00c9gyptiens \u00e9tablis \u00e0 l\u2019\u00e9tranger, \u00e0 favoriser le dialogue et le partage d\u2019exp\u00e9riences et de connaissances, ainsi qu\u2019\u00e0 encourager leur participation aux initiatives contribuant au d\u00e9veloppement de l\u2019\u00c9gypte.<\/p>\n<p>Le r\u00e9seau entend \u00e9galement valoriser les comp\u00e9tences et l\u2019expertise des jeunes \u00c9gyptiens \u00e9tablis dans diff\u00e9rents pays et domaines professionnels.<\/p>\n<p>L\u2019adh\u00e9sion est ouverte aux jeunes \u00c9gyptiens r\u00e9sidant \u00e0 l\u2019\u00e9tranger et \u00e2g\u00e9s de 16 \u00e0 35 ans. Les personnes int\u00e9ress\u00e9es sont invit\u00e9es \u00e0 effectuer leur inscription sur la plateforme d\u00e9di\u00e9e du minist\u00e8re \u00e9gyptien des Affaires \u00e9trang\u00e8res.<\/p>\n<p>L\u2019ambassade d\u2019\u00c9gypte \u00e0 Bamako invite ainsi les membres de la communaut\u00e9 \u00e9gyptienne au Mali remplissant ces conditions \u00e0 rejoindre le r\u00e9seau.<\/p>\n<p>K\u00e9moko Diabat\u00e9<\/p>\n<p>Source : Le PAYS<\/p>\n","protected":false},"excerpt":{"rendered":"L\u2019Ambassade de la R\u00e9publique arabe d\u2019\u00c9gypte \u00e0 Bamako annonce l\u2019ouverture des adh\u00e9sions au r\u00e9seau \u00ab Jeunes \u00c9gyptiens \u00e0&hellip;\n","protected":false},"author":2,"featured_media":199839,"comment_status":"","ping_status":"","sticky":false,"template":"","format":"standard","meta":{"footnotes":"","_share_on_mastodon":"0"},"categories":[122],"tags":[139],"class_list":["post-199838","post","type-post","status-publish","format-standard","has-post-thumbnail","category-egypte","tag-egypte"],"share_on_mastodon":{"url":"https:\/\/pubeurope.com\/@afrique\/117210659887748095","error":""},"_links":{"self":[{"href":"https:\/\/www.europesays.com\/afrique\/wp-json\/wp\/v2\/posts\/199838","targetHints":{"allow":["GET"]}}],"collection":[{"href":"https:\/\/www.europesays.com\/afrique\/wp-json\/wp\/v2\/posts"}],"about":[{"href":"https:\/\/www.europesays.com\/afrique\/wp-json\/wp\/v2\/types\/post"}],"author":[{"embeddable":true,"href":"https:\/\/www.europesays.com\/afrique\/wp-json\/wp\/v2\/users\/2"}],"replies":[{"embeddable":true,"href":"https:\/\/www.europesays.com\/afrique\/wp-json\/wp\/v2\/comments?post=199838"}],"version-history":[{"count":0,"href":"https:\/\/www.europesays.com\/afrique\/wp-json\/wp\/v2\/posts\/199838\/revisions"}],"wp:featuredmedia":[{"embeddable":true,"href":"https:\/\/www.europesays.com\/afrique\/wp-json\/wp\/v2\/media\/199839"}],"wp:attachment":[{"href":"https:\/\/www.europesays.com\/afrique\/wp-json\/wp\/v2\/media?parent=199838"}],"wp:term":[{"taxonomy":"category","embeddable":true,"href":"https:\/\/www.europesays.com\/afrique\/wp-json\/wp\/v2\/categories?post=199838"},{"taxonomy":"post_tag","embeddable":true,"href":"https:\/\/www.europesays.com\/afrique\/wp-json\/wp\/v2\/tags?post=199838"}],"curies":[{"name":"wp","href":"https:\/\/api.w.org\/{rel}","templated":true}]}}