{"id":199840,"date":"2026-09-04T03:33:05","date_gmt":"2026-09-04T03:33:05","guid":{"rendered":"https:\/\/www.europesays.com\/afrique\/199840\/"},"modified":"2026-09-04T03:33:05","modified_gmt":"2026-09-04T03:33:05","slug":"energie-la-tunisie-au-coeur-du-nouvel-axe-nord-africain-de-lallemagne","status":"publish","type":"post","link":"https:\/\/www.europesays.com\/afrique\/199840\/","title":{"rendered":"\u00c9nergie : La Tunisie au c\u0153ur du nouvel axe nord-africain de l\u2019Allemagne"},"content":{"rendered":"<p class=\"wp-block-paragraph\">La tourn\u00e9e du ministre allemand des Affaires \u00e9trang\u00e8res Johann Wadephul en Tunisie puis en Alg\u00e9rie met en lumi\u00e8re les ambitions \u00e9nerg\u00e9tiques de Berlin en Afrique du Nord. Alors que l\u2019Allemagne cherche notamment \u00e0 diversifier ses approvisionnements en gaz aupr\u00e8s de l\u2019Alg\u00e9rie, la Tunisie appara\u00eet comme un autre maillon strat\u00e9gique des futures connexions \u00e9nerg\u00e9tiques avec l\u2019Europe.<\/p>\n<p class=\"wp-block-paragraph\">Le d\u00e9placement de Wadephul \u00e0 Alger, effectu\u00e9 apr\u00e8s son passage \u00e0 Tunis, a surtout mis en \u00e9vidence la volont\u00e9 allemande de s\u00e9curiser de nouvelles sources de gaz.<\/p>\n<p class=\"wp-block-paragraph\"><a href=\"https:\/\/energynews.pro\/en\/germany-seeks-to-diversify-gas-supplies-with-algeria-and-tunisia\" target=\"_blank\" rel=\"noreferrer noopener nofollow\">Selon EnergyNews<\/a>, le ministre allemand a pr\u00e9sent\u00e9 l\u2019Alg\u00e9rie comme un \u00ab partenaire fiable \u00bb et exprim\u00e9 l\u2019espoir que ce pays puisse couvrir une partie des besoins gaziers de l\u2019Allemagne.<\/p>\n<p class=\"wp-block-paragraph\">Cette perspective s\u2019appuie notamment sur l\u2019accord conclu entre Sonatrach et le groupe \u00e9nerg\u00e9tique allemand VNG. Celui-ci pr\u00e9voit une extension des livraisons de gaz alg\u00e9rien vers l\u2019Allemagne \u00e0 partir du 1er janvier 2027.<\/p>\n<p class=\"wp-block-paragraph\">Mais dans cette strat\u00e9gie r\u00e9gionale, la Tunisie occupe une position qui d\u00e9passe largement la question du gaz.<\/p>\n<p>La Tunisie reli\u00e9e au r\u00e9seau \u00e9nerg\u00e9tique europ\u00e9en<\/p>\n<p class=\"wp-block-paragraph\">Avant la visite de Wadephul \u00e0 Tunis, <a href=\"https:\/\/www.auswaertiges-amt.de\/fr\/newsroom\/2800200-2800200\" target=\"_blank\" rel=\"noreferrer noopener nofollow\">le minist\u00e8re allemand des Affaires \u00e9trang\u00e8res avait explicitement indiqu\u00e9<\/a> que les discussions porteraient notamment sur le \u00ab raccordement de la Tunisie au r\u00e9seau \u00e9nerg\u00e9tique europ\u00e9en \u00bb ainsi que sur le d\u00e9veloppement des \u00e9nergies renouvelables.<\/p>\n<p class=\"wp-block-paragraph\">Cette orientation \u00e9claire sous un autre angle les accords de coop\u00e9ration annonc\u00e9s lors de la visite et d\u00e9j\u00e0 \u00e9voqu\u00e9s par Webdo. Plus de 100 millions d\u2019euros d\u2019accords et de projets ont notamment \u00e9t\u00e9 annonc\u00e9s, avec la transition \u00e9nerg\u00e9tique et environnementale parmi les domaines concern\u00e9s.<\/p>\n<p class=\"wp-block-paragraph\">La Tunisie ne doit donc pas \u00eatre pr\u00e9sent\u00e9e comme un nouveau fournisseur de gaz de l\u2019Allemagne. Son importance r\u00e9side notamment dans sa position g\u00e9ographique, son potentiel de production d\u2019\u00e9nergies renouvelables et les infrastructures destin\u00e9es \u00e0 renforcer ses connexions avec le march\u00e9 \u00e9nerg\u00e9tique europ\u00e9en.<\/p>\n<p>De l\u2019\u00e9lectricit\u00e9 \u00e0 l\u2019hydrog\u00e8ne<\/p>\n<p class=\"wp-block-paragraph\">L\u2019un des projets structurants est ELMED, l\u2019interconnexion \u00e9lectrique sous-marine entre la Tunisie et l\u2019Italie. Cette liaison entre le Cap Bon et la Sicile doit permettre des \u00e9changes d\u2019\u00e9lectricit\u00e9 dans les deux sens entre les deux rives de la M\u00e9diterran\u00e9e.<\/p>\n<p class=\"wp-block-paragraph\">Mais l\u2019enjeu \u00e0 plus long terme concerne surtout l\u2019hydrog\u00e8ne. Le SoutH2 Corridor est destin\u00e9 \u00e0 \u00e9tablir une voie d\u2019acheminement de l\u2019hydrog\u00e8ne vers l\u2019Europe centrale. Dans la nomenclature europ\u00e9enne des infrastructures prioritaires, son axe principal est pr\u00e9sent\u00e9 comme reliant la Tunisie, l\u2019Italie, l\u2019Autriche et l\u2019Allemagne.<\/p>\n<p class=\"wp-block-paragraph\">Cette infrastructure s\u2019inscrit parall\u00e8lement dans une coop\u00e9ration politique plus large associant cinq pays. L\u2019Alg\u00e9rie, la Tunisie, l\u2019Italie, l\u2019Autriche et l\u2019Allemagne ont sign\u00e9 en janvier 2025 <a href=\"https:\/\/international-partnerships.ec.europa.eu\/policies\/global-gateway\/southern-hydrogen-corridor_en\" target=\"_blank\" rel=\"noreferrer noopener nofollow\">une d\u00e9claration commune en faveur du d\u00e9veloppement de ce corridor<\/a>.<\/p>\n<p class=\"wp-block-paragraph\">L\u2019Alg\u00e9rie comme la Tunisie ambitionnent ainsi de d\u00e9velopper leur production d\u2019hydrog\u00e8ne renouvelable destin\u00e9 notamment au march\u00e9 europ\u00e9en.<\/p>\n<p class=\"wp-block-paragraph\">C\u00f4t\u00e9 tunisien, cette architecture comprend \u00e9galement un futur hydrog\u00e9noduc entre la Tunisie et l\u2019Italie. Le projet, d\u00e9velopp\u00e9 sous l\u2019appellation North Africa Hydrogen Backbone (NAHB), <a href=\"https:\/\/eur-lex.europa.eu\/eli\/reg_del\/2026\/764\/oj\/fra\" target=\"_blank\" rel=\"noreferrer noopener nofollow\">figure dans la liste europ\u00e9enne des projets d\u2019int\u00e9r\u00eat mutuel<\/a> sous la d\u00e9nomination \u00ab North Africa Hydrogen Corridor \u00bb. R\u00e9pertori\u00e9 sous le num\u00e9ro 10.12, il est explicitement int\u00e9gr\u00e9 au SoutH2 Corridor.<\/p>\n<p class=\"wp-block-paragraph\">Une architecture \u00e9nerg\u00e9tique commence ainsi \u00e0 se dessiner autour de la M\u00e9diterran\u00e9e centrale : l\u2019Alg\u00e9rie conserve un r\u00f4le majeur comme fournisseur de gaz tout en d\u00e9veloppant son potentiel dans l\u2019hydrog\u00e8ne ; la Tunisie ambitionne elle aussi de produire de l\u2019hydrog\u00e8ne renouvelable tout en renfor\u00e7ant sa fonction de connexion \u00e9nerg\u00e9tique avec l\u2019Europe.<\/p>\n<p class=\"wp-block-paragraph\">Les r\u00f4les des deux pays ne sont donc pas strictement s\u00e9par\u00e9s. Ils sont diff\u00e9rents mais de plus en plus imbriqu\u00e9s dans une strat\u00e9gie reliant les ressources \u00e9nerg\u00e9tiques d\u2019Afrique du Nord aux march\u00e9s europ\u00e9ens.<\/p>\n<p class=\"wp-block-paragraph\">La tourn\u00e9e de Johann Wadephul ne signifie donc pas que Berlin cherche du gaz tunisien. Elle confirme en revanche l\u2019int\u00e9r\u00eat de l\u2019Allemagne pour une architecture \u00e9nerg\u00e9tique nord-africaine dans laquelle la Tunisie et l\u2019Alg\u00e9rie occupent toutes deux une place strat\u00e9gique.<\/p>\n<p>Lire aussi:<\/p>\n<p class=\"wp-block-paragraph\"><a href=\"https:\/\/www.webdo.tn\/fr\/actualite\/national\/tunisie-allemagne-plus-de-100-millions-deuros-daccords-et-projets-annonces\/403309\/\" rel=\"nofollow noopener\" target=\"_blank\">Tunisie-Allemagne : Plus de 100 millions d\u2019euros d\u2019accords et projets annonc\u00e9s<\/a><\/p>\n","protected":false},"excerpt":{"rendered":"La tourn\u00e9e du ministre allemand des Affaires \u00e9trang\u00e8res Johann Wadephul en Tunisie puis en Alg\u00e9rie met en lumi\u00e8re&hellip;\n","protected":false},"author":2,"featured_media":199841,"comment_status":"","ping_status":"","sticky":false,"template":"","format":"standard","meta":{"footnotes":"","_share_on_mastodon":"0"},"categories":[120],"tags":[3056,910,766,60785,124],"class_list":["post-199840","post","type-post","status-publish","format-standard","has-post-thumbnail","category-tunisie","tag-allemagne","tag-energie","tag-gaz","tag-hydrogne","tag-tunisie"],"share_on_mastodon":{"url":"https:\/\/pubeurope.com\/@afrique\/117210670847879366","error":""},"_links":{"self":[{"href":"https:\/\/www.europesays.com\/afrique\/wp-json\/wp\/v2\/posts\/199840","targetHints":{"allow":["GET"]}}],"collection":[{"href":"https:\/\/www.europesays.com\/afrique\/wp-json\/wp\/v2\/posts"}],"about":[{"href":"https:\/\/www.europesays.com\/afrique\/wp-json\/wp\/v2\/types\/post"}],"author":[{"embeddable":true,"href":"https:\/\/www.europesays.com\/afrique\/wp-json\/wp\/v2\/users\/2"}],"replies":[{"embeddable":true,"href":"https:\/\/www.europesays.com\/afrique\/wp-json\/wp\/v2\/comments?post=199840"}],"version-history":[{"count":0,"href":"https:\/\/www.europesays.com\/afrique\/wp-json\/wp\/v2\/posts\/199840\/revisions"}],"wp:featuredmedia":[{"embeddable":true,"href":"https:\/\/www.europesays.com\/afrique\/wp-json\/wp\/v2\/media\/199841"}],"wp:attachment":[{"href":"https:\/\/www.europesays.com\/afrique\/wp-json\/wp\/v2\/media?parent=199840"}],"wp:term":[{"taxonomy":"category","embeddable":true,"href":"https:\/\/www.europesays.com\/afrique\/wp-json\/wp\/v2\/categories?post=199840"},{"taxonomy":"post_tag","embeddable":true,"href":"https:\/\/www.europesays.com\/afrique\/wp-json\/wp\/v2\/tags?post=199840"}],"curies":[{"name":"wp","href":"https:\/\/api.w.org\/{rel}","templated":true}]}}