{"id":199842,"date":"2026-09-04T03:34:25","date_gmt":"2026-09-04T03:34:25","guid":{"rendered":"https:\/\/www.europesays.com\/afrique\/199842\/"},"modified":"2026-09-04T03:34:25","modified_gmt":"2026-09-04T03:34:25","slug":"le-pays-de-la-soif-lalgerie-va-envoyer-les-barons-de-la-drogue-dans-lun-des-deserts-les-plus-hostiles-du-monde","status":"publish","type":"post","link":"https:\/\/www.europesays.com\/afrique\/199842\/","title":{"rendered":"Le \u00ab pays de la soif \u00bb : l&rsquo;Alg\u00e9rie va envoyer les barons de la drogue dans l&rsquo;un des d\u00e9serts les plus hostiles du monde"},"content":{"rendered":"<p>Le pr\u00e9sident alg\u00e9rien annonce la cr\u00e9ation d&rsquo;une prison de haute s\u00e9curit\u00e9 pour les \u00ab barons de la drogue \u00bb, install\u00e9e dans l&rsquo;une des zones les plus recul\u00e9es et hostiles du Sahara.<\/p>\n<p>                                AC<br \/>\n                                                                                                                Par <a href=\"https:\/\/www.valeursactuelles.com\/auteur\/alix-cagnard\" rel=\"nofollow noopener\" target=\"_blank\">Alix Cagnard<\/a><\/p>\n<p>                                        Publi\u00e9 le 3 septembre 2026 \u00e0 13h30                                    <\/p>\n<p>                                    2 min \u00b7 lecture<\/p>\n<p>                                        \u00c9couter                                    <\/p>\n<p>Le \u00ab pays de la soif \u00bb : un d\u00e9sert inhabit\u00e9, des temp\u00e9ratures qui peuvent d\u00e9passer 50 \u00b0C en \u00e9t\u00e9 et l\u2019une des zones les plus recul\u00e9es et hostiles du Sahara. Ce n\u2019est pas le cadre d\u2019un futur western, mais l\u2019endroit choisi par la pr\u00e9sidence alg\u00e9rienne pour envoyer ses plus gros <a href=\"https:\/\/www.valeursactuelles.com\/clubvaleurs\/societe\/quand-les-dealers-sinvitent-a-la-mairie-plongee-dans-la-narco-politique\" rel=\"nofollow noopener\" target=\"_blank\">narcotrafiquants<\/a>.<\/p>\n<p>La r\u00e9pression monte d\u2019un cran<\/p>\n<p>Le pr\u00e9sident alg\u00e9rien, Abdelmadjid Tebboune, a annonc\u00e9 mercredi qu\u2019une caserne militaire va \u00eatre transform\u00e9e en <a href=\"https:\/\/www.valeursactuelles.com\/societe\/conde-sur-sarthe-les-surveillants-de-la-prison-de-haute-securite-sinquietent-pour-la-leur\" rel=\"nofollow noopener\" target=\"_blank\">prison de haute s\u00e9curit\u00e9<\/a>, r\u00e9serv\u00e9e aux \u00ab barons de la drogue et aux trafiquants \u00bb. Situ\u00e9 dans l\u2019extr\u00eame sud-ouest alg\u00e9rien, \u00e0 la fronti\u00e8re du Mali, le Tanezrouft est consid\u00e9r\u00e9 comme l\u2019une des r\u00e9gions les plus inhospitali\u00e8res de la plan\u00e8te.<\/p>\n<p><a href=\"https:\/\/www.valeursactuelles.com\/societe\/salvador-la-politique-carcerale-et-securitaire-de-nayib-bukele-est-elle-transposable-en-france\" class=\"va-alire\" rel=\"nofollow noopener\" target=\"_blank\">\u00c0 lireSalvador : la politique carc\u00e9rale et s\u00e9curitaire de Nayib Bukele est-elle transposable en France ?<\/a><\/p>\n<p>Face au fl\u00e9au, les autorit\u00e9s alg\u00e9riennes renforcent leur arsenal r\u00e9pressif. Un organisme s\u00e9curitaire <a href=\"https:\/\/www.valeursactuelles.com\/clubvaleurs\/societe\/gign-la-criminalite-organisee-dans-le-viseur\" rel=\"nofollow noopener\" target=\"_blank\">sp\u00e9cialis\u00e9 dans la lutte antidrogue,<\/a> sur le mod\u00e8le d\u2019agences existant dans plusieurs pays, va \u00e9galement \u00eatre cr\u00e9\u00e9, l\u2019\u00e9quivalent de la Drug Enforcement Administration (DEA) aux \u00c9tats-Unis.<\/p>\n<p>Trois millions de toxicomanes en 2024<\/p>\n<p>La cr\u00e9ation de cette prison de haute s\u00e9curit\u00e9 survient dans un contexte o\u00f9 les autorit\u00e9s intensifient leurs avertissements face \u00e0 <a href=\"https:\/\/www.valeursactuelles.com\/clubvaleurs\/regions\/auvergne-rhone-alpes\/rhone\/lyon\/politique\/nous-luttons-au-quotidien-mais-nous-sommes-demunis-a-lyon-le-coup-de-gueule-des-maires-face-au-narcotrafic\" rel=\"nofollow noopener\" target=\"_blank\">l\u2019expansion du narcotrafic<\/a> en Alg\u00e9rie. D\u2019apr\u00e8s les donn\u00e9es de l\u2019Office national de lutte contre la drogue et la toxicomanie (ONLCDT), le pays recensait plus de trois millions de toxicomanes en 2024.<\/p>\n<p>De leur c\u00f4t\u00e9, les commanditaires qui piloteraient<a href=\"https:\/\/www.valeursactuelles.com\/societe\/les-ombres-algeriennes-de-la-dz-mafia-le-cartel-qui-defie-la-france\" rel=\"nofollow noopener\" target=\"_blank\"> la DZ Mafia depuis l\u2019Alg\u00e9rie<\/a> continuent de s\u00e9vir en France. Ce pays constitue aujourd\u2019hui pour des enqu\u00eateurs \u00ab l\u2019un des derniers sanctuaires \u00bb o\u00f9 les chefs du narcotrafic fran\u00e7ais peuvent se r\u00e9fugier. Peut-\u00eatre que la perspective du \u00ab pays de la soif \u00bb les refroidira\u2026<\/p>\n<p><a href=\"https:\/\/www.valeursactuelles.com\/clubvaleurs\/monde\/narcotrafic-en-algerie-des-arrestations-et-des-questions\" class=\"va-alire\" rel=\"nofollow noopener\" target=\"_blank\">\u00c0 lireNarcotrafic : en Alg\u00e9rie, des arrestations et des questions<\/a>                                                    <\/p>\n","protected":false},"excerpt":{"rendered":"Le pr\u00e9sident alg\u00e9rien annonce la cr\u00e9ation d&rsquo;une prison de haute s\u00e9curit\u00e9 pour les \u00ab barons de la drogue&hellip;\n","protected":false},"author":2,"featured_media":199843,"comment_status":"","ping_status":"","sticky":false,"template":"","format":"standard","meta":{"footnotes":"","_share_on_mastodon":"0"},"categories":[85],"tags":[1017,116,1555,37573,6477,1875,1909],"class_list":["post-199842","post","type-post","status-publish","format-standard","has-post-thumbnail","category-algerie","tag-abdelmadjid-tebboune","tag-algerie","tag-drogue","tag-dz-mafia","tag-narcotrafic","tag-prison","tag-sahara"],"share_on_mastodon":{"url":"https:\/\/pubeurope.com\/@afrique\/117210674908601347","error":""},"_links":{"self":[{"href":"https:\/\/www.europesays.com\/afrique\/wp-json\/wp\/v2\/posts\/199842","targetHints":{"allow":["GET"]}}],"collection":[{"href":"https:\/\/www.europesays.com\/afrique\/wp-json\/wp\/v2\/posts"}],"about":[{"href":"https:\/\/www.europesays.com\/afrique\/wp-json\/wp\/v2\/types\/post"}],"author":[{"embeddable":true,"href":"https:\/\/www.europesays.com\/afrique\/wp-json\/wp\/v2\/users\/2"}],"replies":[{"embeddable":true,"href":"https:\/\/www.europesays.com\/afrique\/wp-json\/wp\/v2\/comments?post=199842"}],"version-history":[{"count":0,"href":"https:\/\/www.europesays.com\/afrique\/wp-json\/wp\/v2\/posts\/199842\/revisions"}],"wp:featuredmedia":[{"embeddable":true,"href":"https:\/\/www.europesays.com\/afrique\/wp-json\/wp\/v2\/media\/199843"}],"wp:attachment":[{"href":"https:\/\/www.europesays.com\/afrique\/wp-json\/wp\/v2\/media?parent=199842"}],"wp:term":[{"taxonomy":"category","embeddable":true,"href":"https:\/\/www.europesays.com\/afrique\/wp-json\/wp\/v2\/categories?post=199842"},{"taxonomy":"post_tag","embeddable":true,"href":"https:\/\/www.europesays.com\/afrique\/wp-json\/wp\/v2\/tags?post=199842"}],"curies":[{"name":"wp","href":"https:\/\/api.w.org\/{rel}","templated":true}]}}