{"id":199851,"date":"2026-09-04T03:43:16","date_gmt":"2026-09-04T03:43:16","guid":{"rendered":"https:\/\/www.europesays.com\/afrique\/199851\/"},"modified":"2026-09-04T03:43:16","modified_gmt":"2026-09-04T03:43:16","slug":"el-nino-le-mozambique-classe-parmi-les-trois-pays-les-plus-preoccupants-dafrique-australe","status":"publish","type":"post","link":"https:\/\/www.europesays.com\/afrique\/199851\/","title":{"rendered":"El Ni\u00f1o: le Mozambique class\u00e9 parmi les trois pays les plus pr\u00e9occupants d&rsquo;Afrique australe"},"content":{"rendered":"<p class=\"mb-4 text-lg md:leading-8 break-words\">Avec notre correspondante \u00e0 Nairobi, Ga\u00eblle Laleix<\/p>\n<p class=\"mb-4 text-lg md:leading-8 break-words\">Le Mozambique int\u00e8gre ce classement aux c\u00f4t\u00e9s du Malawi et de Madagascar. Selon le rapport pr\u00e9paratoire du Bureau de la coordination des affaires humanitaires (Ocha), il y a plus de 90 % de chances que <a data-ylk=\"slk:l&#039;actuel \u00e9pisode El Ni\u00f1o;elm:context_link;itc:0;sec:content-canvas;\" data-yga=\"{&quot;yLinkElement&quot;:&quot;link&quot;,&quot;yLinkElementType&quot;:&quot;article_link&quot;}\" href=\"https:\/\/www.rfi.fr\/fr\/podcasts\/invit\u00e9-international\/20260827-el-ni\u00f1o-on-s-attend-\u00e0-ce-que-son-effet-soit-particuli\u00e8rement-d\u00e9vastateur-cette-ann\u00e9e\" rel=\"noopener noreferrer nofollow\" target=\"_blank\">l&rsquo;actuel \u00e9pisode El Ni\u00f1o<\/a> atteigne une intensit\u00e9 tr\u00e8s forte d&rsquo;ici mars 2027.<\/p>\n<p class=\"mb-4 text-lg md:leading-8 break-words\">Longue bande d&rsquo;environ 3 000 kilom\u00e8tres, le <a data-ylk=\"slk:Mozambique;elm:context_link;itc:0;sec:content-canvas;\" data-yga=\"{&quot;yLinkElement&quot;:&quot;link&quot;,&quot;yLinkElementType&quot;:&quot;article_link&quot;}\" href=\"https:\/\/www.rfi.fr\/fr\/tag\/mozambique\/\" class=\"gtm-add-suggested-tag\" rel=\"noopener noreferrer nofollow\" target=\"_blank\">Mozambique<\/a> sera affect\u00e9 de diff\u00e9rentes mani\u00e8res. D&rsquo;apr\u00e8s l&rsquo;Institut de m\u00e9t\u00e9orologie national, le centre et le sud du pays souffriront de s\u00e9cheresse. La petite saison des pluies entre octobre et d\u00e9cembre risque d&rsquo;\u00eatre la plus faible depuis 1950.<\/p>\n<p>Une situation difficile<\/p>\n<p class=\"mb-4 text-lg md:leading-8 break-words\">Le nord du pays en revanche essuiera probablement des pr\u00e9cipitations diluviennes, avec un fort risque d&rsquo;inondations. Dans les deux cas, les cons\u00e9quences peuvent s&rsquo;av\u00e9rer dramatiques pour ce pays qui vit essentiellement de l&rsquo;agriculture.<\/p>\n<p class=\"mb-4 text-lg md:leading-8 break-words\">Mi-ao\u00fbt, le ministre des Travaux publics a annonc\u00e9 qu&rsquo;un \u00ab plan de mitigation des effets d&rsquo;El Ni\u00f1o \u00bb serait prochainement propos\u00e9 au Conseil des ministres. Le gouvernement a d\u00e9j\u00e0 identifi\u00e9 52 districts, dans le sud du pays, susceptibles de souffrir de p\u00e9nurie d&rsquo;eau.<\/p>\n<p class=\"mb-4 text-lg md:leading-8 break-words\">La situation du Mozambique est d\u00e9j\u00e0 particuli\u00e8rement difficile. Ocha rappelle que trois millions et demi de personnes se trouvent actuellement en situation d&rsquo;ins\u00e9curit\u00e9 alimentaire aig\u00fce.<\/p>\n<p class=\"mb-4 text-lg md:leading-8 break-words\">\u00c0 lire aussi<a data-ylk=\"slk:El Ni\u00f1o \u00abva s&#039;intensifier\u00bb: pourquoi les prochains mois inqui\u00e8tent les climatologues;elm:context_link;itc:0;sec:content-canvas;\" data-yga=\"{&quot;yLinkElement&quot;:&quot;link&quot;,&quot;yLinkElementType&quot;:&quot;article_link&quot;}\" href=\"https:\/\/www.rfi.fr\/fr\/environnement\/20260903-el-ni\u00f1o-va-s-intensifier-pourquoi-les-prochains-mois-inqui\u00e8tent-les-climatologues\" class=\"a-read-more__link\" rel=\"noopener noreferrer nofollow\" target=\"_blank\">El Ni\u00f1o \u00abva s&rsquo;intensifier\u00bb: pourquoi les prochains mois inqui\u00e8tent les climatologues<\/a><\/p>\n","protected":false},"excerpt":{"rendered":"Avec notre correspondante \u00e0 Nairobi, Ga\u00eblle Laleix Le Mozambique int\u00e8gre ce classement aux c\u00f4t\u00e9s du Malawi et de&hellip;\n","protected":false},"author":2,"featured_media":199852,"comment_status":"","ping_status":"","sticky":false,"template":"","format":"standard","meta":{"footnotes":"","_share_on_mastodon":"0"},"categories":[4],"tags":[6,58312,32379,60794,60796,60795,60792,6159,1619,5626,17785,50608,60791,60793],"class_list":["post-199851","post","type-post","status-publish","format-standard","has-post-thumbnail","category-afrique","tag-afrique","tag-avec-notre","tag-el-nino","tag-entre-octobre-et-decembre-risque-detre-la","tag-faible-depuis","tag-le-centre-et-le-sud-du","tag-le-nord-du","tag-malawi","tag-mozambique","tag-nairobi","tag-national","tag-ocha","tag-ocha-rappelle-que-trois-millions","tag-prochainement-propose-au-conseil-des-ministres"],"share_on_mastodon":{"url":"https:\/\/pubeurope.com\/@afrique\/117210710426308730","error":""},"_links":{"self":[{"href":"https:\/\/www.europesays.com\/afrique\/wp-json\/wp\/v2\/posts\/199851","targetHints":{"allow":["GET"]}}],"collection":[{"href":"https:\/\/www.europesays.com\/afrique\/wp-json\/wp\/v2\/posts"}],"about":[{"href":"https:\/\/www.europesays.com\/afrique\/wp-json\/wp\/v2\/types\/post"}],"author":[{"embeddable":true,"href":"https:\/\/www.europesays.com\/afrique\/wp-json\/wp\/v2\/users\/2"}],"replies":[{"embeddable":true,"href":"https:\/\/www.europesays.com\/afrique\/wp-json\/wp\/v2\/comments?post=199851"}],"version-history":[{"count":0,"href":"https:\/\/www.europesays.com\/afrique\/wp-json\/wp\/v2\/posts\/199851\/revisions"}],"wp:featuredmedia":[{"embeddable":true,"href":"https:\/\/www.europesays.com\/afrique\/wp-json\/wp\/v2\/media\/199852"}],"wp:attachment":[{"href":"https:\/\/www.europesays.com\/afrique\/wp-json\/wp\/v2\/media?parent=199851"}],"wp:term":[{"taxonomy":"category","embeddable":true,"href":"https:\/\/www.europesays.com\/afrique\/wp-json\/wp\/v2\/categories?post=199851"},{"taxonomy":"post_tag","embeddable":true,"href":"https:\/\/www.europesays.com\/afrique\/wp-json\/wp\/v2\/tags?post=199851"}],"curies":[{"name":"wp","href":"https:\/\/api.w.org\/{rel}","templated":true}]}}