{"id":199902,"date":"2026-09-04T04:54:17","date_gmt":"2026-09-04T04:54:17","guid":{"rendered":"https:\/\/www.europesays.com\/afrique\/199902\/"},"modified":"2026-09-04T04:54:17","modified_gmt":"2026-09-04T04:54:17","slug":"afrique-du-sud-danciens-manifestants-du-massacre-de-sharpeville-lancent-une-action-en-justice","status":"publish","type":"post","link":"https:\/\/www.europesays.com\/afrique\/199902\/","title":{"rendered":"Afrique du Sud: d&rsquo;anciens manifestants du massacre de Sharpeville lancent une action en justice"},"content":{"rendered":"<p class=\"mb-4 text-lg md:leading-8 break-words\">Avec notre correspondante \u00e0 Johannesburg, Claire Bargel\u00e8s<\/p>\n<p class=\"mb-4 text-lg md:leading-8 break-words\">Les plaignants sont pour l&rsquo;instant au nombre de trois : un survivant de 87 ans qui, \u00e0 l&rsquo;\u00e9poque, <a data-ylk=\"slk:avait \u00e9t\u00e9 bless\u00e9 par balle;elm:context_link;itc:0;sec:content-canvas;\" data-yga=\"{&quot;yLinkElement&quot;:&quot;link&quot;,&quot;yLinkElementType&quot;:&quot;article_link&quot;}\" href=\"https:\/\/www.rfi.fr\/fr\/contenu\/20100321-il-y-50-ans-le-massacre-sharpeville\" rel=\"noopener noreferrer nofollow\" target=\"_blank\">avait \u00e9t\u00e9 bless\u00e9 par balle<\/a>, et deux enfants d&rsquo;autres victimes. Mais selon les avocats qui les accompagnent, plus de 70 personnes ont exprim\u00e9 leur int\u00e9r\u00eat pour se joindre \u00e0 cette action collective, si elle est accept\u00e9e par la Haute Cour de la r\u00e9gion du Gauteng.<\/p>\n<p class=\"mb-4 text-lg md:leading-8 break-words\">La d\u00e9marche vise \u00e0 forcer l&rsquo;<a data-ylk=\"slk:\u00c9tat sud-africain;elm:context_link;itc:0;sec:content-canvas;\" data-yga=\"{&quot;yLinkElement&quot;:&quot;link&quot;,&quot;yLinkElementType&quot;:&quot;article_link&quot;}\" href=\"https:\/\/www.rfi.fr\/fr\/tag\/afrique-du-sud\/\" rel=\"noopener noreferrer nofollow\" target=\"_blank\">\u00c9tat sud-africain<\/a> \u00e0 abroger une loi pass\u00e9e une ann\u00e9e apr\u00e8s le massacre par le r\u00e9gime de l&rsquo;apartheid et qui visait \u00e0 prot\u00e9ger tout agent des forces de l&rsquo;ordre de responsabilit\u00e9 li\u00e9e au drame. Cela permettrait \u00e0 la fois d&rsquo;ouvrir la voie vers de possibles poursuites, si des responsables sont encore en vie, mais surtout de r\u00e9clamer de meilleures compensations que celles obtenues jusqu&rsquo;\u00e0 pr\u00e9sent.<\/p>\n<p class=\"mb-4 text-lg md:leading-8 break-words\">Cette action en justice s&rsquo;inscrit dans une volont\u00e9 g\u00e9n\u00e9rale des victimes de l&rsquo;apartheid d&rsquo;obtenir v\u00e9rit\u00e9 et r\u00e9paration en Afrique du Sud ces derni\u00e8res ann\u00e9es. Une commission d&rsquo;enqu\u00eate se penche \u00e9galement sur les raisons qui expliquent que de tels dossiers aient \u00e9t\u00e9 n\u00e9glig\u00e9s, souvent pendant des d\u00e9cennies.<\/p>\n<p class=\"mb-4 text-lg md:leading-8 break-words\">Le gouvernement sud-africain ne s&rsquo;est pas encore exprim\u00e9 sur le sujet. Mais lors d&rsquo;un discours honorant une autre victime de l&rsquo;apartheid, le pr\u00e9sident <a data-ylk=\"slk:Cyril Ramaphosa;elm:context_link;itc:0;sec:content-canvas;\" data-yga=\"{&quot;yLinkElement&quot;:&quot;link&quot;,&quot;yLinkElementType&quot;:&quot;article_link&quot;}\" href=\"https:\/\/www.rfi.fr\/fr\/tag\/cyril-ramaphosa\/\" class=\"gtm-add-suggested-tag\" rel=\"noopener noreferrer nofollow\" target=\"_blank\">Cyril Ramaphosa<\/a> a reconnu ce jeudi 3 septembre que le travail de justice transitionnelle n&rsquo;est pas termin\u00e9 et que \u00ab sans justice, il ne peut y avoir de paix \u00bb.<\/p>\n<p class=\"mb-4 text-lg md:leading-8 break-words\">\u00c0 lire aussi<a data-ylk=\"slk:Afrique du Sud: sur les lieux du massacre de Sharpeville, hommage aux Palestiniens bombard\u00e9s \u00e0 Gaza;elm:context_link;itc:0;sec:content-canvas;\" data-yga=\"{&quot;yLinkElement&quot;:&quot;link&quot;,&quot;yLinkElementType&quot;:&quot;article_link&quot;}\" href=\"https:\/\/www.rfi.fr\/fr\/afrique\/20240317-afrique-du-sud-sur-les-lieux-du-massacre-de-sharpeville-hommage-aux-palestiniens-bombard\u00e9s-\u00e0-gaza\" class=\"a-read-more__link\" rel=\"noopener noreferrer nofollow\" target=\"_blank\">Afrique du Sud: sur les lieux du massacre de Sharpeville, hommage aux Palestiniens bombard\u00e9s \u00e0 Gaza<\/a><\/p>\n","protected":false},"excerpt":{"rendered":"Avec notre correspondante \u00e0 Johannesburg, Claire Bargel\u00e8s Les plaignants sont pour l&rsquo;instant au nombre de trois : un&hellip;\n","protected":false},"author":2,"featured_media":199903,"comment_status":"","ping_status":"","sticky":false,"template":"","format":"standard","meta":{"footnotes":"","_share_on_mastodon":"0"},"categories":[4],"tags":[60815,6,58312,27941,18911,3930,959,979,1013,60814,60813],"class_list":["post-199902","post","type-post","status-publish","format-standard","has-post-thumbnail","category-afrique","tag-70-personnes-ont-exprime-leur-interet-pour-se","tag-afrique","tag-avec-notre","tag-cela","tag-claire-bargeles","tag-cyril-ramaphosa","tag-gaza","tag-johannesburg","tag-palestiniens","tag-sud-africain-ne-sest","tag-transitionnelle-nest"],"share_on_mastodon":{"url":"https:\/\/pubeurope.com\/@afrique\/117210989479462408","error":""},"_links":{"self":[{"href":"https:\/\/www.europesays.com\/afrique\/wp-json\/wp\/v2\/posts\/199902","targetHints":{"allow":["GET"]}}],"collection":[{"href":"https:\/\/www.europesays.com\/afrique\/wp-json\/wp\/v2\/posts"}],"about":[{"href":"https:\/\/www.europesays.com\/afrique\/wp-json\/wp\/v2\/types\/post"}],"author":[{"embeddable":true,"href":"https:\/\/www.europesays.com\/afrique\/wp-json\/wp\/v2\/users\/2"}],"replies":[{"embeddable":true,"href":"https:\/\/www.europesays.com\/afrique\/wp-json\/wp\/v2\/comments?post=199902"}],"version-history":[{"count":0,"href":"https:\/\/www.europesays.com\/afrique\/wp-json\/wp\/v2\/posts\/199902\/revisions"}],"wp:featuredmedia":[{"embeddable":true,"href":"https:\/\/www.europesays.com\/afrique\/wp-json\/wp\/v2\/media\/199903"}],"wp:attachment":[{"href":"https:\/\/www.europesays.com\/afrique\/wp-json\/wp\/v2\/media?parent=199902"}],"wp:term":[{"taxonomy":"category","embeddable":true,"href":"https:\/\/www.europesays.com\/afrique\/wp-json\/wp\/v2\/categories?post=199902"},{"taxonomy":"post_tag","embeddable":true,"href":"https:\/\/www.europesays.com\/afrique\/wp-json\/wp\/v2\/tags?post=199902"}],"curies":[{"name":"wp","href":"https:\/\/api.w.org\/{rel}","templated":true}]}}