{"id":199930,"date":"2026-09-04T05:53:11","date_gmt":"2026-09-04T05:53:11","guid":{"rendered":"https:\/\/www.europesays.com\/afrique\/199930\/"},"modified":"2026-09-04T05:53:11","modified_gmt":"2026-09-04T05:53:11","slug":"senegal-une-restructuration-de-2-830-milliards-ravive-le-risque-de-defaut-africtelegraph","status":"publish","type":"post","link":"https:\/\/www.europesays.com\/afrique\/199930\/","title":{"rendered":"S\u00e9n\u00e9gal : une restructuration de 2 830 milliards ravive le risque de d\u00e9faut &#8211; Africtelegraph"},"content":{"rendered":"<p>La dette s\u00e9n\u00e9galaise franchit un nouveau seuil de tension. La restructuration annonc\u00e9e d\u2019un portefeuille de 2 830 milliards de FCFA, soit pr\u00e8s de 4,3 milliards d\u2019euros de titres \u00e9mis sur le march\u00e9 r\u00e9gional, ouvre officiellement la voie \u00e0 un possible \u00e9v\u00e9nement de cr\u00e9dit. Selon les informations relay\u00e9es par Bloomberg, cette op\u00e9ration, pr\u00e9sent\u00e9e par les autorit\u00e9s comme un r\u00e9am\u00e9nagement de maturit\u00e9s, pourrait \u00eatre requalifi\u00e9e en d\u00e9faut s\u00e9lectif par les principales agences de notation. Le calendrier est serr\u00e9 : les cr\u00e9anciers doivent se prononcer avant l\u2019\u00e9ch\u00e9ance des prochains coupons, et la marge de man\u0153uvre du Tr\u00e9sor s\u00e9n\u00e9galais s\u2019amenuise semaine apr\u00e8s semaine.<\/p>\n<p>Une restructuration \u00e0 haut risque pour la signature du S\u00e9n\u00e9gal<\/p>\n<p>Le m\u00e9canisme retenu par Dakar consiste \u00e0 allonger la dur\u00e9e de vie moyenne de la dette int\u00e9rieure \u00e9mise en francs CFA sur le march\u00e9 de l\u2019Union \u00e9conomique et mon\u00e9taire ouest-africaine (UEMOA). En clair, les porteurs de titres seraient invit\u00e9s \u00e0 \u00e9changer leurs obligations contre de nouveaux instruments \u00e0 \u00e9ch\u00e9ance plus longue, avec un profil de coupon r\u00e9vis\u00e9. Cette technique, \u00e9prouv\u00e9e dans plusieurs pays \u00e9mergents, a l\u2019avantage de desserrer imm\u00e9diatement la contrainte de liquidit\u00e9. Elle pr\u00e9sente en revanche un inconv\u00e9nient majeur : lorsqu\u2019elle est impos\u00e9e dans des conditions d\u00e9favorables aux investisseurs, elle est assimil\u00e9e par S&amp;P, Moody\u2019s et Fitch \u00e0 un d\u00e9faut de paiement.<\/p>\n<p>La lecture des march\u00e9s est d\u00e9j\u00e0 \u00e9loquente. Les rendements exig\u00e9s sur les eurobonds s\u00e9n\u00e9galais \u00e9voluent depuis plusieurs mois \u00e0 des niveaux caract\u00e9ristiques d\u2019un stress souverain avanc\u00e9. Les spreads se sont \u00e9cart\u00e9s au fil des r\u00e9visions de notation intervenues depuis l\u2019audit des finances publiques men\u00e9 \u00e0 l\u2019automne 2024, qui avait r\u00e9v\u00e9l\u00e9 un endettement r\u00e9el bien sup\u00e9rieur aux chiffres officiels transmis auparavant au Fonds mon\u00e9taire international.<\/p>\n<p>Un h\u00e9ritage budg\u00e9taire qui p\u00e8se sur le nouveau pouvoir<\/p>\n<p>Depuis son arriv\u00e9e \u00e0 la t\u00eate de l\u2019\u00c9tat en avril 2024, le pr\u00e9sident Bassirou Diomaye Faye et son Premier ministre Ousmane Sonko ont multipli\u00e9 les d\u00e9clarations sur l\u2019ampleur des passifs contract\u00e9s sous la pr\u00e9sidence pr\u00e9c\u00e9dente. L\u2019ex\u00e9cutif estime que le ratio dette publique sur produit int\u00e9rieur brut est nettement sup\u00e9rieur \u00e0 ce qui avait \u00e9t\u00e9 communiqu\u00e9, d\u00e9passant selon plusieurs estimations le seuil de 100 %. Cette r\u00e9vision comptable a suffi \u00e0 geler le programme conclu avec le FMI, privant le Tr\u00e9sor d\u2019un ancrage financier crucial pour rassurer les cr\u00e9anciers priv\u00e9s.<\/p>\n<p>Concr\u00e8tement, le S\u00e9n\u00e9gal se retrouve \u00e0 devoir refinancer des volumes consid\u00e9rables sans filet institutionnel. Le march\u00e9 r\u00e9gional de l\u2019UEMOA reste ouvert, mais \u00e0 des taux qui n\u2019ont plus grand-chose \u00e0 voir avec ceux dont b\u00e9n\u00e9ficiaient les \u00e9metteurs souverains ouest-africains il y a encore deux ans. Les banques r\u00e9gionales, principales d\u00e9tentrices de la dette int\u00e9rieure s\u00e9n\u00e9galaise, doivent elles-m\u00eames composer avec leurs ratios prudentiels et l\u2019exposition qu\u2019elles ont accumul\u00e9e sur la signature de Dakar.<\/p>\n<p>Un test pour la souverainet\u00e9 financi\u00e8re ouest-africaine<\/p>\n<p>L\u2019enjeu d\u00e9passe le seul cas s\u00e9n\u00e9galais. Une requalification en d\u00e9faut d\u2019un \u00e9metteur de la zone franc constituerait un pr\u00e9c\u00e9dent lourd pour l\u2019ensemble de l\u2019UEMOA, o\u00f9 plusieurs \u00c9tats affichent des trajectoires d\u2019endettement \u00e9galement pr\u00e9occupantes. La Banque centrale des \u00c9tats de l\u2019Afrique de l\u2019Ouest (BCEAO) surveille de pr\u00e8s l\u2019op\u00e9ration, consciente que l\u2019effet de contagion sur les conditions de refinancement pourrait toucher la C\u00f4te d\u2019Ivoire, le B\u00e9nin ou le Togo.<\/p>\n<p>Pour Dakar, la sortie du tunnel passe par plusieurs conditions. Un accord rapide avec le FMI, envisageable dans les prochains mois, permettrait de restaurer une partie de la cr\u00e9dibilit\u00e9 perdue. La mise en production accrue des champs p\u00e9troliers de Sangomar et gaziers de Grand Tortue Ahmeyim, exploit\u00e9s avec Woodside et BP, doit par ailleurs g\u00e9n\u00e9rer des recettes en devises susceptibles de renforcer la capacit\u00e9 de remboursement ext\u00e9rieur \u00e0 moyen terme. Reste que le calendrier de ces flux ne co\u00efncide pas avec l\u2019urgence des \u00e9ch\u00e9ances de dette de court terme.<\/p>\n<p>\u00c0 l\u2019inverse, un \u00e9chec de la restructuration ou une posture jug\u00e9e trop coercitive \u00e0 l\u2019\u00e9gard des cr\u00e9anciers scellerait durablement la perte d\u2019acc\u00e8s aux march\u00e9s internationaux. Les prochaines semaines diront si le S\u00e9n\u00e9gal parvient \u00e0 n\u00e9gocier un compromis technique ou si le compte \u00e0 rebours d\u00e9bouche sur un \u00e9v\u00e9nement de cr\u00e9dit formel. Selon Bloomberg, plusieurs investisseurs institutionnels ont d\u00e9j\u00e0 provisionn\u00e9 le risque dans leurs positions.<\/p>\n<p>Pour aller plus loin<\/p>\n<p><a href=\"https:\/\/africtelegraph.com\/blog\/cbc-affiche-5245-milliards-fcfa-de-credits-a-fin-juillet-2026\/\" rel=\"nofollow noopener\" target=\"_blank\">CBC affiche 524,5 milliards FCFA de cr\u00e9dits \u00e0 fin juillet 2026<\/a> \u00b7 <a href=\"https:\/\/africtelegraph.com\/blog\/cameroun-nouvel-audit-de-la-dette-flottante-sur-2020-2025\/\" rel=\"nofollow noopener\" target=\"_blank\">Cameroun : nouvel audit de la dette flottante sur 2020-2025<\/a> \u00b7 <a href=\"https:\/\/africtelegraph.com\/blog\/sidi-ould-tah-a-la-bad-bilan-dune-premiere-annee-a-abidjan\/\" rel=\"nofollow noopener\" target=\"_blank\">Sidi Ould Tah \u00e0 la BAD : bilan d\u2019une premi\u00e8re ann\u00e9e \u00e0 Abidjan<\/a><\/p>\n<p>\n\tSimilaire<\/p>\n","protected":false},"excerpt":{"rendered":"La dette s\u00e9n\u00e9galaise franchit un nouveau seuil de tension. La restructuration annonc\u00e9e d\u2019un portefeuille de 2 830 milliards&hellip;\n","protected":false},"author":2,"featured_media":199931,"comment_status":"","ping_status":"","sticky":false,"template":"","format":"standard","meta":{"footnotes":"","_share_on_mastodon":"0"},"categories":[84],"tags":[201,12758,60826,1285,3030,2629,11,14054],"class_list":["post-199930","post","type-post","status-publish","format-standard","has-post-thumbnail","category-senegal","tag-bassirou-diomaye-faye","tag-bceao","tag-bloomberg","tag-dette-souveraine","tag-fmi","tag-restructuration-dette","tag-senegal","tag-uemoa"],"share_on_mastodon":{"url":"https:\/\/pubeurope.com\/@afrique\/117211221555036129","error":""},"_links":{"self":[{"href":"https:\/\/www.europesays.com\/afrique\/wp-json\/wp\/v2\/posts\/199930","targetHints":{"allow":["GET"]}}],"collection":[{"href":"https:\/\/www.europesays.com\/afrique\/wp-json\/wp\/v2\/posts"}],"about":[{"href":"https:\/\/www.europesays.com\/afrique\/wp-json\/wp\/v2\/types\/post"}],"author":[{"embeddable":true,"href":"https:\/\/www.europesays.com\/afrique\/wp-json\/wp\/v2\/users\/2"}],"replies":[{"embeddable":true,"href":"https:\/\/www.europesays.com\/afrique\/wp-json\/wp\/v2\/comments?post=199930"}],"version-history":[{"count":0,"href":"https:\/\/www.europesays.com\/afrique\/wp-json\/wp\/v2\/posts\/199930\/revisions"}],"wp:featuredmedia":[{"embeddable":true,"href":"https:\/\/www.europesays.com\/afrique\/wp-json\/wp\/v2\/media\/199931"}],"wp:attachment":[{"href":"https:\/\/www.europesays.com\/afrique\/wp-json\/wp\/v2\/media?parent=199930"}],"wp:term":[{"taxonomy":"category","embeddable":true,"href":"https:\/\/www.europesays.com\/afrique\/wp-json\/wp\/v2\/categories?post=199930"},{"taxonomy":"post_tag","embeddable":true,"href":"https:\/\/www.europesays.com\/afrique\/wp-json\/wp\/v2\/tags?post=199930"}],"curies":[{"name":"wp","href":"https:\/\/api.w.org\/{rel}","templated":true}]}}