{"id":199954,"date":"2026-09-04T06:44:33","date_gmt":"2026-09-04T06:44:33","guid":{"rendered":"https:\/\/www.europesays.com\/afrique\/199954\/"},"modified":"2026-09-04T06:44:33","modified_gmt":"2026-09-04T06:44:33","slug":"tribunal-de-pikine-guediawaye-jessica-rox-et-narou-finalement-ecrouees-le-rendez-vous-avec-la-justice-fixe-a-mercredi","status":"publish","type":"post","link":"https:\/\/www.europesays.com\/afrique\/199954\/","title":{"rendered":"Tribunal de Pikine-Gu\u00e9diawaye : \u00ab Jessica \u00bb, \u00ab Rox \u00bb et \u00ab Narou \u00bb finalement \u00e9crou\u00e9es, le rendez-vous avec la justice fix\u00e9 \u00e0 mercredi"},"content":{"rendered":"<p>\t\t\t\t\t Comme le redoutait Dakarposte au regard de la gravit\u00e9 des faits qui leur sont reproch\u00e9s et de la multiplicit\u00e9 des chefs vis\u00e9s, l\u2019issue redout\u00e9e s\u2019est finalement produite. <\/p>\n<p>Les TikTokeuses Khadidiatou K\u00e9b\u00e9, alias \u00ab Jessica \u00bb, Rokhaya Fall, dite \u00ab Rox \u00bb, et Nafissatou Fall, surnomm\u00e9e \u00ab Narou \u00bb, ont \u00e9t\u00e9 plac\u00e9es sous mandat de d\u00e9p\u00f4t \u00e0 l\u2019issue de leur pr\u00e9sentation devant le tribunal de Pikine-Gu\u00e9diawaye.&#13;\t\t\t\t\t <\/p>\n<p>Le trio, qui avait \u00e9t\u00e9 plac\u00e9 en garde \u00e0 vue \u00e0 la Division sp\u00e9ciale de cybers\u00e9curit\u00e9, devra d\u00e9sormais r\u00e9pondre de ses actes devant la justice. &#13;\t\t\t\t\t <\/p>\n<p>Les trois pr\u00e9venues seront jug\u00e9es mercredi prochain, dans une affaire n\u00e9e de propos tenus lors de directs diffus\u00e9s sur TikTok et dont les cons\u00e9quences ont largement d\u00e9pass\u00e9 le cadre tumultueux des \u00e9changes sur les r\u00e9seaux sociaux.&#13;\t\t\t\t\t <\/p>\n<p>Derri\u00e8re les pseudonymes et les affrontements virtuels, le dossier judiciaire est loin d\u2019\u00eatre anodin. La justice reproche \u00e0 Khadidiatou K\u00e9b\u00e9 et \u00e0 Nafissatou Fall des faits qualifi\u00e9s de discours contraires aux bonnes m\u0153urs, ainsi que des faits de diffamation et d\u2019injures publiques.&#13;\t\t\t\t\t <\/p>\n<p>Le dossier de Rokhaya Fall appara\u00eet, quant \u00e0 lui, sensiblement plus charg\u00e9. \u00ab Rox \u00bb est poursuivie, en plus des faits de discours contraires aux bonnes m\u0153urs, d\u2019injures publiques et de diffamation, pour diffusion de donn\u00e9es \u00e0 caract\u00e8re personnel et menaces de mort. Des qualifications qui, par leur nature m\u00eame, conf\u00e8rent \u00e0 la proc\u00e9dure une gravit\u00e9 particuli\u00e8re.&#13;\t\t\t\t\t <\/p>\n<p>L\u2019affaire trouve son origine dans une s\u00e9rie d\u2019affrontements verbaux qui se seraient d\u00e9roul\u00e9s lors de lives TikTok. Les protagonistes auraient tenu, devant leurs audiences respectives, des propos jug\u00e9s particuli\u00e8rement outrageants et obsc\u00e8nes. Convoqu\u00e9es et entendues par les enqu\u00eateurs, les trois femmes auraient reconnu avoir tenu les propos incrimin\u00e9s, tout en expliquant leur comportement par une r\u00e9action aux attaques dont elles affirmaient avoir \u00e9t\u00e9 victimes.&#13;\t\t\t\t\t <\/p>\n<p>Mais leurs explications n\u2019ont pas suffi \u00e0 \u00e9teindre l\u2019action publique.&#13;\t\t\t\t\t <\/p>\n<p>L\u2019une des particularit\u00e9s de ce dossier r\u00e9side d\u2019ailleurs dans le fait que les protagonistes se seraient d\u00e9sist\u00e9es de leurs plaintes respectives. Une d\u00e9cision qui ne pouvait cependant mettre fin \u00e0 la proc\u00e9dure d\u00e8s lors que l\u2019autorit\u00e9 judiciaire avait \u00e9t\u00e9 saisie de faits susceptibles de constituer des infractions p\u00e9nales et que d\u2019autres plaignants demeuraient engag\u00e9s dans le dossier.&#13;\t\t\t\t\t <\/p>\n<p>Le cas de \u00ab Rox \u00bb s\u2019est notamment alourdi avec les plaintes d\u00e9pos\u00e9es par Ibrahima Sarr, Fatima Sall et Adji Mass, venant s\u2019ajouter aux proc\u00e9dures d\u00e9j\u00e0 initi\u00e9es entre les diff\u00e9rentes protagonistes.&#13;\t\t\t\t\t <\/p>\n<p>Ainsi, ce qui pouvait appara\u00eetre, aux yeux de certains, comme une banale querelle de r\u00e9seaux sociaux a progressivement pris les contours d\u2019une v\u00e9ritable affaire p\u00e9nale. Les invectives lanc\u00e9es derri\u00e8re les \u00e9crans, les accusations publiques et les menaces all\u00e9gu\u00e9es ont fini par franchir la fronti\u00e8re entre le tumulte num\u00e9rique et le pr\u00e9toire.&#13;\t\t\t\t\t <\/p>\n<p>Le placement sous mandat de d\u00e9p\u00f4t constitue d\u00e9sormais une nouvelle \u00e9tape de la proc\u00e9dure. Il ne pr\u00e9juge \u00e9videmment pas de la culpabilit\u00e9 des trois femmes, laquelle devra \u00eatre appr\u00e9ci\u00e9e et \u00e9ventuellement \u00e9tablie par la juridiction comp\u00e9tente lors de leur proc\u00e8s.&#13;\t\t\t\t\t <\/p>\n<p>Mais une chose est d\u00e9sormais certaine : les \u00ab lives \u00bb sont termin\u00e9s, place au tribunal.&#13;\t\t\t\t\t <\/p>\n<p>Mercredi prochain, \u00ab Jessica \u00bb, \u00ab Rox \u00bb et \u00ab Narou \u00bb devront r\u00e9pondre devant Dame Justice de faits qui, selon les accusations retenues contre elles, ne rel\u00e8vent plus du simple d\u00e9rapage verbal sur les r\u00e9seaux sociaux.&#13;\t\t\t\t\t <\/p>\n<p>Le spectacle num\u00e9rique aura laiss\u00e9 place \u00e0 une autre sc\u00e8ne, autrement plus solennelle : celle du pr\u00e9toire, o\u00f9 les mots prononc\u00e9s hier sur TikTok devront d\u00e9sormais \u00eatre confront\u00e9s \u00e0 la loi.\n\t\t\t\t <\/p>\n","protected":false},"excerpt":{"rendered":"Comme le redoutait Dakarposte au regard de la gravit\u00e9 des faits qui leur sont reproch\u00e9s et de la&hellip;\n","protected":false},"author":2,"featured_media":199955,"comment_status":"","ping_status":"","sticky":false,"template":"","format":"standard","meta":{"footnotes":"","_share_on_mastodon":"0"},"categories":[84],"tags":[4142,4152,4156,4147,4148,3519,4157,4144,4154,4146,4138,4150,4153,4140,4151,199,2058,1875,4155,4139,4143,11,4149,4145,4141,1936],"class_list":["post-199954","post","type-post","status-publish","format-standard","has-post-thumbnail","category-senegal","tag-adji","tag-ale","tag-bassiroudiomaye-faye","tag-dakaractu","tag-dakarmatin","tag-depute","tag-diagne","tag-gendarmerie","tag-guy","tag-leral","tag-macky","tag-mariemefaye","tag-niang","tag-ousmane","tag-papa","tag-pastef","tag-police","tag-prison","tag-sagna","tag-sall","tag-sarr","tag-senegal","tag-senenews","tag-seneweb","tag-sonko","tag-tribunal"],"share_on_mastodon":{"url":"https:\/\/pubeurope.com\/@afrique\/117211421947058894","error":""},"_links":{"self":[{"href":"https:\/\/www.europesays.com\/afrique\/wp-json\/wp\/v2\/posts\/199954","targetHints":{"allow":["GET"]}}],"collection":[{"href":"https:\/\/www.europesays.com\/afrique\/wp-json\/wp\/v2\/posts"}],"about":[{"href":"https:\/\/www.europesays.com\/afrique\/wp-json\/wp\/v2\/types\/post"}],"author":[{"embeddable":true,"href":"https:\/\/www.europesays.com\/afrique\/wp-json\/wp\/v2\/users\/2"}],"replies":[{"embeddable":true,"href":"https:\/\/www.europesays.com\/afrique\/wp-json\/wp\/v2\/comments?post=199954"}],"version-history":[{"count":0,"href":"https:\/\/www.europesays.com\/afrique\/wp-json\/wp\/v2\/posts\/199954\/revisions"}],"wp:featuredmedia":[{"embeddable":true,"href":"https:\/\/www.europesays.com\/afrique\/wp-json\/wp\/v2\/media\/199955"}],"wp:attachment":[{"href":"https:\/\/www.europesays.com\/afrique\/wp-json\/wp\/v2\/media?parent=199954"}],"wp:term":[{"taxonomy":"category","embeddable":true,"href":"https:\/\/www.europesays.com\/afrique\/wp-json\/wp\/v2\/categories?post=199954"},{"taxonomy":"post_tag","embeddable":true,"href":"https:\/\/www.europesays.com\/afrique\/wp-json\/wp\/v2\/tags?post=199954"}],"curies":[{"name":"wp","href":"https:\/\/api.w.org\/{rel}","templated":true}]}}