{"id":200005,"date":"2026-09-04T08:05:10","date_gmt":"2026-09-04T08:05:10","guid":{"rendered":"https:\/\/www.europesays.com\/afrique\/200005\/"},"modified":"2026-09-04T08:05:10","modified_gmt":"2026-09-04T08:05:10","slug":"cacao-le-producteur-camerounais-gagne-deux-fois-plus-que-son-homologue-ivoirien","status":"publish","type":"post","link":"https:\/\/www.europesays.com\/afrique\/200005\/","title":{"rendered":"Cacao : le producteur camerounais gagne deux fois plus que son homologue ivoirien"},"content":{"rendered":"<p>Alors que la C\u00f4te d\u2019Ivoire a fix\u00e9 \u00e0 1 200 FCFA le kilogramme le prix minimum garanti du cacao pour la campagne 2026\/2027, les prix observ\u00e9s au Cameroun oscillent entre 2 750 et 2 900 FCFA\/kg. Un \u00e9cart spectaculaire qui met en lumi\u00e8re la dynamique actuelle de la fili\u00e8re camerounaise.<\/p>\n<p style=\"text-align: justify;\">Le cacao camerounais se n\u00e9gocie actuellement \u00e0 des niveaux nettement sup\u00e9rieurs \u00e0 ceux annonc\u00e9s en C\u00f4te d\u2019Ivoire, premier producteur mondial. Selon les donn\u00e9es de l\u2019Office national du cacao et du caf\u00e9 (ONCC), le kilogramme se vendait entre 2 750 et 2 900 FCFA \u00e0 Douala au 31 ao\u00fbt 2026, contre un prix minimum garanti de 1 200 FCFA\/kg fix\u00e9 par Abidjan pour la nouvelle campagne.<\/p>\n<p style=\"text-align: justify;\">Selon le minist\u00e8re du Commerce, cette \u00e9volution s\u2019explique notamment par les m\u00e9canismes du march\u00e9 camerounais, mais aussi par les efforts engag\u00e9s pour am\u00e9liorer la qualit\u00e9, la tra\u00e7abilit\u00e9 et la transformation locale du <a href=\"https:\/\/actucameroun.com\/2026\/08\/05\/filiere-cacao-le-cameroun-ouvre-le-debat-sur-une-meilleure-remuneration-des-producteurs\/\" rel=\"nofollow noopener\" target=\"_blank\">cacao<\/a>. Le suivi des prix assur\u00e9 par l\u2019ONCC contribue \u00e9galement \u00e0 renforcer la transparence au sein de la fili\u00e8re.<\/p>\n<p style=\"text-align: justify;\">Lors du lancement de la campagne 2026\/2027, le ministre du Commerce, Luc Magloire Mbarga Atangana, a soulign\u00e9 les perspectives favorables du secteur. Le d\u00e9veloppement des capacit\u00e9s de transformation au Cameroun, auquel s\u2019ajoutent les d\u00e9bouch\u00e9s de proximit\u00e9 offerts par le march\u00e9 nig\u00e9rian, constitue un autre facteur susceptible de soutenir la valorisation de la production.<\/p>\n<p style=\"text-align: justify;\">Au-del\u00e0 de la comparaison des prix, cette situation traduit surtout une \u00e9volution des enjeux de la fili\u00e8re : la comp\u00e9titivit\u00e9 ne repose plus uniquement sur les volumes, mais de plus en plus sur la qualit\u00e9, la transformation et la capacit\u00e9 \u00e0 mieux r\u00e9mun\u00e9rer le producteur, se r\u00e9jouit le minist\u00e8re.<\/p>\n","protected":false},"excerpt":{"rendered":"Alors que la C\u00f4te d\u2019Ivoire a fix\u00e9 \u00e0 1 200 FCFA le kilogramme le prix minimum garanti du&hellip;\n","protected":false},"author":2,"featured_media":33683,"comment_status":"","ping_status":"","sticky":false,"template":"","format":"standard","meta":{"footnotes":"","_share_on_mastodon":"0"},"categories":[154],"tags":[242,12,4776,216,30893,7,80,126,46,20586],"class_list":["post-200005","post","type-post","status-publish","format-standard","has-post-thumbnail","category-cote-divoire","tag-actualites","tag-cameroun","tag-cemac","tag-cote-divoire","tag-douala","tag-economie","tag-news","tag-politique","tag-sport","tag-yaounde"],"share_on_mastodon":{"url":"https:\/\/pubeurope.com\/@afrique\/117211740423218256","error":""},"_links":{"self":[{"href":"https:\/\/www.europesays.com\/afrique\/wp-json\/wp\/v2\/posts\/200005","targetHints":{"allow":["GET"]}}],"collection":[{"href":"https:\/\/www.europesays.com\/afrique\/wp-json\/wp\/v2\/posts"}],"about":[{"href":"https:\/\/www.europesays.com\/afrique\/wp-json\/wp\/v2\/types\/post"}],"author":[{"embeddable":true,"href":"https:\/\/www.europesays.com\/afrique\/wp-json\/wp\/v2\/users\/2"}],"replies":[{"embeddable":true,"href":"https:\/\/www.europesays.com\/afrique\/wp-json\/wp\/v2\/comments?post=200005"}],"version-history":[{"count":0,"href":"https:\/\/www.europesays.com\/afrique\/wp-json\/wp\/v2\/posts\/200005\/revisions"}],"wp:featuredmedia":[{"embeddable":true,"href":"https:\/\/www.europesays.com\/afrique\/wp-json\/wp\/v2\/media\/33683"}],"wp:attachment":[{"href":"https:\/\/www.europesays.com\/afrique\/wp-json\/wp\/v2\/media?parent=200005"}],"wp:term":[{"taxonomy":"category","embeddable":true,"href":"https:\/\/www.europesays.com\/afrique\/wp-json\/wp\/v2\/categories?post=200005"},{"taxonomy":"post_tag","embeddable":true,"href":"https:\/\/www.europesays.com\/afrique\/wp-json\/wp\/v2\/tags?post=200005"}],"curies":[{"name":"wp","href":"https:\/\/api.w.org\/{rel}","templated":true}]}}