{"id":200014,"date":"2026-09-04T08:14:33","date_gmt":"2026-09-04T08:14:33","guid":{"rendered":"https:\/\/www.europesays.com\/afrique\/200014\/"},"modified":"2026-09-04T08:14:33","modified_gmt":"2026-09-04T08:14:33","slug":"tunisie-les-34-opposants-condamnes-pour-complot-devant-la-cour-de-cassation","status":"publish","type":"post","link":"https:\/\/www.europesays.com\/afrique\/200014\/","title":{"rendered":"Tunisie : les 34 opposants condamn\u00e9s pour \u00ab complot \u00bb devant la Cour de cassation"},"content":{"rendered":"<p>La Cour de cassation tunisienne a ouvert jeudi l\u2019audience finale du proc\u00e8s de dizaines de personnalit\u00e9s de l\u2019opposition accus\u00e9es de complot contre l\u2019\u00c9tat, une affaire au c\u0153ur des tensions politiques n\u00e9es du tournant autoritaire du pr\u00e9sident Ka\u00efs Sa\u00efed.<\/p>\n<p>Trente-quatre pr\u00e9venus, dont plusieurs figures de l\u2019opposition au chef de l\u2019\u00c9tat, avaient \u00e9t\u00e9 condamn\u00e9s en appel en novembre \u00e0 des peines allant jusqu\u2019\u00e0 45 ans de prison. La Cour de cassation doit d\u00e9sormais confirmer ces verdicts ou ordonner un nouveau proc\u00e8s.<\/p>\n<p>Une petite foule s\u2019est rassembl\u00e9e jeudi matin devant le palais de justice pour soutenir les accus\u00e9s. Parmi eux figurait le militant de gauche Ezzedine Hazgui, p\u00e8re de l\u2019opposant Jawher Ben Mbarek et de l\u2019avocate Dalila Msaddek. \u00ab Aujourd\u2019hui, c\u2019est l\u2019avenir de la Tunisie qui est jug\u00e9 \u00bb, a-t-il d\u00e9clar\u00e9, estimant que ses enfants s\u2019\u00e9taient \u00ab dress\u00e9s contre le coup d\u2019\u00c9tat \u00bb de Ka\u00efs Sa\u00efed.<\/p>\n<p>Les avocats d\u00e9noncent, eux aussi, une proc\u00e9dure entach\u00e9e d\u2019irr\u00e9gularit\u00e9s. Haifa Chebbi, avocate et fille de l\u2019opposant Ahmed Nejib Chebbi, 82 ans, \u00e9galement poursuivi dans cette affaire, a affirm\u00e9 que le dossier avait commenc\u00e9 \u00ab sur la base de directives politiques \u00bb. Elle a \u00e9galement mis en cause l\u2019ind\u00e9pendance de la justice tunisienne. Selon elle, plusieurs avocats n\u2019ont \u00e9t\u00e9 inform\u00e9s de l\u2019audience que lundi, un d\u00e9lai jug\u00e9 insuffisant pour pr\u00e9parer la d\u00e9fense.<\/p>\n<p>Les pr\u00e9venus comprennent notamment les dirigeants de partis Issam Chebbi et Ghazi Chaouachi, ainsi que l\u2019homme d\u2019affaires Kamel Ltaief. Le proc\u00e8s est d\u00e9nonc\u00e9 depuis plusieurs mois par les organisations de d\u00e9fense des droits humains, qui consid\u00e8rent les accusations comme politiquement motiv\u00e9es.<\/p>\n<p>Amnesty International a appel\u00e9 les autorit\u00e9s tunisiennes \u00e0 \u00ab rectifier \u00bb ce qu\u2019elle qualifie de \u00ab parodie de justice \u00bb, estimant que les condamnations ont boulevers\u00e9 la vie de 34 figures de l\u2019opposition, d\u00e9fenseurs des droits humains et avocats.<\/p>\n<p>\u00c9lu en 2019, Ka\u00efs Sa\u00efed avait b\u00e9n\u00e9fici\u00e9 de l\u2019image d\u2019une Tunisie pr\u00e9sent\u00e9e comme la principale r\u00e9ussite d\u00e9mocratique issue des Printemps arabes. En juillet 2021, il s\u2019est arrog\u00e9 de larges pouvoirs, suspendant le Parlement avant de proc\u00e9der \u00e0 une refonte progressive des institutions. Les organisations de d\u00e9fense des droits humains d\u00e9noncent depuis un recul des libert\u00e9s publiques et une r\u00e9pression accrue de l\u2019opposition.<\/p>\n<p>L\u2019audience de la Cour de cassation constitue ainsi une nouvelle \u00e9tape dans cette confrontation entre le pouvoir et ses d\u00e9tracteurs. Pour Ezzedine Hazgui, l\u2019enjeu d\u00e9passe le sort des pr\u00e9venus : \u00ab C\u2019est le proc\u00e8s de la Tunisie \u00bb, a-t-il d\u00e9clar\u00e9 devant le tribunal.<\/p>\n","protected":false},"excerpt":{"rendered":"La Cour de cassation tunisienne a ouvert jeudi l\u2019audience finale du proc\u00e8s de dizaines de personnalit\u00e9s de l\u2019opposition&hellip;\n","protected":false},"author":2,"featured_media":200015,"comment_status":"","ping_status":"","sticky":false,"template":"","format":"standard","meta":{"footnotes":"","_share_on_mastodon":"0"},"categories":[120],"tags":[124],"class_list":["post-200014","post","type-post","status-publish","format-standard","has-post-thumbnail","category-tunisie","tag-tunisie"],"share_on_mastodon":{"url":"https:\/\/pubeurope.com\/@afrique\/117211775789157185","error":""},"_links":{"self":[{"href":"https:\/\/www.europesays.com\/afrique\/wp-json\/wp\/v2\/posts\/200014","targetHints":{"allow":["GET"]}}],"collection":[{"href":"https:\/\/www.europesays.com\/afrique\/wp-json\/wp\/v2\/posts"}],"about":[{"href":"https:\/\/www.europesays.com\/afrique\/wp-json\/wp\/v2\/types\/post"}],"author":[{"embeddable":true,"href":"https:\/\/www.europesays.com\/afrique\/wp-json\/wp\/v2\/users\/2"}],"replies":[{"embeddable":true,"href":"https:\/\/www.europesays.com\/afrique\/wp-json\/wp\/v2\/comments?post=200014"}],"version-history":[{"count":0,"href":"https:\/\/www.europesays.com\/afrique\/wp-json\/wp\/v2\/posts\/200014\/revisions"}],"wp:featuredmedia":[{"embeddable":true,"href":"https:\/\/www.europesays.com\/afrique\/wp-json\/wp\/v2\/media\/200015"}],"wp:attachment":[{"href":"https:\/\/www.europesays.com\/afrique\/wp-json\/wp\/v2\/media?parent=200014"}],"wp:term":[{"taxonomy":"category","embeddable":true,"href":"https:\/\/www.europesays.com\/afrique\/wp-json\/wp\/v2\/categories?post=200014"},{"taxonomy":"post_tag","embeddable":true,"href":"https:\/\/www.europesays.com\/afrique\/wp-json\/wp\/v2\/tags?post=200014"}],"curies":[{"name":"wp","href":"https:\/\/api.w.org\/{rel}","templated":true}]}}