{"id":200020,"date":"2026-09-04T08:19:32","date_gmt":"2026-09-04T08:19:32","guid":{"rendered":"https:\/\/www.europesays.com\/afrique\/200020\/"},"modified":"2026-09-04T08:19:32","modified_gmt":"2026-09-04T08:19:32","slug":"sebta-le-drapeau-marocain-profane-et-deux-marocains-decedes-en-quelques-heures","status":"publish","type":"post","link":"https:\/\/www.europesays.com\/afrique\/200020\/","title":{"rendered":"Sebta. Le drapeau marocain profan\u00e9 et deux Marocains d\u00e9c\u00e9d\u00e9s en quelques heures"},"content":{"rendered":"<p class=\"default__StyledText-sc-10mj2vp-0 CxBBS body-paragraph\">La tension politique suscit\u00e9e en Espagne par les \u00e9v\u00e9nements de Sebta a pris, jeudi, une tournure particuli\u00e8rement pr\u00e9occupante. Lors des manifestations organis\u00e9es devant le Congr\u00e8s des d\u00e9put\u00e9s \u00e0 Madrid, Pedro Chaparro, pr\u00e9sident de la formation d\u2019extr\u00eame droite Democracia Nacional, et son vice-pr\u00e9sident, Gonzalo Mart\u00edn, ont publiquement d\u00e9chir\u00e9 un drapeau marocain.<\/p>\n<p class=\"default__StyledText-sc-10mj2vp-0 CxBBS body-paragraph\">Les images montrent les deux dirigeants brandissant l\u2019embl\u00e8me national avant de le mettre en pi\u00e8ces devant les personnes rassembl\u00e9es aux abords de la Chambre basse. Leur formation a ensuite revendiqu\u00e9 cet acte, pr\u00e9sent\u00e9 comme un geste \u00absymbolique\u00bb face aux pr\u00e9tendues menaces marocaines et en d\u00e9fense de la souverainet\u00e9 espagnole, au cri de \u00abSebta, Melilla et les Canaries, toujours espagnoles\u00bb.<\/p>\n<p lang=\"es\" dir=\"ltr\">\ud83c\uddea\ud83c\uddf8 El presidente de Democracia Nacional, Pedro Chaparro, y el vicepresidente, Gonzalo Mart\u00edn, han rasgado simb\u00f3licamente la bandera de la monarqu\u00eda alauita de Mohamed VI como gesto de protesta frente a sus amenazas y en defensa de la soberan\u00eda espa\u00f1ola.<\/p>\n<p>\u00a1Ceuta, Melilla y\u2026 <a href=\"https:\/\/t.co\/rDwoptQ4iU\" rel=\"nofollow\">pic.twitter.com\/rDwoptQ4iU<\/a><\/p>\n<p>\u2014 Democracia Nacional. (@D_Nacional) <a href=\"https:\/\/x.com\/D_Nacional\/status\/2095225402612466116?ref_src=twsrc%5Etfw\" rel=\"nofollow\">September 2, 2026<\/a><\/p>\n<p class=\"default__StyledText-sc-10mj2vp-0 CxBBS body-paragraph\">Cet acte est intervenu au cours d\u2019une journ\u00e9e de mobilisation contre la gestion, par le gouvernement de Pedro S\u00e1nchez, de l\u2019entr\u00e9e massive de migrants survenue les 30 et 31 juillet. Les manifestations ont co\u00efncid\u00e9 avec l\u2019audition du chef du gouvernement devant le Congr\u00e8s, au cours de laquelle il a une nouvelle fois affirm\u00e9 qu\u2019aucune \u00abpreuve solide\u00bb ne permettait d\u2019\u00e9tablir que le Maroc avait organis\u00e9 ces \u00e9v\u00e9nements. Il a \u00e9galement annonc\u00e9 la publication de l\u2019ensemble des rapports d\u00e9tenus par l\u2019ex\u00e9cutif.<\/p>\n<p class=\"default__StyledText-sc-10mj2vp-0 CxBBS body-paragraph\">La mise en pi\u00e8ces du drapeau marocain marque un tournant dans une controverse qui, au fil des derni\u00e8res semaines, a cess\u00e9 de se limiter aux critiques adress\u00e9es au gouvernement espagnol pour nourrir un discours de plus en plus ouvertement hostile au Maroc.<\/p>\n<p class=\"default__StyledText-sc-10mj2vp-0 CxBBS body-paragraph\">Un jeune Marocain poignard\u00e9 \u00e0 mort<\/p>\n<p class=\"default__StyledText-sc-10mj2vp-0 CxBBS body-paragraph\">La sc\u00e8ne survenue \u00e0 Madrid a co\u00efncid\u00e9 avec une journ\u00e9e particuli\u00e8rement tragique \u00e0 Sebta, o\u00f9 deux ressortissants marocains ont perdu la vie dans des circonstances distinctes.<\/p>\n<p class=\"default__StyledText-sc-10mj2vp-0 CxBBS body-paragraph\">Dans le premier cas, un jeune Marocain \u00e2g\u00e9 de 25 \u00e0 30 ans est mort apr\u00e8s avoir \u00e9t\u00e9 poignard\u00e9 dans un logement situ\u00e9 dans le secteur du Poblado de Regulares. La Police nationale a interpell\u00e9 une femme soup\u00e7onn\u00e9e d\u2019\u00eatre l\u2019auteure de l\u2019homicide.<\/p>\n<p class=\"interstitial-link block-margin-bottom\">Lire aussi : <a href=\"https:\/\/fr.le360.ma\/societe\/sebta-des-migrants-en-quete-dun-toit-disperses-par-des-tirs-de-sommation_D2L3WZUYIVB23KO6QEG3YUS43E\/\" aria-label=\"Ouvrir un article associ\u00e9\" class=\"default__StyledLink-sc-10mj2vp-1 kkYPzd\" rel=\"nofollow noopener\" target=\"_blank\">Sebta: des migrants en qu\u00eate d\u2019un toit dispers\u00e9s par des tirs de sommation<\/a><\/p>\n<p class=\"default__StyledText-sc-10mj2vp-0 CxBBS body-paragraph\">D\u2019apr\u00e8s les premi\u00e8res informations recueillies par la police, le meurtre aurait \u00e9t\u00e9 pr\u00e9c\u00e9d\u00e9 d\u2019une dispute \u00e0 l\u2019int\u00e9rieur d\u2019un logement du Poblado de Regulares. <a href=\"https:\/\/www.larazon.es\/espana\/detenida-mujer-ceuta-homicidio-joven-marroqui-vivienda_202609036a993f913bfe5d1eff419859.html\" rel=\"nofollow noopener\" target=\"_blank\">La Raz\u00f3n<\/a> affirme que la suspecte \u00e9tait une cousine germaine de la victime et qu\u2019elle avait h\u00e9berg\u00e9 le jeune homme apr\u00e8s son arriv\u00e9e \u00e0 Sebta \u00e0 la fin du mois de juillet.<\/p>\n<p class=\"default__StyledText-sc-10mj2vp-0 CxBBS body-paragraph\">L\u2019enqu\u00eate se poursuit afin d\u2019\u00e9tablir le mobile et les circonstances exactes du meurtre. Des sources polici\u00e8res cit\u00e9es par <a href=\"https:\/\/efe.com\/espana\/2026-09-03\/homicidio-joven-marroqui-ceuta\/\" rel=\"nofollow noopener\" target=\"_blank\">EFE<\/a> ont confirm\u00e9 l\u2019interpellation de la suspecte et l\u2019utilisation d\u2019une arme blanche, tout en pr\u00e9cisant qu\u2019il n\u2019avait pas encore \u00e9t\u00e9 officiellement \u00e9tabli si la victime \u00e9tait arriv\u00e9e dans la ville lors de l\u2019entr\u00e9e massive de la fin juillet.<\/p>\n<p class=\"default__StyledText-sc-10mj2vp-0 CxBBS body-paragraph\">Un adolescent diab\u00e9tique retrouv\u00e9 mort dans un centre d\u2019accueil<\/p>\n<p class=\"default__StyledText-sc-10mj2vp-0 CxBBS body-paragraph\">Quelques heures auparavant, un adolescent marocain de 17 ans avait \u00e9t\u00e9 retrouv\u00e9 sans vie dans sa chambre, au sein d\u2019un centre d\u2019accueil temporaire de Sebta. Plac\u00e9 sous la protection des services sociaux locaux, le jeune homme souffrait d\u2019un diab\u00e8te s\u00e9v\u00e8re n\u00e9cessitant un traitement \u00e0 l\u2019insuline.<\/p>\n<p class=\"default__StyledText-sc-10mj2vp-0 CxBBS body-paragraph\">Ce sont ses camarades qui ont donn\u00e9 l\u2019alerte vers sept heures du matin, apr\u00e8s avoir constat\u00e9 qu\u2019il ne se r\u00e9veillait pas. L\u2019adolescent \u00e9tait sujet \u00e0 des \u00e9pisodes r\u00e9currents d\u2019hyperglyc\u00e9mie et d\u2019hypoglyc\u00e9mie et avait subi son dernier contr\u00f4le m\u00e9dical lundi.<\/p>\n<p class=\"interstitial-link block-margin-bottom\">Lire aussi : <a href=\"https:\/\/fr.le360.ma\/monde\/la-haine-anti-marocaine-gagne-dangereusement-du-terrain-en-espagne_OTE3PFB3RJEL7KWQPU6DDP6DE4\/\" aria-label=\"Ouvrir un article associ\u00e9\" class=\"default__StyledLink-sc-10mj2vp-1 kkYPzd\" rel=\"nofollow noopener\" target=\"_blank\">La haine anti-marocaine gagne dangereusement du terrain en Espagne<\/a><\/p>\n<p class=\"default__StyledText-sc-10mj2vp-0 CxBBS body-paragraph\">Les premi\u00e8res hypoth\u00e8ses \u00e9voquent une possible d\u00e9compensation li\u00e9e \u00e0 sa maladie. L\u2019autopsie devra toutefois d\u00e9terminer la cause exacte de son d\u00e9c\u00e8s et \u00e9tablir s\u2019il avait bien re\u00e7u l\u2019ensemble des soins et des m\u00e9dicaments dont il avait besoin. Des sources sanitaires cit\u00e9es par <a href=\"https:\/\/www.europapress.es\/nacional\/noticia-muere-menor-marroqui-diabetico-centro-acogida-ceuta-20260903162259.html\" rel=\"nofollow noopener\" target=\"_blank\">Europa Press<\/a> assurent que son suivi m\u00e9dical \u00e9tait \u00e0 jour.<\/p>\n<p class=\"default__StyledText-sc-10mj2vp-0 CxBBS body-paragraph\">En l\u2019espace de quelques heures, Sebta a une nouvelle fois r\u00e9v\u00e9l\u00e9 le visage le plus dramatique d\u2019une situation qui maintient des milliers de Marocains dans une extr\u00eame vuln\u00e9rabilit\u00e9, entre la saturation des structures d\u2019accueil et la mont\u00e9e des tensions dans les rues. Un contexte de plus en plus alarmant, tandis qu\u2019\u00e0 Madrid, le Maroc et ses symboles nationaux deviennent ouvertement la cible de l\u2019extr\u00eame droite.<\/p>\n<p><script async src=\"https:\/\/platform.twitter.com\/widgets.js\" charset=\"utf-8\"><\/script><\/p>\n","protected":false},"excerpt":{"rendered":"La tension politique suscit\u00e9e en Espagne par les \u00e9v\u00e9nements de Sebta a pris, jeudi, une tournure particuli\u00e8rement pr\u00e9occupante.&hellip;\n","protected":false},"author":2,"featured_media":200021,"comment_status":"","ping_status":"","sticky":false,"template":"","format":"standard","meta":{"footnotes":"","_share_on_mastodon":"0"},"categories":[83],"tags":[19501,60855,1062,5464,86,10199,3641,1156,7784],"class_list":["post-200020","post","type-post","status-publish","format-standard","has-post-thumbnail","category-maroc","tag-ceuta","tag-democracia-nacional","tag-espagne","tag-madrid","tag-maroc","tag-marocains","tag-migrants","tag-morts","tag-sebta"],"share_on_mastodon":{"url":"https:\/\/pubeurope.com\/@afrique\/117211795580839915","error":""},"_links":{"self":[{"href":"https:\/\/www.europesays.com\/afrique\/wp-json\/wp\/v2\/posts\/200020","targetHints":{"allow":["GET"]}}],"collection":[{"href":"https:\/\/www.europesays.com\/afrique\/wp-json\/wp\/v2\/posts"}],"about":[{"href":"https:\/\/www.europesays.com\/afrique\/wp-json\/wp\/v2\/types\/post"}],"author":[{"embeddable":true,"href":"https:\/\/www.europesays.com\/afrique\/wp-json\/wp\/v2\/users\/2"}],"replies":[{"embeddable":true,"href":"https:\/\/www.europesays.com\/afrique\/wp-json\/wp\/v2\/comments?post=200020"}],"version-history":[{"count":0,"href":"https:\/\/www.europesays.com\/afrique\/wp-json\/wp\/v2\/posts\/200020\/revisions"}],"wp:featuredmedia":[{"embeddable":true,"href":"https:\/\/www.europesays.com\/afrique\/wp-json\/wp\/v2\/media\/200021"}],"wp:attachment":[{"href":"https:\/\/www.europesays.com\/afrique\/wp-json\/wp\/v2\/media?parent=200020"}],"wp:term":[{"taxonomy":"category","embeddable":true,"href":"https:\/\/www.europesays.com\/afrique\/wp-json\/wp\/v2\/categories?post=200020"},{"taxonomy":"post_tag","embeddable":true,"href":"https:\/\/www.europesays.com\/afrique\/wp-json\/wp\/v2\/tags?post=200020"}],"curies":[{"name":"wp","href":"https:\/\/api.w.org\/{rel}","templated":true}]}}