{"id":200078,"date":"2026-09-04T09:33:14","date_gmt":"2026-09-04T09:33:14","guid":{"rendered":"https:\/\/www.europesays.com\/afrique\/200078\/"},"modified":"2026-09-04T09:33:14","modified_gmt":"2026-09-04T09:33:14","slug":"tunisie-affaire-du-complot-amnesty-denonce-une-injustice","status":"publish","type":"post","link":"https:\/\/www.europesays.com\/afrique\/200078\/","title":{"rendered":"Tunisie-Affaire du complot | Amnesty d\u00e9nonce une \u00abinjustice\u00bb"},"content":{"rendered":"<p class=\"wp-block-paragraph\">Amnesty International a condamn\u00e9, dans un communiqu\u00e9 publi\u00e9 jeudi 3 septembre 2026 sur sa <a href=\"https:\/\/www.facebook.com\/AITunisia\/\" target=\"_blank\" rel=\"noreferrer noopener nofollow\">page Facebook<\/a>, la d\u00e9cision de la Cour de cassation de Tunis de confirmer les \u00abjugements iniques\u00bb rendus par la Cour d\u2019appel dans l\u2019affaire dite du \u00abcomplot contre l\u2019Etat\u00bb. L\u2019organisation estime que cette d\u00e9cision consacre une dangereuse tendance \u00e0 instrumentaliser le syst\u00e8me judiciaire pour cibler les opposant\u00b7e\u00b7s et les voix critiques pacifiques, ainsi que pour r\u00e9duire au silence les opinions dissidentes.<\/p>\n<p class=\"wp-block-paragraph\">\u00abDepuis ses d\u00e9buts, cette affaire a \u00e9t\u00e9 entach\u00e9e de violations graves des garanties d\u2019un proc\u00e8s \u00e9quitable, dans le cadre de poursuites fond\u00e9es sur des accusations \u00e0 motivation politique ayant abouti \u00e0 de lourdes peines de prison \u00e0 l\u2019encontre de figures de l\u2019opposition, d\u2019avocats et de d\u00e9fenseurs des droits humains\u00bb, a \u00e9crit l\u2019Ong dans son communiqu\u00e9 intitul\u00e9\u00a0\u00abConfirmation des jugements de \u2018\u2018complot\u2019\u2019\u00a0: Le pouvoir se venge de ses opposants\u00bb. Elle a ajout\u00e9\u00a0: \u00abLa phase de cassation aurait d\u00fb constituer une occasion de r\u00e9parer cette injustice et de mettre un terme \u00e0 une proc\u00e9dure judiciaire arbitraire, plut\u00f4t que de se transformer en une nouvelle \u00e9tape consacrant cette situation\u00bb.<\/p>\n<p class=\"wp-block-paragraph\">Amnesty International appelle les autorit\u00e9s tunisiennes \u00ab\u00e0 annuler ces condamnations et ces peines iniques, \u00e0 lib\u00e9rer imm\u00e9diatement et sans condition toutes les personnes d\u00e9tenues arbitrairement pour avoir exerc\u00e9 pacifiquement leurs droits, et \u00e0 mettre fin \u00e0 l\u2019utilisation du syst\u00e8me judiciaire comme outil pour r\u00e9primer l\u2019opposition et intimider les voix critiques.\u00bb<\/p>\n<p class=\"has-text-align-right wp-block-paragraph\">I. B.<\/p>\n","protected":false},"excerpt":{"rendered":"Amnesty International a condamn\u00e9, dans un communiqu\u00e9 publi\u00e9 jeudi 3 septembre 2026 sur sa page Facebook, la d\u00e9cision&hellip;\n","protected":false},"author":2,"featured_media":200079,"comment_status":"","ping_status":"","sticky":false,"template":"","format":"standard","meta":{"footnotes":"","_share_on_mastodon":"0"},"categories":[120],"tags":[60037,2778,13097,124],"class_list":["post-200078","post","type-post","status-publish","format-standard","has-post-thumbnail","category-tunisie","tag-affaire-du-complot","tag-amnesty-international","tag-cour-de-cassation","tag-tunisie"],"share_on_mastodon":{"url":"https:\/\/pubeurope.com\/@afrique\/117212087823936008","error":""},"_links":{"self":[{"href":"https:\/\/www.europesays.com\/afrique\/wp-json\/wp\/v2\/posts\/200078","targetHints":{"allow":["GET"]}}],"collection":[{"href":"https:\/\/www.europesays.com\/afrique\/wp-json\/wp\/v2\/posts"}],"about":[{"href":"https:\/\/www.europesays.com\/afrique\/wp-json\/wp\/v2\/types\/post"}],"author":[{"embeddable":true,"href":"https:\/\/www.europesays.com\/afrique\/wp-json\/wp\/v2\/users\/2"}],"replies":[{"embeddable":true,"href":"https:\/\/www.europesays.com\/afrique\/wp-json\/wp\/v2\/comments?post=200078"}],"version-history":[{"count":0,"href":"https:\/\/www.europesays.com\/afrique\/wp-json\/wp\/v2\/posts\/200078\/revisions"}],"wp:featuredmedia":[{"embeddable":true,"href":"https:\/\/www.europesays.com\/afrique\/wp-json\/wp\/v2\/media\/200079"}],"wp:attachment":[{"href":"https:\/\/www.europesays.com\/afrique\/wp-json\/wp\/v2\/media?parent=200078"}],"wp:term":[{"taxonomy":"category","embeddable":true,"href":"https:\/\/www.europesays.com\/afrique\/wp-json\/wp\/v2\/categories?post=200078"},{"taxonomy":"post_tag","embeddable":true,"href":"https:\/\/www.europesays.com\/afrique\/wp-json\/wp\/v2\/tags?post=200078"}],"curies":[{"name":"wp","href":"https:\/\/api.w.org\/{rel}","templated":true}]}}