{"id":200098,"date":"2026-09-04T09:59:09","date_gmt":"2026-09-04T09:59:09","guid":{"rendered":"https:\/\/www.europesays.com\/afrique\/200098\/"},"modified":"2026-09-04T09:59:09","modified_gmt":"2026-09-04T09:59:09","slug":"tunisie-trois-grandes-organisations-de-la-societe-civile-sunissent-face-a-la-crise","status":"publish","type":"post","link":"https:\/\/www.europesays.com\/afrique\/200098\/","title":{"rendered":"Tunisie: trois grandes organisations de la soci\u00e9t\u00e9 civile s\u2019unissent face \u00e0 la crise"},"content":{"rendered":"<p class=\"mb-4 text-lg md:leading-8 break-words\">En <a data-ylk=\"slk:Tunisie;elm:context_link;itc:0;sec:content-canvas;\" data-yga=\"{&quot;yLinkElement&quot;:&quot;link&quot;,&quot;yLinkElementType&quot;:&quot;article_link&quot;}\" href=\"https:\/\/www.rfi.fr\/fr\/tag\/tunisie\/\" rel=\"noopener noreferrer nofollow\" target=\"_blank\">Tunisie<\/a>, l&rsquo;Ordre des avocats, l&rsquo;Union g\u00e9n\u00e9rale tunisienne du travail (UGTT, centrale syndicale) et la Ligue tunisienne des droits de l&rsquo;homme ont jou\u00e9 un r\u00f4le politique important apr\u00e8s la R\u00e9volution de 2010-2011 dans le pays.<\/p>\n<p class=\"mb-4 text-lg md:leading-8 break-words\">Avec l&rsquo;Union tunisienne de l&rsquo;industrie, du commerce et de l&rsquo;artisanat (Utica), le syndicat patronal, leur quartet avait permis une sortie de crise politique entre 2013 et 2014 et l&rsquo;organisation de nouvelles \u00e9lections. Une initiative pour laquelle, elles avaient re\u00e7u le prix Nobel de la paix en 2015, gr\u00e2ce \u00e0 leur processus vers un dialogue national.<\/p>\n<p class=\"mb-4 text-lg md:leading-8 break-words\">Plus d&rsquo;une d\u00e9cennie plus tard, sans le patronat, ces organisations de la soci\u00e9t\u00e9 civile s&rsquo;unissent \u00e0 nouveau. Elles d\u00e9noncent dans un communiqu\u00e9 les choix politiques qui ont prouv\u00e9 leur incapacit\u00e9 \u00e0 r\u00e9soudre les crises accumul\u00e9es et qui ont aggrav\u00e9 les souffrances des Tunisiens ainsi qu&rsquo;un recul dans les domaines des droits et des libert\u00e9s, l&rsquo;exercice de l&rsquo;action syndicale et politique et un resserrement de l&rsquo;espace civique.<\/p>\n<p class=\"mb-4 text-lg md:leading-8 break-words\">Le communiqu\u00e9 tire aussi \u00e0 boulets rouges sur l&rsquo;institution p\u00e9nitentiaire avec une aggravation des conditions de d\u00e9tention des d\u00e9tenus, notamment pendant la vague de canicule de cet \u00e9t\u00e9. La Ligue tunisienne des droits de l&rsquo;homme a d&rsquo;ailleurs r\u00e9clam\u00e9 une enqu\u00eate apr\u00e8s avoir r\u00e9pertori\u00e9e pr\u00e8s de 20 morts suspectes en d\u00e9tention qui seraient dues \u00e0 la chaleur.<\/p>\n<p>Reprise d&rsquo;un dialogue social<\/p>\n<p class=\"mb-4 text-lg md:leading-8 break-words\">Cette coordination des trois organisations r\u00e9clame aussi la reprise d&rsquo;un dialogue social, au point mort depuis des ann\u00e9es.<\/p>\n<p class=\"mb-4 text-lg md:leading-8 break-words\">Depuis le coup de force du pr\u00e9sident Ka\u00efs Sa\u00efed le 25 juillet 2021, par lequel il s&rsquo;est octroy\u00e9 les pleins pouvoirs, opposition et soci\u00e9t\u00e9 civile d\u00e9plorent un recul des droits et libert\u00e9s dans le pays qui a \u00e9t\u00e9 le berceau du Printemps arabe.<\/p>\n<p class=\"mb-4 text-lg md:leading-8 break-words\">Le pays a par ailleurs a connu un \u00e9t\u00e9 \u00e9prouvant avec des temp\u00e9ratures d\u00e9passant de loin les normales saisonni\u00e8res, ainsi que des coupures d&rsquo;eau et d&rsquo;\u00e9lectricit\u00e9. Les habitants ont aussi d\u00fb faire face \u00e0 une p\u00e9nurie d&rsquo;eau min\u00e9rale.<\/p>\n<p class=\"mb-4 text-lg md:leading-8 break-words\">\u00c0 lire aussi<a data-ylk=\"slk:En Tunisie, la canicule dure et continue d&#039;alimenter la col\u00e8re sociale;elm:context_link;itc:0;sec:content-canvas;\" data-yga=\"{&quot;yLinkElement&quot;:&quot;link&quot;,&quot;yLinkElementType&quot;:&quot;article_link&quot;}\" href=\"https:\/\/www.rfi.fr\/fr\/afrique\/20260901-en-tunisie-la-canicule-dure-et-continue-d-alimenter-la-col\u00e8re-sociale\" class=\"a-read-more__link\" rel=\"noopener noreferrer nofollow\" target=\"_blank\">En Tunisie, la canicule dure et continue d&rsquo;alimenter la col\u00e8re sociale<\/a><\/p>\n","protected":false},"excerpt":{"rendered":"En Tunisie, l&rsquo;Ordre des avocats, l&rsquo;Union g\u00e9n\u00e9rale tunisienne du travail (UGTT, centrale syndicale) et la Ligue tunisienne des&hellip;\n","protected":false},"author":2,"featured_media":200099,"comment_status":"","ping_status":"","sticky":false,"template":"","format":"standard","meta":{"footnotes":"","_share_on_mastodon":"0"},"categories":[120],"tags":[60872,60864,60863,60870,15511,60865,2989,60862,60869,60866,60868,60873,60867,60871,124,5782],"class_list":["post-200098","post","type-post","status-publish","format-standard","has-post-thumbnail","category-tunisie","tag-2010-2011","tag-ainsi-que-des-coupures","tag-centrale-syndicale","tag-connu-un-ete","tag-deau","tag-grace-a-leur-processus-vers-un","tag-kais-saied","tag-lordre-des-avocats","tag-la-ligue","tag-libertes-dans-le","tag-mort-depuis-des-annees","tag-nobel-de-la-paix-en-2015","tag-reclame-aussi-la-reprise","tag-reclame-une-enquete-apres-avoir","tag-tunisie","tag-ugtt"],"share_on_mastodon":{"url":"https:\/\/pubeurope.com\/@afrique\/117212188727256618","error":""},"_links":{"self":[{"href":"https:\/\/www.europesays.com\/afrique\/wp-json\/wp\/v2\/posts\/200098","targetHints":{"allow":["GET"]}}],"collection":[{"href":"https:\/\/www.europesays.com\/afrique\/wp-json\/wp\/v2\/posts"}],"about":[{"href":"https:\/\/www.europesays.com\/afrique\/wp-json\/wp\/v2\/types\/post"}],"author":[{"embeddable":true,"href":"https:\/\/www.europesays.com\/afrique\/wp-json\/wp\/v2\/users\/2"}],"replies":[{"embeddable":true,"href":"https:\/\/www.europesays.com\/afrique\/wp-json\/wp\/v2\/comments?post=200098"}],"version-history":[{"count":0,"href":"https:\/\/www.europesays.com\/afrique\/wp-json\/wp\/v2\/posts\/200098\/revisions"}],"wp:featuredmedia":[{"embeddable":true,"href":"https:\/\/www.europesays.com\/afrique\/wp-json\/wp\/v2\/media\/200099"}],"wp:attachment":[{"href":"https:\/\/www.europesays.com\/afrique\/wp-json\/wp\/v2\/media?parent=200098"}],"wp:term":[{"taxonomy":"category","embeddable":true,"href":"https:\/\/www.europesays.com\/afrique\/wp-json\/wp\/v2\/categories?post=200098"},{"taxonomy":"post_tag","embeddable":true,"href":"https:\/\/www.europesays.com\/afrique\/wp-json\/wp\/v2\/tags?post=200098"}],"curies":[{"name":"wp","href":"https:\/\/api.w.org\/{rel}","templated":true}]}}