{"id":200122,"date":"2026-09-04T10:22:12","date_gmt":"2026-09-04T10:22:12","guid":{"rendered":"https:\/\/www.europesays.com\/afrique\/200122\/"},"modified":"2026-09-04T10:22:12","modified_gmt":"2026-09-04T10:22:12","slug":"bargny-un-commercant-retrouve-mort-apres-sa-sortie-dhopital","status":"publish","type":"post","link":"https:\/\/www.europesays.com\/afrique\/200122\/","title":{"rendered":"Bargny : un commer\u00e7ant retrouv\u00e9 mort apr\u00e8s sa sortie d\u2019h\u00f4pital"},"content":{"rendered":"<p>\t\t\t\t\t Le drame s\u2019est produit le 3 ao\u00fbt, aux environs de 8 heures, \u00e0 Bargny. A. Thiam, commer\u00e7ant \u00e2g\u00e9 de 36 ans et de passage dans la localit\u00e9, a \u00e9t\u00e9 retrouv\u00e9 mort pr\u00e8s de la passerelle du TER.<\/p>\n<p>D\u2019apr\u00e8s les informations rapport\u00e9es par Lib\u00e9ration, le trentenaire se rendait \u00e0 Kaolack, o\u00f9 il devait rejoindre sa famille. Les premiers \u00e9l\u00e9ments recueillis par les enqu\u00eateurs orienteraient vers un suicide.&#13;\t\t\t\t\t <\/p>\n<p>Un sac de voyage appartenant \u00e0 la victime a \u00e9t\u00e9 d\u00e9couvert \u00e0 proximit\u00e9. Il contenait notamment des v\u00eatements, des m\u00e9dicaments ainsi qu\u2019une ordonnance.&#13;\t\t\t\t\t <\/p>\n<p>Une premi\u00e8re tentative quelques jours auparavant&#13;\t\t\t\t\t <br \/>&#13;\t\t\t\t\t <br \/>Entendu dans le cadre de l\u2019enqu\u00eate, l\u2019un de ses proches, M. A. Faye, a expliqu\u00e9 que le commer\u00e7ant traversait une p\u00e9riode particuli\u00e8rement difficile. Il souffrait notamment de fortes douleurs abdominales \u00e0 la suite d\u2019une premi\u00e8re tentative de suicide survenue quelques jours avant le drame.&#13;\t\t\t\t\t <\/p>\n<p>Selon son t\u00e9moignage rapport\u00e9 par le journal, A. Thiam avait alors ing\u00e9r\u00e9 de la soude caustique, commun\u00e9ment appel\u00e9e \u00ab kh\u00e9m\u00e9 \u00bb. Il aurait confi\u00e9 \u00e0 cette occasion que sa vie \u00e9tait devenue \u00ab trop difficile \u00bb.&#13;\t\t\t\t\t <\/p>\n<p>Apr\u00e8s cette premi\u00e8re tentative, il avait \u00e9t\u00e9 \u00e9vacu\u00e9 en urgence \u00e0 l\u2019h\u00f4pital Youssou Mbargane Diop de Rufisque, o\u00f9 il avait \u00e9t\u00e9 plac\u00e9 sous observation pendant 48 heures.&#13;\t\t\t\t\t <\/p>\n<p>\u00c0 sa sortie, un proche avait \u00e9t\u00e9 charg\u00e9 de l\u2019accompagner et de veiller sur lui durant le trajet vers le domicile familial \u00e0 Kaolack.&#13;\t\t\t\t\t <\/p>\n<p>Le drame lors d\u2019une escale \u00e0 Bargny&#13;\t\t\t\t\t <br \/>&#13;\t\t\t\t\t <br \/>C\u2019est au cours de ce d\u00e9placement, lors d\u2019une escale \u00e0 Bargny, que le drame serait survenu.&#13;\t\t\t\t\t <\/p>\n<p>Les circonstances pr\u00e9cises du d\u00e9c\u00e8s restent toutefois \u00e0 \u00e9tablir. Une enqu\u00eate a \u00e9t\u00e9 ouverte par les \u00e9l\u00e9ments du poste de police de Bargny afin de d\u00e9terminer les conditions exactes dans lesquelles le commer\u00e7ant a trouv\u00e9 la mort.&#13;\t\t\t\t\t <\/p>\n<p>Les enqu\u00eateurs devront notamment reconstituer les derniers moments de la victime et recueillir les diff\u00e9rents t\u00e9moignages susceptibles d\u2019\u00e9clairer cette affaire.&#13;\t\t\t\t\t <\/p>\n","protected":false},"excerpt":{"rendered":"Le drame s\u2019est produit le 3 ao\u00fbt, aux environs de 8 heures, \u00e0 Bargny. A. Thiam, commer\u00e7ant \u00e2g\u00e9&hellip;\n","protected":false},"author":2,"featured_media":200123,"comment_status":"","ping_status":"","sticky":false,"template":"","format":"standard","meta":{"footnotes":"","_share_on_mastodon":"0"},"categories":[84],"tags":[60879,37086,1922,889,526,25902,19026,11,50836,46876],"class_list":["post-200122","post","type-post","status-publish","format-standard","has-post-thumbnail","category-senegal","tag-bargny","tag-commercant","tag-deces","tag-enquete","tag-faits-divers","tag-kaolack","tag-rufisque","tag-senegal","tag-suicide","tag-ter"],"share_on_mastodon":{"url":"https:\/\/pubeurope.com\/@afrique\/117212279181615790","error":""},"_links":{"self":[{"href":"https:\/\/www.europesays.com\/afrique\/wp-json\/wp\/v2\/posts\/200122","targetHints":{"allow":["GET"]}}],"collection":[{"href":"https:\/\/www.europesays.com\/afrique\/wp-json\/wp\/v2\/posts"}],"about":[{"href":"https:\/\/www.europesays.com\/afrique\/wp-json\/wp\/v2\/types\/post"}],"author":[{"embeddable":true,"href":"https:\/\/www.europesays.com\/afrique\/wp-json\/wp\/v2\/users\/2"}],"replies":[{"embeddable":true,"href":"https:\/\/www.europesays.com\/afrique\/wp-json\/wp\/v2\/comments?post=200122"}],"version-history":[{"count":0,"href":"https:\/\/www.europesays.com\/afrique\/wp-json\/wp\/v2\/posts\/200122\/revisions"}],"wp:featuredmedia":[{"embeddable":true,"href":"https:\/\/www.europesays.com\/afrique\/wp-json\/wp\/v2\/media\/200123"}],"wp:attachment":[{"href":"https:\/\/www.europesays.com\/afrique\/wp-json\/wp\/v2\/media?parent=200122"}],"wp:term":[{"taxonomy":"category","embeddable":true,"href":"https:\/\/www.europesays.com\/afrique\/wp-json\/wp\/v2\/categories?post=200122"},{"taxonomy":"post_tag","embeddable":true,"href":"https:\/\/www.europesays.com\/afrique\/wp-json\/wp\/v2\/tags?post=200122"}],"curies":[{"name":"wp","href":"https:\/\/api.w.org\/{rel}","templated":true}]}}