{"id":200130,"date":"2026-09-04T10:32:17","date_gmt":"2026-09-04T10:32:17","guid":{"rendered":"https:\/\/www.europesays.com\/afrique\/200130\/"},"modified":"2026-09-04T10:32:17","modified_gmt":"2026-09-04T10:32:17","slug":"concert-diamy-sacko-a-la-conquete-du-public-ivoirien","status":"publish","type":"post","link":"https:\/\/www.europesays.com\/afrique\/200130\/","title":{"rendered":"Concert : Diamy Sacko \u00e0 la conqu\u00eate du public ivoirien"},"content":{"rendered":"<p>Diamy Sacko, chanteuse malienne, sera en concert en d\u00e9cembre \u00e0 Abidjan. (Ph: Dr)<\/p>\n<p>                    L\u2019artiste, chanteuse et compositrice malienne, Diamy Sacko, \u00e0 l\u2019\u00e9tat civil Diaminatou Sacko, arrive en C\u00f4te d\u2019Ivoire pour un concert pr\u00e9vu \u00e0 l\u2019Institut fran\u00e7ais en d\u00e9cembre 2026.Une \u00e9tape importante pour l&rsquo;artiste qui entend \u00e9largir son audience tout en affirmant une identit\u00e9 musicale nourrie par ses origines, avec l\u2019ambition de faire d\u00e9couvrir son r\u00e9pertoire et son univers artistique au public ivoirien. Sa venue \u00e0 Abidjan, la capitale \u00e9conomique ivoirienne, s\u2019inscrit dans une d\u00e9marche d\u2019ouverture vers de nouveaux publics et de d\u00e9veloppement de sa carri\u00e8re au-del\u00e0 des fronti\u00e8res maliennes.<\/p>\n<p>N\u00e9e \u00e0 S\u00e9gou et originaire de Kayes, Diamy Sacko a grandi dans une famille o\u00f9 la musique occupe une place importante. Cet environnement familial a contribu\u00e9 \u00e0 nourrir sa passion pour cet art et \u00e0 fa\u00e7onner son parcours.<\/p>\n<p>La chanteuse est, rappelons-le, la s\u0153ur de la c\u00e9l\u00e8bre artiste malienne Amy Sacko. Cet h\u00e9ritage familial constitue un rep\u00e8re dans son parcours, mais Diamy Sacko entend le d\u00e9passer pour construire sa propre identit\u00e9 artistique.<\/p>\n<p>Sa musique est nourrie par ses origines et son parcours, tout en s\u2019inscrivant dans une volont\u00e9 d\u2019aller \u00e0 la rencontre d\u2019un public toujours plus large.<\/p>\n<p>Cette d\u00e9marche l\u2019am\u00e8ne aujourd\u2019hui \u00e0 s\u2019int\u00e9resser \u00e0 la sc\u00e8ne ivoirienne, particuli\u00e8rement dynamique et ouverte aux sonorit\u00e9s venues d\u2019ailleurs.<\/p>\n<p>Son passage \u00e0 Abidjan sera donc l\u2019occasion pour le public de mieux d\u00e9couvrir une artiste qui souhaite conjuguer h\u00e9ritage culturel et expression personnelle.<\/p>\n<p>Une nouvelle \u00e9tape pour la chanteuse malienne, qui poursuit son chemin artistique avec l\u2019ambition de faire r\u00e9sonner sa voix au-del\u00e0 de son pays d\u2019origine.<\/p>\n<p>Epiphanie N\u2019GUESSAN (stagiaire)<\/p>\n","protected":false},"excerpt":{"rendered":"Diamy Sacko, chanteuse malienne, sera en concert en d\u00e9cembre \u00e0 Abidjan. (Ph: Dr) L\u2019artiste, chanteuse et compositrice malienne,&hellip;\n","protected":false},"author":2,"featured_media":200131,"comment_status":"","ping_status":"","sticky":false,"template":"","format":"standard","meta":{"footnotes":"","_share_on_mastodon":"0"},"categories":[154],"tags":[93,6,11230,42941,216,60880,311,12912,88,7410,60881],"class_list":["post-200130","post","type-post","status-publish","format-standard","has-post-thumbnail","category-cote-divoire","tag-a","tag-afrique","tag-concert","tag-conquete","tag-cote-divoire","tag-diamy","tag-du","tag-ivoirien","tag-la","tag-public","tag-sacko"],"share_on_mastodon":{"url":"https:\/\/pubeurope.com\/@afrique\/117212318434290357","error":""},"_links":{"self":[{"href":"https:\/\/www.europesays.com\/afrique\/wp-json\/wp\/v2\/posts\/200130","targetHints":{"allow":["GET"]}}],"collection":[{"href":"https:\/\/www.europesays.com\/afrique\/wp-json\/wp\/v2\/posts"}],"about":[{"href":"https:\/\/www.europesays.com\/afrique\/wp-json\/wp\/v2\/types\/post"}],"author":[{"embeddable":true,"href":"https:\/\/www.europesays.com\/afrique\/wp-json\/wp\/v2\/users\/2"}],"replies":[{"embeddable":true,"href":"https:\/\/www.europesays.com\/afrique\/wp-json\/wp\/v2\/comments?post=200130"}],"version-history":[{"count":0,"href":"https:\/\/www.europesays.com\/afrique\/wp-json\/wp\/v2\/posts\/200130\/revisions"}],"wp:featuredmedia":[{"embeddable":true,"href":"https:\/\/www.europesays.com\/afrique\/wp-json\/wp\/v2\/media\/200131"}],"wp:attachment":[{"href":"https:\/\/www.europesays.com\/afrique\/wp-json\/wp\/v2\/media?parent=200130"}],"wp:term":[{"taxonomy":"category","embeddable":true,"href":"https:\/\/www.europesays.com\/afrique\/wp-json\/wp\/v2\/categories?post=200130"},{"taxonomy":"post_tag","embeddable":true,"href":"https:\/\/www.europesays.com\/afrique\/wp-json\/wp\/v2\/tags?post=200130"}],"curies":[{"name":"wp","href":"https:\/\/api.w.org\/{rel}","templated":true}]}}