{"id":200151,"date":"2026-09-04T11:02:12","date_gmt":"2026-09-04T11:02:12","guid":{"rendered":"https:\/\/www.europesays.com\/afrique\/200151\/"},"modified":"2026-09-04T11:02:12","modified_gmt":"2026-09-04T11:02:12","slug":"niger-nigeria-abuja-rejette-toute-implication-dans-la-tentative-de-destabilisation-de-niamey","status":"publish","type":"post","link":"https:\/\/www.europesays.com\/afrique\/200151\/","title":{"rendered":"Niger-Nigeria : Abuja rejette toute implication dans la tentative de d\u00e9stabilisation de Niamey"},"content":{"rendered":"<p>\u00a9 Koaci.com &#8211; vendredi 04 septembre 2026 &#8211; 10:15<\/p>\n<p>Bola et Tiani<\/p>\n<p>Le <a href=\"https:\/\/www.koaci.com\/recherche?search=Nigeria\" rel=\"nofollow noopener\" target=\"_blank\">Nigeria<\/a> a fermement rejet\u00e9 jeudi toute implication dans la tentative de d\u00e9stabilisation survenue les 28 et 29 ao\u00fbt \u00e0 <a href=\"https:\/\/www.koaci.com\/recherche?search=Niamey\" rel=\"nofollow noopener\" target=\"_blank\">Niamey<\/a>, d\u00e9mentant notamment les informations faisant \u00e9tat d\u2019un soutien de la C\u00e9d\u00e9ao aux militaires impliqu\u00e9s dans les affrontements.<\/p>\n<p>Dans un communiqu\u00e9, le minist\u00e8re nig\u00e9rian des Affaires \u00e9trang\u00e8res a d\u00e9nonc\u00e9 des informations \u00ab fausses et malveillantes \u00bb, les qualifiant d\u2019\u00ab infond\u00e9es \u00bb et \u00ab irresponsables \u00bb.\u00a0<\/p>\n<p>Abuja estime que ces affirmations cherchent \u00e0 d\u00e9sinformer l\u2019opinion et \u00e0 nuire \u00e0 l\u2019image du pays.<\/p>\n<p>Cette mise au point intervient alors que <a href=\"https:\/\/www.koaci.com\/recherche?search=Niamey\" rel=\"nofollow noopener\" target=\"_blank\">Niamey<\/a> poursuit ses investigations sur les \u00e9v\u00e9nements de la base a\u00e9rienne 101.\u00a0<\/p>\n<p><\/p>\n<p>Les autorit\u00e9s nig\u00e9riennes ont pr\u00e9sent\u00e9 un important arsenal r\u00e9cup\u00e9r\u00e9 apr\u00e8s les affrontements, comprenant notamment 382 AK-47, 36 RPG-7, 30 mitrailleuses PKM, six armes de 12,7 mm, quatre de 14,5 mm et quatre fusils Dragunov, ainsi que des v\u00e9hicules arm\u00e9s, des munitions et du mat\u00e9riel de communication.<\/p>\n<p>Les autorit\u00e9s attribuent ces \u00e9quipements aux \u00e9l\u00e9ments du BSR-COS impliqu\u00e9s dans l\u2019attaque de la base 101 et de plusieurs sites strat\u00e9giques de la capitale.\u00a0<\/p>\n<p>Elles pr\u00e9sentent ces \u00e9v\u00e9nements comme une tentative de d\u00e9stabilisation du r\u00e9gime issu du coup d\u2019Etat de juillet 2023.<\/p>\n<p>Le dossier s\u2019est ensuite \u00e9largi \u00e0 la question d\u2019une \u00e9ventuelle implication \u00e9trang\u00e8re. Dans un t\u00e9moignage diffus\u00e9 mardi par la RTN, le capitaine Roger Gabriel affirme avoir \u00e9t\u00e9 inform\u00e9 de projets d\u2019intervention destin\u00e9s \u00e0 soutenir les \u00e9l\u00e9ments engag\u00e9s dans les combats.<\/p>\n<p> Il cite notamment le Tchad, le B\u00e9nin, la C\u00f4te d\u2019Ivoire et la France.<\/p>\n<p><\/p>\n<p>Ces d\u00e9clarations restent toutefois non v\u00e9rifi\u00e9es ind\u00e9pendamment. Les autorit\u00e9s des pays cit\u00e9s n\u2019ont pas confirm\u00e9 les faits rapport\u00e9s.<\/p>\n<p> Le pr\u00e9sident tchadien Mahamat Idriss D\u00e9by Itno s\u2019est pour sa part exprim\u00e9 de mani\u00e8re indirecte apr\u00e8s la diffusion du t\u00e9moignage, en publiant un verset coranique appelant \u00e0 ne pas \u00ab m\u00ealer le faux \u00e0 la v\u00e9rit\u00e9 \u00bb.<\/p>\n","protected":false},"excerpt":{"rendered":"\u00a9 Koaci.com &#8211; vendredi 04 septembre 2026 &#8211; 10:15 Bola et Tiani Le Nigeria a fermement rejet\u00e9 jeudi&hellip;\n","protected":false},"author":2,"featured_media":200152,"comment_status":"","ping_status":"","sticky":false,"template":"","format":"standard","meta":{"footnotes":"","_share_on_mastodon":"0"},"categories":[176],"tags":[3146,281,280,999,228,60884,4262,251,279,6411,6330,683,33479,192,126,6189,9218,8935],"class_list":["post-200151","post","type-post","status-publish","format-standard","has-post-thumbnail","category-nigeria","tag-abuja","tag-actualite","tag-article","tag-cedeao","tag-dans","tag-destabilisation","tag-implication","tag-info","tag-koaci","tag-koaci-niger","tag-niamey","tag-niger","tag-niger-nigeria","tag-nigeria","tag-politique","tag-rejette","tag-tentative","tag-toute"],"share_on_mastodon":{"url":"https:\/\/pubeurope.com\/@afrique\/117212436746276405","error":""},"_links":{"self":[{"href":"https:\/\/www.europesays.com\/afrique\/wp-json\/wp\/v2\/posts\/200151","targetHints":{"allow":["GET"]}}],"collection":[{"href":"https:\/\/www.europesays.com\/afrique\/wp-json\/wp\/v2\/posts"}],"about":[{"href":"https:\/\/www.europesays.com\/afrique\/wp-json\/wp\/v2\/types\/post"}],"author":[{"embeddable":true,"href":"https:\/\/www.europesays.com\/afrique\/wp-json\/wp\/v2\/users\/2"}],"replies":[{"embeddable":true,"href":"https:\/\/www.europesays.com\/afrique\/wp-json\/wp\/v2\/comments?post=200151"}],"version-history":[{"count":0,"href":"https:\/\/www.europesays.com\/afrique\/wp-json\/wp\/v2\/posts\/200151\/revisions"}],"wp:featuredmedia":[{"embeddable":true,"href":"https:\/\/www.europesays.com\/afrique\/wp-json\/wp\/v2\/media\/200152"}],"wp:attachment":[{"href":"https:\/\/www.europesays.com\/afrique\/wp-json\/wp\/v2\/media?parent=200151"}],"wp:term":[{"taxonomy":"category","embeddable":true,"href":"https:\/\/www.europesays.com\/afrique\/wp-json\/wp\/v2\/categories?post=200151"},{"taxonomy":"post_tag","embeddable":true,"href":"https:\/\/www.europesays.com\/afrique\/wp-json\/wp\/v2\/tags?post=200151"}],"curies":[{"name":"wp","href":"https:\/\/api.w.org\/{rel}","templated":true}]}}