{"id":200155,"date":"2026-09-04T11:06:12","date_gmt":"2026-09-04T11:06:12","guid":{"rendered":"https:\/\/www.europesays.com\/afrique\/200155\/"},"modified":"2026-09-04T11:06:12","modified_gmt":"2026-09-04T11:06:12","slug":"la-cour-de-cassation-confirme-les-lourdes-peines-dans-laffaire-du-complot","status":"publish","type":"post","link":"https:\/\/www.europesays.com\/afrique\/200155\/","title":{"rendered":"La Cour de cassation confirme les lourdes peines dans l&rsquo;affaire du \u00ab\u00a0complot\u00a0\u00bb"},"content":{"rendered":"<p>La Cour de cassation tunisienne a rejet\u00e9 jeudi 3 septembre le pourvoi dans l\u2019affaire dite du \u00ab\u00a0complot contre la s\u00fbret\u00e9 de l\u2019\u00c9tat\u00a0\u00bb, confirmant les lourdes peines prononc\u00e9es en appel en novembre 2025 contre une quarantaine de personnes, dont plusieurs figures de l\u2019opposition.<\/p>\n<p>Ha\u00effa Chebbi, avocate et fille du d\u00e9tenu Ahmed N\u00e9jib Chebbi, cit\u00e9e par les m\u00e9dias, a d\u00e9clar\u00e9 que la Cour de cassation a rejet\u00e9 le recours et confirm\u00e9 les peines prononc\u00e9es en appel, rendant ainsi les condamnations d\u00e9finitives.<\/p>\n<p>Au total, 46 pourvois avaient \u00e9t\u00e9 examin\u00e9s, dont 44 rejet\u00e9s sur le fond et deux sur la forme. La d\u00e9cision fait suite aux jugements d\u00e9finitifs rendus le 28 novembre 2025 par la chambre criminelle sp\u00e9cialis\u00e9e dans les affaires de terrorisme de la Cour d\u2019appel de Tunis, avec des peines allant de 5 \u00e0 45 ans de prison. La sanction la plus lourde ayant \u00e9t\u00e9 inflig\u00e9e \u00e0 l\u2019homme d\u2019affaires Kamel Letaief.<\/p>\n<p>A cet \u00e9gard, notons que cette juridiction supr\u00eame ne rejugeait pas les faits, mais examinait uniquement la conformit\u00e9 de la proc\u00e9dure aux r\u00e8gles de droit. Son rejet ferme donc d\u00e9finitivement la porte judiciaire \u00e0 un dossier qui touche des figures majeures de l\u2019opposition comme Jawhar Ben Mbarek, Ghazi Chaouachi, Cha\u00efma Issa ou Ahmed N\u00e9jib Chebbi.<\/p>\n<p>Les r\u00e9actions n\u2019ont pas tard\u00e9. \u00ab\u00a0La bataille judiciaire est termin\u00e9e. Commence maintenant la bataille purement politique\u00a0\u00bb, a r\u00e9agi Dalila Msaddek, s\u0153ur de Jawhar Ben Mbarek, sur les r\u00e9seaux sociaux, selon France24. Le Front de salut national a de son c\u00f4t\u00e9 d\u00e9nonc\u00e9 les conditions de la proc\u00e9dure et r\u00e9clam\u00e9 l\u2019annulation ou la r\u00e9vision des condamnations. Tandis que Human Rights Watch a qualifi\u00e9 ces condamnations d\u2019injustes.<\/p>\n<p>Une audience organis\u00e9e en pleine p\u00e9riode de vacances judiciaires et critiqu\u00e9e par les avocats, qui d\u00e9non\u00e7aient un d\u00e9lai de pr\u00e9paration qu\u2019ils jugeaient trop court dans un dossier aux lourds enjeux politiques\u2026<\/p>\n","protected":false},"excerpt":{"rendered":"La Cour de cassation tunisienne a rejet\u00e9 jeudi 3 septembre le pourvoi dans l\u2019affaire dite du \u00ab\u00a0complot contre&hellip;\n","protected":false},"author":2,"featured_media":200156,"comment_status":"","ping_status":"","sticky":false,"template":"","format":"standard","meta":{"footnotes":"","_share_on_mastodon":"0"},"categories":[120],"tags":[124],"class_list":["post-200155","post","type-post","status-publish","format-standard","has-post-thumbnail","category-tunisie","tag-tunisie"],"share_on_mastodon":{"url":"https:\/\/pubeurope.com\/@afrique\/117212452200892285","error":""},"_links":{"self":[{"href":"https:\/\/www.europesays.com\/afrique\/wp-json\/wp\/v2\/posts\/200155","targetHints":{"allow":["GET"]}}],"collection":[{"href":"https:\/\/www.europesays.com\/afrique\/wp-json\/wp\/v2\/posts"}],"about":[{"href":"https:\/\/www.europesays.com\/afrique\/wp-json\/wp\/v2\/types\/post"}],"author":[{"embeddable":true,"href":"https:\/\/www.europesays.com\/afrique\/wp-json\/wp\/v2\/users\/2"}],"replies":[{"embeddable":true,"href":"https:\/\/www.europesays.com\/afrique\/wp-json\/wp\/v2\/comments?post=200155"}],"version-history":[{"count":0,"href":"https:\/\/www.europesays.com\/afrique\/wp-json\/wp\/v2\/posts\/200155\/revisions"}],"wp:featuredmedia":[{"embeddable":true,"href":"https:\/\/www.europesays.com\/afrique\/wp-json\/wp\/v2\/media\/200156"}],"wp:attachment":[{"href":"https:\/\/www.europesays.com\/afrique\/wp-json\/wp\/v2\/media?parent=200155"}],"wp:term":[{"taxonomy":"category","embeddable":true,"href":"https:\/\/www.europesays.com\/afrique\/wp-json\/wp\/v2\/categories?post=200155"},{"taxonomy":"post_tag","embeddable":true,"href":"https:\/\/www.europesays.com\/afrique\/wp-json\/wp\/v2\/tags?post=200155"}],"curies":[{"name":"wp","href":"https:\/\/api.w.org\/{rel}","templated":true}]}}