{"id":200181,"date":"2026-09-04T11:26:18","date_gmt":"2026-09-04T11:26:18","guid":{"rendered":"https:\/\/www.europesays.com\/afrique\/200181\/"},"modified":"2026-09-04T11:26:18","modified_gmt":"2026-09-04T11:26:18","slug":"la-protection-civile-appelle-a-respecter-les-regles-de-securite-routiere","status":"publish","type":"post","link":"https:\/\/www.europesays.com\/afrique\/200181\/","title":{"rendered":"La Protection civile appelle \u00e0 respecter les r\u00e8gles de s\u00e9curit\u00e9 routi\u00e8re"},"content":{"rendered":"<p>L\u2019Office national de la protection civile a appel\u00e9 les usagers de la route \u00e0 respecter les r\u00e8gles de s\u00e9curit\u00e9 routi\u00e8re et \u00e0 faire preuve de vigilance au volant, afin de pr\u00e9venir les accidents et de pr\u00e9server des vies, selon le porte-parole de l\u2019ONPC sur sa page officielle Facebook.<\/p>\n<p>Dans une campagne de sensibilisation intitul\u00e9e \u00ab Pr\u00e9vention des accidents de la route : le bon comportement aujourd\u2019hui\u2026 votre s\u00e9curit\u00e9 et celle des autres demain \u00bb, la protection civile a insist\u00e9 sur le respect des limitations de vitesse, rappelant qu\u2019une vitesse excessive r\u00e9duit la ma\u00eetrise du v\u00e9hicule.<\/p>\n<p>Elle a \u00e9galement soulign\u00e9 la n\u00e9cessit\u00e9 du port de la ceinture de s\u00e9curit\u00e9, mesure susceptible de sauver des vies.<\/p>\n<p>Elle a \u00e9galement appel\u00e9 \u00e0 \u00e9viter l\u2019usage du t\u00e9l\u00e9phone au volant, les d\u00e9passements dangereux, figurant parmi les principales causes d\u2019accidents ainsi que de s\u2019abstenir de conduire sous l\u2019emprise de l\u2019alcool ou en \u00e9tat de fatigue, deux facteurs qui alt\u00e8rent l\u2019attention et multiplient les risques.<\/p>\n<p>La protection civile a aussi invit\u00e9 les conducteurs \u00e0 v\u00e9rifier le bon \u00e9tat de leur v\u00e9hicule, \u00e0 respecter la signalisation et \u00e0 rester attentifs aux pi\u00e9tons et aux cyclistes, rappelant que \u00ab la route est un espace de vie, non de vitesse \u00bb.<\/p>\n<p>Enfin, elle a r\u00e9affirm\u00e9 que la s\u00e9curit\u00e9 routi\u00e8re est une responsabilit\u00e9 collective, rappelant que le num\u00e9ro d\u2019urgence 198 reste disponible en toute circonstance.<\/p>\n","protected":false},"excerpt":{"rendered":"L\u2019Office national de la protection civile a appel\u00e9 les usagers de la route \u00e0 respecter les r\u00e8gles de&hellip;\n","protected":false},"author":2,"featured_media":200182,"comment_status":"","ping_status":"","sticky":false,"template":"","format":"standard","meta":{"footnotes":"","_share_on_mastodon":"0"},"categories":[120],"tags":[124],"class_list":["post-200181","post","type-post","status-publish","format-standard","has-post-thumbnail","category-tunisie","tag-tunisie"],"share_on_mastodon":{"url":"https:\/\/pubeurope.com\/@afrique\/117212530894074756","error":""},"_links":{"self":[{"href":"https:\/\/www.europesays.com\/afrique\/wp-json\/wp\/v2\/posts\/200181","targetHints":{"allow":["GET"]}}],"collection":[{"href":"https:\/\/www.europesays.com\/afrique\/wp-json\/wp\/v2\/posts"}],"about":[{"href":"https:\/\/www.europesays.com\/afrique\/wp-json\/wp\/v2\/types\/post"}],"author":[{"embeddable":true,"href":"https:\/\/www.europesays.com\/afrique\/wp-json\/wp\/v2\/users\/2"}],"replies":[{"embeddable":true,"href":"https:\/\/www.europesays.com\/afrique\/wp-json\/wp\/v2\/comments?post=200181"}],"version-history":[{"count":0,"href":"https:\/\/www.europesays.com\/afrique\/wp-json\/wp\/v2\/posts\/200181\/revisions"}],"wp:featuredmedia":[{"embeddable":true,"href":"https:\/\/www.europesays.com\/afrique\/wp-json\/wp\/v2\/media\/200182"}],"wp:attachment":[{"href":"https:\/\/www.europesays.com\/afrique\/wp-json\/wp\/v2\/media?parent=200181"}],"wp:term":[{"taxonomy":"category","embeddable":true,"href":"https:\/\/www.europesays.com\/afrique\/wp-json\/wp\/v2\/categories?post=200181"},{"taxonomy":"post_tag","embeddable":true,"href":"https:\/\/www.europesays.com\/afrique\/wp-json\/wp\/v2\/tags?post=200181"}],"curies":[{"name":"wp","href":"https:\/\/api.w.org\/{rel}","templated":true}]}}