{"id":200191,"date":"2026-09-04T11:44:11","date_gmt":"2026-09-04T11:44:11","guid":{"rendered":"https:\/\/www.europesays.com\/afrique\/200191\/"},"modified":"2026-09-04T11:44:11","modified_gmt":"2026-09-04T11:44:11","slug":"lutte-contre-le-cancer-la-cote-divoire-mobilisee-pour-la-campagne-septembre-or-2026","status":"publish","type":"post","link":"https:\/\/www.europesays.com\/afrique\/200191\/","title":{"rendered":"Lutte contre le cancer : la C\u00f4te d\u2019Ivoire mobilis\u00e9e pour la campagne \u00ab Septembre Or 2026 \u00bb"},"content":{"rendered":"<p>                    La Coalition des organisations de lutte contre le cancer (COLCC) a proc\u00e9d\u00e9 au lancement national de la campagne \u00ab Septembre Or 2026 \u00bb, le jeudi 3 Septembre 2026, au si\u00e8ge de l\u2019UNICEF, \u00e0 Cocody. Une initiative destin\u00e9e \u00e0 renforcer la sensibilisation et la mobilisation autour de la lutte contre le cancer, notamment chez les enfants et les adolescents.<br \/>\n        Plac\u00e9 sous le th\u00e8me : \u00ab Une seule voix pour leur vie \u00bb, cette \u00e9dition est l\u2019occasion d\u2019interpeller les acteurs engag\u00e9s dans la lutte contre cette maladie \u00e0 une plus grande sensibilisation des populations et \u00e0 une prise en charge davantage renforc\u00e9e des personnes touch\u00e9es.<\/p>\n<p>La c\u00e9r\u00e9monie s\u2019est tenue en pr\u00e9sence de plusieurs acteurs du secteur de la sant\u00e9, des organisations non gouvernementales (ONG) engag\u00e9es dans la lutte contre le cancer ainsi que les parents des personnes atteinte de cette maladie.<\/p>\n<p>A ce jour, 1 019 cas de cancer sont enregistr\u00e9s en C\u00f4te d\u2019Ivoire, avec un taux de d\u00e9c\u00e8s estim\u00e9 \u00e0 60 %. Des chiffres qui t\u00e9moignent de l\u2019ampleur du d\u00e9fi et de la n\u00e9cessit\u00e9 d\u2019intensifier les actions de pr\u00e9vention, de sensibilisation, de d\u00e9pistage et de prise en charge.<\/p>\n<p>Prenant la parole, Mariana Stirbu, Vice-repr\u00e9sentante de l\u2019UNICEF a salu\u00e9 l\u2019engagement du gouvernement ivoirien, la COLCC, et l\u2019ensemble des acteurs pour cette importante mobilisation collective face au cancer. Elle a par ailleurs soulign\u00e9 que l\u2019ambition de chacun doit \u00eatre celle d\u2019un syst\u00e8me de sant\u00e9 capable de d\u00e9tecter t\u00f4t, r\u00e9f\u00e9rer rapidement, diagnostiquer correctement, traiter efficacement et accompagner durablement. \u00ab Septembre Or doit \u00eatre un acc\u00e9l\u00e9rateur de notre engagement collectif pour mieux informer, mobiliser davantage de ressource, renforcer les partenaires et surtout transformer cette mobilisation en action durable \u00bb, a-t-elle affirm\u00e9e.<\/p>\n<p>Pour sa part, la repr\u00e9sentante de la COLCC, Me Fatou Fadika a pr\u00e9sent\u00e9 les enjeux de cette nouvelle campagne \u00ab Septembre Or \u00bb. Elle a appel\u00e9 \u00e0 une implication accrue de la soci\u00e9t\u00e9 civile et des acteurs de la sant\u00e9. \u00ab Il s\u2019agit de mettre en exergue la pr\u00e9sence de la soci\u00e9t\u00e9 civile dans la lutte contre le cancer afin de faire avancer la cause des malades. \u00bb, a-t-elle expliqu\u00e9e.<\/p>\n<p>Elle a \u00e9galement rappel\u00e9 le caract\u00e8re particulier de cette \u00e9dition. \u00ab Une seule voix pour sensibiliser, favoriser le diagnostic pr\u00e9coce, soutenir les familles, renforcer les comp\u00e9tences des professionnels de sant\u00e9 et faire de cette lutte une priorit\u00e9 durable de sant\u00e9 publique \u00bb.<\/p>\n<p>Me Fadika a notamment insist\u00e9 sur le r\u00f4le d\u00e9cisif que la soci\u00e9t\u00e9 civile joue \u00e0 impulser des mouvements, travailler dans un esprit collaboratif avec les autorit\u00e9s publiques nationales.<\/p>\n<p>Le repr\u00e9sentant du ministre de la Sant\u00e9, de l\u2019hygi\u00e8ne publique et de la couverture maladie universelle, Pr Adoubi Innocent a, quant \u00e0 lui, salu\u00e9, au nom du Ministre Pierre Dimba, l\u2019engagement des organisations et partenaires impliqu\u00e9s dans cette initiative. \u00ab La diversit\u00e9 des acteurs pr\u00e9sent t\u00e9moigne de notre capacit\u00e9 \u00e0 agir ensemble \u00bb, a-t-il t\u00e9moign\u00e9.<\/p>\n<p>Poursuivant son propos, il a rappel\u00e9 l\u2019importance de la pr\u00e9vention et de la d\u00e9tection pr\u00e9coce dans la r\u00e9duction de la mortalit\u00e9 li\u00e9e au cancer.<\/p>\n<p>Pr Adoubi Innocent a donc r\u00e9affirm\u00e9 l\u2019engagement du programme national de lutte contre le cancer dont il a la charge, \u00e0 renforcer la mobilisation contre cette maladie chez l\u2019enfant \u00e0 travers la sensibilisation, la d\u00e9tection pr\u00e9coce, la prise en charge et l\u2019accompagnement des familles. \u00ab Ensemble, donnons \u00e0 chaque enfant une meilleure chance de gu\u00e9rir, de grandir et de r\u00e9aliser ses r\u00eaves. Car un cancer d\u00e9tect\u00e9 t\u00f4t chez l\u2019enfant est hautement gu\u00e9rissables \u00bb<\/p>\n<p>\u00c0 travers \u00ab Septembre Or 2026 \u00bb, la COLCC entend donc contribuer \u00e0 une meilleure connaissance du cancer et de ses signes d\u2019alerte.<\/p>\n<p>Ce lancement marque ainsi le d\u00e9but d\u2019une s\u00e9rie d\u2019activit\u00e9s de sensibilisation et de mobilisation pr\u00e9vues tout au long du mois de septembre, afin de renforcer la lutte contre le cancer en C\u00f4te d\u2019Ivoire.<\/p>\n<p>Epiphanie N\u2019guessan (Stagiaire)<\/p>\n","protected":false},"excerpt":{"rendered":"La Coalition des organisations de lutte contre le cancer (COLCC) a proc\u00e9d\u00e9 au lancement national de la campagne&hellip;\n","protected":false},"author":2,"featured_media":200192,"comment_status":"","ping_status":"","sticky":false,"template":"","format":"standard","meta":{"footnotes":"","_share_on_mastodon":"0"},"categories":[154],"tags":[58,6,13357,13571,3044,722,216,723,88,95,1168,40144,4074,315,49129],"class_list":["post-200191","post","type-post","status-publish","format-standard","has-post-thumbnail","category-cote-divoire","tag-58","tag-afrique","tag-campagne","tag-cancer","tag-contre","tag-cote","tag-cote-divoire","tag-divoire","tag-la","tag-le","tag-lutte","tag-mobilisee","tag-or","tag-pour","tag-septembre"],"share_on_mastodon":{"url":"https:\/\/pubeurope.com\/@afrique\/117212601780815843","error":""},"_links":{"self":[{"href":"https:\/\/www.europesays.com\/afrique\/wp-json\/wp\/v2\/posts\/200191","targetHints":{"allow":["GET"]}}],"collection":[{"href":"https:\/\/www.europesays.com\/afrique\/wp-json\/wp\/v2\/posts"}],"about":[{"href":"https:\/\/www.europesays.com\/afrique\/wp-json\/wp\/v2\/types\/post"}],"author":[{"embeddable":true,"href":"https:\/\/www.europesays.com\/afrique\/wp-json\/wp\/v2\/users\/2"}],"replies":[{"embeddable":true,"href":"https:\/\/www.europesays.com\/afrique\/wp-json\/wp\/v2\/comments?post=200191"}],"version-history":[{"count":0,"href":"https:\/\/www.europesays.com\/afrique\/wp-json\/wp\/v2\/posts\/200191\/revisions"}],"wp:featuredmedia":[{"embeddable":true,"href":"https:\/\/www.europesays.com\/afrique\/wp-json\/wp\/v2\/media\/200192"}],"wp:attachment":[{"href":"https:\/\/www.europesays.com\/afrique\/wp-json\/wp\/v2\/media?parent=200191"}],"wp:term":[{"taxonomy":"category","embeddable":true,"href":"https:\/\/www.europesays.com\/afrique\/wp-json\/wp\/v2\/categories?post=200191"},{"taxonomy":"post_tag","embeddable":true,"href":"https:\/\/www.europesays.com\/afrique\/wp-json\/wp\/v2\/tags?post=200191"}],"curies":[{"name":"wp","href":"https:\/\/api.w.org\/{rel}","templated":true}]}}