{"id":200193,"date":"2026-09-04T11:52:09","date_gmt":"2026-09-04T11:52:09","guid":{"rendered":"https:\/\/www.europesays.com\/afrique\/200193\/"},"modified":"2026-09-04T11:52:09","modified_gmt":"2026-09-04T11:52:09","slug":"afrique-du-sud-violents-affrontements-a-durban-apres-lattaque-dun-campement-de-refugies-par-des-militants-anti-immigration","status":"publish","type":"post","link":"https:\/\/www.europesays.com\/afrique\/200193\/","title":{"rendered":"Afrique du Sud : violents affrontements \u00e0 Durban apr\u00e8s l&rsquo;attaque d&rsquo;un campement de r\u00e9fugi\u00e9s par des militants anti-immigration"},"content":{"rendered":"<p>Des heurts ont \u00e9clat\u00e9 devant des locaux officiels \u00e0 Durban entre des manifestants anti-immigration et des r\u00e9fugi\u00e9s \u00e9trangers install\u00e9s dans un camp de fortune. Les forces de l&rsquo;ordre sont intervenues pour s\u00e9parer les deux groupes apr\u00e8s plusieurs bless\u00e9s.<\/p>\n<p><img loading=\"lazy\" decoding=\"async\" width=\"353\" height=\"500\" alt=\"\" style=\"max-width:100%; height:auto;\" class=\"perfmatters-lazy\" src=\"https:\/\/www.europesays.com\/afrique\/wp-content\/uploads\/2026\/07\/Pigier-journee.webp\"\/><\/p>\n<p>Des heurts violents ont \u00e9clat\u00e9 le 3 septembre 2026 \u00e0 Durban, dans l\u2019est de l\u2019Afrique du Sud, lorsque des membres du collectif anti-immigration \u00ab March and March \u00bb ont pris pour cible un campement de r\u00e9fugi\u00e9s et d\u2019\u00e9trangers. Le rassemblement de tentes de fortune \u00e9tait \u00e9tabli dans la rue Che Guevara, juste devant les locaux du minist\u00e8re sud-africain de l\u2019Int\u00e9rieur.<\/p>\n<p>Ce site abrite plusieurs centaines de ressortissants \u00e9trangers, compos\u00e9s en grande majorit\u00e9 de citoyens congolais disposant de documents de s\u00e9jour en r\u00e8gle. Ces familles y ont trouv\u00e9 refuge depuis plus de trois mois, apr\u00e8s avoir fui pr\u00e9cipitamment leurs quartiers et leurs domiciles respectifs face \u00e0 la recrudescence des menaces et des violences x\u00e9nophobes.<\/p>\n<p>Pr\u00e9sent\u00e9e par les militants de \u00ab March and March \u00bb comme une op\u00e9ration de \u00ab nettoyage \u00bb, l\u2019action a rapidement d\u00e9g\u00e9n\u00e9r\u00e9 en confrontation directe. Les assaillants ont tent\u00e9 d\u2019expulser les occupants par la force, tout en s\u2019en prenant \u00e0 leurs abris pr\u00e9caires pour tenter de confisquer et d\u2019\u00e9vacuer leurs effets personnels.<\/p>\n<p>Les affrontements qui ont suivi ont fait plusieurs bless\u00e9s parmi les protagonistes. Face \u00e0 l\u2019escalade, la police sud-africaine a d\u00e9ploy\u00e9 des tirs de balles en caoutchouc et des grenades assourdissantes pour disperser la foule. Un ressortissant \u00e9tranger a \u00e9t\u00e9 interpell\u00e9 par les forces de l\u2019ordre, soup\u00e7onn\u00e9 d\u2019avoir lanc\u00e9 une pierre ayant atteint un policier.<\/p>\n<p>Indignation des d\u00e9fenseurs des droits humains<\/p>\n<p>Les organisations de d\u00e9fense des droits humains ont vivement fustig\u00e9 la gestion de cette crise par les autorit\u00e9s locales et nationales. Le collectif Siyafana Sonke Action Campaign a notamment d\u00e9nonc\u00e9 l\u2019inaction et la passivit\u00e9 prolong\u00e9e des services de l\u2019\u00c9tat, r\u00e9clamant l\u2019attribution imm\u00e9diate d\u2019h\u00e9bergements d\u2019urgence s\u00e9curis\u00e9s ainsi qu\u2019une protection p\u00e9renne pour l\u2019ensemble des r\u00e9fugi\u00e9s cibl\u00e9s.<\/p>\n","protected":false},"excerpt":{"rendered":"Des heurts ont \u00e9clat\u00e9 devant des locaux officiels \u00e0 Durban entre des manifestants anti-immigration et des r\u00e9fugi\u00e9s \u00e9trangers&hellip;\n","protected":false},"author":2,"featured_media":200194,"comment_status":"","ping_status":"","sticky":false,"template":"","format":"standard","meta":{"footnotes":"","_share_on_mastodon":"0"},"categories":[123],"tags":[12125,6,140,1157,60910,23888,15073,7,46880,5176,27815],"class_list":["post-200193","post","type-post","status-publish","format-standard","has-post-thumbnail","category-afrique-du-sud","tag-affrontements","tag-afrique","tag-afrique-du-sud","tag-attaque","tag-campement","tag-drsquo","tag-durban","tag-economie","tag-lrsquo","tag-refugies","tag-violents"],"share_on_mastodon":{"url":"https:\/\/pubeurope.com\/@afrique\/117212633430560304","error":""},"_links":{"self":[{"href":"https:\/\/www.europesays.com\/afrique\/wp-json\/wp\/v2\/posts\/200193","targetHints":{"allow":["GET"]}}],"collection":[{"href":"https:\/\/www.europesays.com\/afrique\/wp-json\/wp\/v2\/posts"}],"about":[{"href":"https:\/\/www.europesays.com\/afrique\/wp-json\/wp\/v2\/types\/post"}],"author":[{"embeddable":true,"href":"https:\/\/www.europesays.com\/afrique\/wp-json\/wp\/v2\/users\/2"}],"replies":[{"embeddable":true,"href":"https:\/\/www.europesays.com\/afrique\/wp-json\/wp\/v2\/comments?post=200193"}],"version-history":[{"count":0,"href":"https:\/\/www.europesays.com\/afrique\/wp-json\/wp\/v2\/posts\/200193\/revisions"}],"wp:featuredmedia":[{"embeddable":true,"href":"https:\/\/www.europesays.com\/afrique\/wp-json\/wp\/v2\/media\/200194"}],"wp:attachment":[{"href":"https:\/\/www.europesays.com\/afrique\/wp-json\/wp\/v2\/media?parent=200193"}],"wp:term":[{"taxonomy":"category","embeddable":true,"href":"https:\/\/www.europesays.com\/afrique\/wp-json\/wp\/v2\/categories?post=200193"},{"taxonomy":"post_tag","embeddable":true,"href":"https:\/\/www.europesays.com\/afrique\/wp-json\/wp\/v2\/tags?post=200193"}],"curies":[{"name":"wp","href":"https:\/\/api.w.org\/{rel}","templated":true}]}}