{"id":200216,"date":"2026-09-04T12:12:08","date_gmt":"2026-09-04T12:12:08","guid":{"rendered":"https:\/\/www.europesays.com\/afrique\/200216\/"},"modified":"2026-09-04T12:12:08","modified_gmt":"2026-09-04T12:12:08","slug":"orange-marine-installera-un-cable-sous-marin-entre-la-reunion-et-lafrique-du-sud","status":"publish","type":"post","link":"https:\/\/www.europesays.com\/afrique\/200216\/","title":{"rendered":"Orange marine installera un c\u00e2ble sous-marin entre\u00a0La R\u00e9union et l\u2019Afrique du Sud"},"content":{"rendered":"<p data-ofstats-scroll=\"read_depth_20\"><a href=\"https:\/\/lemarin.ouest-france.fr\/industries-navales\/les-modeles-de-cabliers-dorange-marine-dupliques-au-royaume-uni-pour-global-marine-systems-790b2cda-8f42-11f1-91ed-1c452045cb8b\" target=\"_blank\" rel=\"nofollow noopener\">Orange marine<\/a> a annonc\u00e9 prendre part au projet de c\u00e2ble sous-marin ReuNION, port\u00e9 par un consortium d\u2019op\u00e9rateurs t\u00e9l\u00e9coms et d\u2019acteurs d\u2019infrastructures\u00a0(Telco OI, R\u00e9unicable et La R\u00e9union connect\u00e9e).<\/p>\n<p data-ofstats-scroll=\"read_depth_70\">Le c\u00e2ble d\u00e9ploy\u00e9 par Orange marine sera compos\u00e9 de 16\u00a0paires de fibres con\u00e7ues et fabriqu\u00e9es par Alcatel submarine networks\u00a0(ASN), chacune offrant une capacit\u00e9 de 20\u00a0Tbps. L\u2019infrastructure co-financ\u00e9e par l\u2019Union europ\u00e9enne permettra par ailleurs d\u2019anticiper la fin de vie de plusieurs syst\u00e8mes sous-marins actuellement exploit\u00e9s dans la r\u00e9gion. Bien s\u00fbr, nous serons pr\u00eats \u00e0 assurer la maintenance en mer de ce c\u00e2ble lorsqu\u2019il sera en service avec notre navire Leon Th\u00e9venin bas\u00e9 en Afrique du Sud, qui assure d\u2019ores et d\u00e9j\u00e0 cette mission pour l\u2019ensemble des c\u00e2bles reliant la R\u00e9union au reste du monde, assure de plus Didier Dillard, directeur g\u00e9n\u00e9ral d\u2019Orange marine, sur LinkedIn.<\/p>\n<p>        \u00c9tudes sous-marines en cours<\/p>\n<p data-ofstats-scroll=\"read_depth_90\">Orange assurera de son c\u00f4t\u00e9 l\u2019arriv\u00e9e physique du c\u00e2ble sur le territoire et sa connexion aux r\u00e9seaux terrestres, dont l\u2019interconnexion du c\u00e2ble sous-marin avec les infrastructures num\u00e9riques de l\u2019\u00eele.<\/p>\n<p data-ofstats-scroll=\"read_depth_100\">Orange marine m\u00e8ne actuellement une reconnaissance pour d\u00e9finir le trac\u00e9 avant la pose du c\u00e2ble.<\/p>\n","protected":false},"excerpt":{"rendered":"Orange marine a annonc\u00e9 prendre part au projet de c\u00e2ble sous-marin ReuNION, port\u00e9 par un consortium d\u2019op\u00e9rateurs t\u00e9l\u00e9coms&hellip;\n","protected":false},"author":2,"featured_media":200217,"comment_status":"","ping_status":"","sticky":false,"template":"","format":"standard","meta":{"footnotes":"","_share_on_mastodon":"0"},"categories":[123],"tags":[140,60946,453,8998,5690],"class_list":["post-200216","post","type-post","status-publish","format-standard","has-post-thumbnail","category-afrique-du-sud","tag-afrique-du-sud","tag-cables-sous-marins","tag-france","tag-la-reunion","tag-shipping"],"share_on_mastodon":{"url":"https:\/\/pubeurope.com\/@afrique\/117212711696589666","error":""},"_links":{"self":[{"href":"https:\/\/www.europesays.com\/afrique\/wp-json\/wp\/v2\/posts\/200216","targetHints":{"allow":["GET"]}}],"collection":[{"href":"https:\/\/www.europesays.com\/afrique\/wp-json\/wp\/v2\/posts"}],"about":[{"href":"https:\/\/www.europesays.com\/afrique\/wp-json\/wp\/v2\/types\/post"}],"author":[{"embeddable":true,"href":"https:\/\/www.europesays.com\/afrique\/wp-json\/wp\/v2\/users\/2"}],"replies":[{"embeddable":true,"href":"https:\/\/www.europesays.com\/afrique\/wp-json\/wp\/v2\/comments?post=200216"}],"version-history":[{"count":0,"href":"https:\/\/www.europesays.com\/afrique\/wp-json\/wp\/v2\/posts\/200216\/revisions"}],"wp:featuredmedia":[{"embeddable":true,"href":"https:\/\/www.europesays.com\/afrique\/wp-json\/wp\/v2\/media\/200217"}],"wp:attachment":[{"href":"https:\/\/www.europesays.com\/afrique\/wp-json\/wp\/v2\/media?parent=200216"}],"wp:term":[{"taxonomy":"category","embeddable":true,"href":"https:\/\/www.europesays.com\/afrique\/wp-json\/wp\/v2\/categories?post=200216"},{"taxonomy":"post_tag","embeddable":true,"href":"https:\/\/www.europesays.com\/afrique\/wp-json\/wp\/v2\/tags?post=200216"}],"curies":[{"name":"wp","href":"https:\/\/api.w.org\/{rel}","templated":true}]}}