{"id":200220,"date":"2026-09-04T12:15:26","date_gmt":"2026-09-04T12:15:26","guid":{"rendered":"https:\/\/www.europesays.com\/afrique\/200220\/"},"modified":"2026-09-04T12:15:26","modified_gmt":"2026-09-04T12:15:26","slug":"tunisie-jusqua-750-000-m%c2%b3-deau-perdus-chaque-jour-par-evaporation-lalerte-dun-expert","status":"publish","type":"post","link":"https:\/\/www.europesays.com\/afrique\/200220\/","title":{"rendered":"Tunisie : jusqu\u2019\u00e0 750.000 m\u00b3 d\u2019eau perdus chaque jour par \u00e9vaporation, l\u2019alerte d\u2019un expert"},"content":{"rendered":"<p>La crise de l\u2019eau en Tunisie ne rel\u00e8ve plus d\u2019une situation conjoncturelle, mais r\u00e9sulte de l\u2019accumulation de plusieurs ann\u00e9es de politiques publiques qui ne sont plus adapt\u00e9es \u00e0 l\u2019\u00e9volution d\u00e9mographique, aux nouveaux modes de vie et \u00e0 l\u2019augmentation de la demande en eau, estime l\u2019expert en ressources hydrauliques et en d\u00e9veloppement Houcine Rahili.<\/p>\n<p>Intervenant jeudi 3 septembre sur Express Fm, Rahili a soulign\u00e9 que l\u2019am\u00e9lioration des pr\u00e9cipitations enregistr\u00e9e durant la saison 2025-2026 et la hausse du taux de remplissage des barrages \u00e0 pr\u00e8s de 50 % n\u2019ont pas permis d\u2019am\u00e9liorer suffisamment l\u2019approvisionnement en eau.<\/p>\n<p>Des r\u00e9seaux qui ne r\u00e9pondent plus aux besoins<\/p>\n<p>Pour l\u2019expert, la probl\u00e9matique ne se limite pas \u00e0 la disponibilit\u00e9 de la ressource. Elle concerne \u00e9galement la capacit\u00e9 des infrastructures de transport, de pompage et de distribution \u00e0 acheminer l\u2019eau jusqu\u2019aux citoyens.<\/p>\n<p>Une partie de ces r\u00e9seaux a \u00e9t\u00e9 mise en place il y a plus de 20 ou 30 ans et ne serait d\u00e9sormais plus en mesure de r\u00e9pondre aux besoins actuels, a-t-il expliqu\u00e9.<\/p>\n<p>Cette v\u00e9tust\u00e9 des infrastructures constitue ainsi l\u2019un des facteurs susceptibles d\u2019expliquer pourquoi l\u2019am\u00e9lioration des ressources disponibles ne se traduit pas n\u00e9cessairement par une am\u00e9lioration de la distribution.<\/p>\n<p>Jusqu\u2019\u00e0 750.000 m\u00b3 d\u2019eau perdus par \u00e9vaporation<\/p>\n<p>Houcine Rahili a \u00e9galement mis en garde contre une d\u00e9pendance excessive \u00e0 l\u2019\u00e9gard des barrages dans un contexte de hausse des temp\u00e9ratures.<\/p>\n<p>Selon lui, l\u2019\u00e9vaporation pourrait entra\u00eener une perte quotidienne de 700.000 \u00e0 750.000 m\u00e8tres cubes d\u2019eau durant les p\u00e9riodes de fortes chaleurs, accentuant ainsi la pression sur les ressources hydriques.<\/p>\n<p>Dans ce contexte, la Tunisie doit revoir sa politique de gestion de l\u2019eau, a-t-il estim\u00e9, en misant notamment sur la diversification des sources d\u2019approvisionnement, la protection des nappes phr\u00e9atiques et la modernisation des r\u00e9seaux de transport et de distribution.<\/p>\n<p>La construction de nouveaux barrages ne devrait donc pas constituer l\u2019unique r\u00e9ponse \u00e0 la crise hydrique, selon l\u2019expert.<\/p>\n<p>350 \u00e0 380 m\u00b3 d\u2019eau par habitant et par an<\/p>\n<p>Houcine Rahili a par ailleurs rappel\u00e9 l\u2019ampleur du stress hydrique auquel fait face la Tunisie. La disponibilit\u00e9 annuelle en eau ne d\u00e9passe pas 350 \u00e0 380 m\u00e8tres cubes par habitant, contre une moyenne mondiale comprise entre 700 et 900 m\u00e8tres cubes.<\/p>\n<p>L\u2019expert a \u00e9galement soulign\u00e9 le lien entre les crises de l\u2019eau et de l\u2019\u00e9nergie, particuli\u00e8rement dans les r\u00e9gions int\u00e9rieures. Les coupures d\u2019\u00e9lectricit\u00e9 peuvent entra\u00eener l\u2019arr\u00eat des stations de pompage et, par cons\u00e9quent, provoquer des interruptions de l\u2019approvisionnement en eau.<\/p>\n<p>Enfin, Rahili a relev\u00e9 que les difficult\u00e9s d\u2019approvisionnement ne concernent d\u00e9sormais plus uniquement les r\u00e9gions int\u00e9rieures. Des gouvernorats c\u00f4tiers, notamment Nabeul, Monastir, Sousse et Sfax, enregistrent eux aussi une multiplication des coupures d\u2019eau.<\/p>\n<p>Pour l\u2019expert, cette \u00e9volution confirme que la crise hydrique est devenue une probl\u00e9matique nationale, n\u00e9cessitant des mesures structurelles et urgentes plut\u00f4t que des interventions ponctuelles.<\/p>\n<p>R.I<\/p>\n","protected":false},"excerpt":{"rendered":"La crise de l\u2019eau en Tunisie ne rel\u00e8ve plus d\u2019une situation conjoncturelle, mais r\u00e9sulte de l\u2019accumulation de plusieurs&hellip;\n","protected":false},"author":2,"featured_media":200221,"comment_status":"","ping_status":"","sticky":false,"template":"","format":"standard","meta":{"footnotes":"","_share_on_mastodon":"0"},"categories":[120],"tags":[124],"class_list":["post-200220","post","type-post","status-publish","format-standard","has-post-thumbnail","category-tunisie","tag-tunisie"],"share_on_mastodon":{"url":"https:\/\/pubeurope.com\/@afrique\/117212723550838950","error":""},"_links":{"self":[{"href":"https:\/\/www.europesays.com\/afrique\/wp-json\/wp\/v2\/posts\/200220","targetHints":{"allow":["GET"]}}],"collection":[{"href":"https:\/\/www.europesays.com\/afrique\/wp-json\/wp\/v2\/posts"}],"about":[{"href":"https:\/\/www.europesays.com\/afrique\/wp-json\/wp\/v2\/types\/post"}],"author":[{"embeddable":true,"href":"https:\/\/www.europesays.com\/afrique\/wp-json\/wp\/v2\/users\/2"}],"replies":[{"embeddable":true,"href":"https:\/\/www.europesays.com\/afrique\/wp-json\/wp\/v2\/comments?post=200220"}],"version-history":[{"count":0,"href":"https:\/\/www.europesays.com\/afrique\/wp-json\/wp\/v2\/posts\/200220\/revisions"}],"wp:featuredmedia":[{"embeddable":true,"href":"https:\/\/www.europesays.com\/afrique\/wp-json\/wp\/v2\/media\/200221"}],"wp:attachment":[{"href":"https:\/\/www.europesays.com\/afrique\/wp-json\/wp\/v2\/media?parent=200220"}],"wp:term":[{"taxonomy":"category","embeddable":true,"href":"https:\/\/www.europesays.com\/afrique\/wp-json\/wp\/v2\/categories?post=200220"},{"taxonomy":"post_tag","embeddable":true,"href":"https:\/\/www.europesays.com\/afrique\/wp-json\/wp\/v2\/tags?post=200220"}],"curies":[{"name":"wp","href":"https:\/\/api.w.org\/{rel}","templated":true}]}}