{"id":200228,"date":"2026-09-04T12:19:11","date_gmt":"2026-09-04T12:19:11","guid":{"rendered":"https:\/\/www.europesays.com\/afrique\/200228\/"},"modified":"2026-09-04T12:19:11","modified_gmt":"2026-09-04T12:19:11","slug":"controle-qualite-le-fisacq-2026-explore-lavenir-de-la-sante-en-afrique","status":"publish","type":"post","link":"https:\/\/www.europesays.com\/afrique\/200228\/","title":{"rendered":"Contr\u00f4le qualit\u00e9 : Le FISACQ 2026 explore l&rsquo;avenir de la sant\u00e9 en Afrique"},"content":{"rendered":"<p>\n                La probl\u00e9matique de la s\u00e9curit\u00e9 alimentaire sera au c\u0153ur de la 2e \u00e9dition du Forum international des sciences analytiques et du contr\u00f4le qualit\u00e9 (Fisacq), pr\u00e9vu du 23 au 25 septembre, \u00e0 Abidjan-Cocody.\n            <\/p>\n<p>                    Du 23 au 25 septembre 2026, l&rsquo;Unit\u00e9 de formation et de recherche (Ufr) des Sciences pharmaceutiques et biologiques de l&rsquo;Universit\u00e9 F\u00e9lix Houphou\u00ebt-Boigny (Ufhb) accueillera la 2e \u00e9dition du Forum international des sciences analytiques et du contr\u00f4le qualit\u00e9 (Fisacq) 2026.<br \/>\n        En pr\u00e9lude \u00e0 cet \u00e9v\u00e9nement majeur, la Soci\u00e9t\u00e9 savante africaine de contr\u00f4le qualit\u00e9 (2sacq) a anim\u00e9 une conf\u00e9rence de presse le 1er septembre 2026, \u00e0 Abidjan-Cocody, pour d\u00e9voiler les enjeux et la programmation.<\/p>\n<p>Plac\u00e9e sous le th\u00e8me \u00ab S\u00e9curit\u00e9 alimentaire et sant\u00e9 : d\u00e9fis analytiques et r\u00e9ponses innovantes \u00bb, cette \u00e9dition r\u00e9unira chercheurs, enseignants-chercheurs, experts, industriels, laboratoires, autorit\u00e9s r\u00e9glementaires, \u00e9tudiants et partenaires internationaux.<\/p>\n<p>\u00ab La s\u00e9curit\u00e9 alimentaire ne commence pas dans l&rsquo;assiette du consommateur. Elle repose en amont sur la capacit\u00e9 des acteurs \u00e0 mesurer, d\u00e9tecter, contr\u00f4ler et pr\u00e9venir les risques \u00bb, a soulign\u00e9 le Professeur Gbassi Gildas Komenan, pr\u00e9sident du Comit\u00e9 scientifique du forum.<\/p>\n<p>Selon lui, le but poursuivi est de promouvoir une culture de la qualit\u00e9 accessible \u00e0 tous et confronter la science aux r\u00e9alit\u00e9s du terrain. Les activit\u00e9s du forum permettront d\u2018explorer la s\u00e9curit\u00e9 des aliments tout au long de la cha\u00eene de valeur.<\/p>\n<p>Les \u00e9changes s&rsquo;articuleront autour de cinq axes majeurs, \u00e0 savoir \u00ab les cadres r\u00e9glementaires \u00bb, \u00ab la s\u00e9curit\u00e9 sanitaire des aliments et nutrition \u00bb, \u00ab les produits traditionnels et modernes en sant\u00e9 \u00bb, \u00ab la protection durable des ressources environnementales \u00bb et \u00ab les d\u00e9fis analytiques pour l&rsquo;industrie \u00bb.<\/p>\n<p>\u00ab Notre souhait est que chaque participant reparte avec des outils concrets. Nous souhaitons que le Fisacq 2026 marque le tournant d\u2019une Afrique qui s&rsquo;affirme comme actrice de la s\u00e9curit\u00e9 sanitaire mondiale \u00bb, a d\u00e9clar\u00e9 le Professeur Ouattara Mahama, Doyen de l&rsquo;Ufr des Sciences pharmaceutiques et biologiques.<\/p>\n<p>Le Fisacq 2026 proposera un pr\u00e9-forum payant d\u00e9di\u00e9 \u00e0 des ateliers de formation les 21 et 22 septembre, puis un forum principal du 23 au 25 septembre avec des conf\u00e9rences pl\u00e9ni\u00e8res, des panels d&rsquo;experts, des communications scientifiques, des espaces d&rsquo;exposition et des sessions de r\u00e9seautage B2B.<\/p>\n<p>Point d&rsquo;orgue, le Prix du meilleur jeune chercheur 2026 sera d\u00e9cern\u00e9 pour r\u00e9compenser l&rsquo;innovation.<\/p>\n","protected":false},"excerpt":{"rendered":"La probl\u00e9matique de la s\u00e9curit\u00e9 alimentaire sera au c\u0153ur de la 2e \u00e9dition du Forum international des sciences&hellip;\n","protected":false},"author":2,"featured_media":200229,"comment_status":"","ping_status":"","sticky":false,"template":"","format":"standard","meta":{"footnotes":"","_share_on_mastodon":"0"},"categories":[2],"tags":[58,6,1789,97,724,18,51,3438,60951,5039,88,95,13045,293,67,68,69,70],"class_list":["post-200228","post","type-post","status-publish","format-standard","has-post-thumbnail","category-europe","tag-58","tag-afrique","tag-controle","tag-de","tag-en","tag-europe","tag-europe-afrique","tag-explore","tag-fisacq","tag-lavenir","tag-la","tag-le","tag-qualite","tag-sante","tag-ue","tag-ue-afrique","tag-union-europeenne","tag-union-europeenne-afrique"],"share_on_mastodon":{"url":"https:\/\/pubeurope.com\/@afrique\/117212739192361843","error":""},"_links":{"self":[{"href":"https:\/\/www.europesays.com\/afrique\/wp-json\/wp\/v2\/posts\/200228","targetHints":{"allow":["GET"]}}],"collection":[{"href":"https:\/\/www.europesays.com\/afrique\/wp-json\/wp\/v2\/posts"}],"about":[{"href":"https:\/\/www.europesays.com\/afrique\/wp-json\/wp\/v2\/types\/post"}],"author":[{"embeddable":true,"href":"https:\/\/www.europesays.com\/afrique\/wp-json\/wp\/v2\/users\/2"}],"replies":[{"embeddable":true,"href":"https:\/\/www.europesays.com\/afrique\/wp-json\/wp\/v2\/comments?post=200228"}],"version-history":[{"count":0,"href":"https:\/\/www.europesays.com\/afrique\/wp-json\/wp\/v2\/posts\/200228\/revisions"}],"wp:featuredmedia":[{"embeddable":true,"href":"https:\/\/www.europesays.com\/afrique\/wp-json\/wp\/v2\/media\/200229"}],"wp:attachment":[{"href":"https:\/\/www.europesays.com\/afrique\/wp-json\/wp\/v2\/media?parent=200228"}],"wp:term":[{"taxonomy":"category","embeddable":true,"href":"https:\/\/www.europesays.com\/afrique\/wp-json\/wp\/v2\/categories?post=200228"},{"taxonomy":"post_tag","embeddable":true,"href":"https:\/\/www.europesays.com\/afrique\/wp-json\/wp\/v2\/tags?post=200228"}],"curies":[{"name":"wp","href":"https:\/\/api.w.org\/{rel}","templated":true}]}}