{"id":200230,"date":"2026-09-04T12:21:13","date_gmt":"2026-09-04T12:21:13","guid":{"rendered":"https:\/\/www.europesays.com\/afrique\/200230\/"},"modified":"2026-09-04T12:21:13","modified_gmt":"2026-09-04T12:21:13","slug":"leurope-reste-encore-trop-dependante-des-etats-unis-pour-se-defendre-seule-en-cas-de-guerre","status":"publish","type":"post","link":"https:\/\/www.europesays.com\/afrique\/200230\/","title":{"rendered":"L\u2019Europe reste encore trop d\u00e9pendante des \u00c9tats-Unis pour se d\u00e9fendre seule en cas de guerre"},"content":{"rendered":"<p>Depuis 2022 et le d\u00e9but du conflit opposant la Russie \u00e0 l\u2019Ukraine, l\u2019Union europ\u00e9enne a renforc\u00e9 ses capacit\u00e9s militaires, mais pas assez pour qu\u2019elle puisse affronter seule une guerre. Le dernier <a href=\"https:\/\/www.eca.europa.eu\/en\/news\/NEWS-RV-2026-01\" rel=\"nofollow noopener\" target=\"_blank\">rapport<\/a> de la Cour des comptes europ\u00e9enne (CCE), publi\u00e9 jeudi 3 septembre, affirme que la capacit\u00e9 de l\u2019Alliance \u00e0 r\u00e9pondre \u00e0 une invasion \u00e9trang\u00e8re en autonomie d\u2019ici 2030, objectif qu\u2019elle s\u2019\u00e9tait fix\u00e9, reste incertaine.<\/p>\n<p>\u00ab\u00a0Assurer la capacit\u00e9 de d\u00e9fense de l\u2019UE d\u2019ici 2030 demeure un d\u00e9fi. Des difficult\u00e9s majeures persistent, telles que la fragmentation des syst\u00e8mes nationaux et les goulets d\u2019\u00e9tranglement industriels. Nous restons \u00e9galement d\u00e9pendants des \u00c9tats-Unis\u00a0\u00bb, souligne Marek Opio\u0142a, l\u2019un des auditeurs charg\u00e9s de l\u2019\u00e9valuation. En s\u2019adressant au <a href=\"https:\/\/www.theguardian.com\/world\/2026\/sep\/03\/eu-defence-readiness-eca-auditors-us-reliance\" rel=\"nofollow noopener\" target=\"_blank\">Guardian<\/a>, ce membre de la CCE a ajout\u00e9 que des progr\u00e8s \u00ab\u00a0consid\u00e9rables\u00a0\u00bb pouvaient toutefois \u00eatre r\u00e9alis\u00e9s si les d\u00e9penses et la production augmentaient.<\/p>\n<p>Des efforts pourtant importants, mais trop de points faibles<\/p>\n<p>Entre 2020 et 2025, les Vingt-Sept ont augment\u00e9 leurs d\u00e9penses militaires de 79 %, notamment sous l\u2019effet de la \u00ab\u00a0menace russe\u00a0\u00bb et de la pression exerc\u00e9e pour atteindre les objectifs de l\u2019<a href=\"https:\/\/www.geo.fr\/geopolitique\/otan-les-europeens-ont-un-atout-dans-le-bras-de-fer-qui-les-oppose-aux-etats-unis-233266\" rel=\"nofollow noopener\" target=\"_blank\">Otan<\/a>. Sauf que cet argent ne r\u00e9sout pas les probl\u00e8mes de fond. Les industries de d\u00e9fense europ\u00e9ennes restent dispers\u00e9es entre les \u00c9tats et les coop\u00e9rations entre eux sont jug\u00e9es \u00ab\u00a0insuffisantes\u00a0\u00bb. Les auteurs du rapport estiment que cette situation contribue \u00e0 \u00ab\u00a0un risque de duplication des d\u00e9penses et de lacunes persistantes dans les capacit\u00e9s militaires\u00a0\u00bb.<\/p>\n<p>Soutenir une guerre de \u00ab\u00a0haute intensit\u00e9\u00a0\u00bb, d\u2019ici la fin de la d\u00e9cennie, semble \u00e0 leurs yeux difficile en l\u2019\u00e9tat actuel, d\u2019autant que l\u2019UE persiste dans sa d\u00e9pendance aux fournisseurs am\u00e9ricains. Entre f\u00e9vrier 2022 et juin 2023, 78 % des achats militaires des gouvernements europ\u00e9ens provenaient de pays \u00e9trangers. \u00c0 eux seuls, les \u00c9tats-Unis repr\u00e9sentaient 63 % de ces commandes.<\/p>\n<p>Les acquisitions se sont multipli\u00e9es apr\u00e8s l\u2019invasion russe, car les Europ\u00e9ens avaient besoin de mat\u00e9riel au plus vite, ce que la CCE consid\u00e8re comme \u00ab\u00a0compr\u00e9hensible\u00a0\u00bb, mais les poursuivre peut devenir un probl\u00e8me. Le vieux continent doit d\u00e9velopper parall\u00e8lement ses propres armes, mart\u00e8le le document.<\/p>\n<p>De grands projets industriels avancent \u00e0 vitesse d\u2019escargot<\/p>\n<p>Le rapport cite \u00e9galement plusieurs blocages qui ralentissent toute coop\u00e9ration entre les pays membres, comme l\u2019abandon par la France et l\u2019Allemagne du projet d\u2019<a href=\"https:\/\/www.geo.fr\/geopolitique\/avion-de-combat-europeen-le-scaf-est-mort-et-apres-232388\" rel=\"nofollow noopener\" target=\"_blank\">avion de combat<\/a> \u00e0 100 milliards d\u2019euros, apr\u00e8s des d\u00e9saccords entre les industriels sur la direction du programme. Si l\u2019Europe cherche tout de m\u00eame \u00e0 privil\u00e9gier les \u00e9quipements fabriqu\u00e9s sur son territoire, elle se heurte quelquefois aux \u00ab\u00a0urgences militaires\u00a0\u00bb.<\/p>\n<p>Cet \u00e9t\u00e9, l\u2019Ukraine a, par exemple, demand\u00e9 \u00e0 pouvoir utiliser une partie du pr\u00eat europ\u00e9en de 90 milliards d\u2019euros pour acheter des missiles Patriots aux Am\u00e9ricains, ce qui n\u00e9cessite une d\u00e9rogation aux r\u00e8gles. La CCE estime que si acheter \u00e0 l\u2019\u00e9tranger peut \u00eatre justifi\u00e9 \u00ab\u00a0lorsque vous avez un besoin urgent \u00e0 court terme\u00a0\u00bb, il faut ensuite pr\u00e9parer l\u2019avenir. \u00ab\u00a0M\u00eame si vous achetez quelque chose que vous ne poss\u00e9dez pas en interne, vous devez toujours pr\u00e9voir comment d\u00e9velopper cette capacit\u00e9 essentielle \u00e0 long terme au sein de l\u2019Union europ\u00e9enne\u00a0\u00bb, note le texte. Un d\u00e9faut tenace de l\u2019UE.<\/p>\n","protected":false},"excerpt":{"rendered":"Depuis 2022 et le d\u00e9but du conflit opposant la Russie \u00e0 l\u2019Ukraine, l\u2019Union europ\u00e9enne a renforc\u00e9 ses capacit\u00e9s&hellip;\n","protected":false},"author":2,"featured_media":200231,"comment_status":"","ping_status":"","sticky":false,"template":"","format":"standard","meta":{"footnotes":"","_share_on_mastodon":"0"},"categories":[2],"tags":[3914,12080,970,8460,18,519,512],"class_list":["post-200230","post","type-post","status-publish","format-standard","has-post-thumbnail","category-europe","tag-armement","tag-armu00e9e","tag-conflit","tag-du00e9fense","tag-europe","tag-otan","tag-union-europu00e9enne"],"share_on_mastodon":{"url":"https:\/\/pubeurope.com\/@afrique\/117212747193769318","error":""},"_links":{"self":[{"href":"https:\/\/www.europesays.com\/afrique\/wp-json\/wp\/v2\/posts\/200230","targetHints":{"allow":["GET"]}}],"collection":[{"href":"https:\/\/www.europesays.com\/afrique\/wp-json\/wp\/v2\/posts"}],"about":[{"href":"https:\/\/www.europesays.com\/afrique\/wp-json\/wp\/v2\/types\/post"}],"author":[{"embeddable":true,"href":"https:\/\/www.europesays.com\/afrique\/wp-json\/wp\/v2\/users\/2"}],"replies":[{"embeddable":true,"href":"https:\/\/www.europesays.com\/afrique\/wp-json\/wp\/v2\/comments?post=200230"}],"version-history":[{"count":0,"href":"https:\/\/www.europesays.com\/afrique\/wp-json\/wp\/v2\/posts\/200230\/revisions"}],"wp:featuredmedia":[{"embeddable":true,"href":"https:\/\/www.europesays.com\/afrique\/wp-json\/wp\/v2\/media\/200231"}],"wp:attachment":[{"href":"https:\/\/www.europesays.com\/afrique\/wp-json\/wp\/v2\/media?parent=200230"}],"wp:term":[{"taxonomy":"category","embeddable":true,"href":"https:\/\/www.europesays.com\/afrique\/wp-json\/wp\/v2\/categories?post=200230"},{"taxonomy":"post_tag","embeddable":true,"href":"https:\/\/www.europesays.com\/afrique\/wp-json\/wp\/v2\/tags?post=200230"}],"curies":[{"name":"wp","href":"https:\/\/api.w.org\/{rel}","templated":true}]}}