{"id":200240,"date":"2026-09-04T12:33:24","date_gmt":"2026-09-04T12:33:24","guid":{"rendered":"https:\/\/www.europesays.com\/afrique\/200240\/"},"modified":"2026-09-04T12:33:24","modified_gmt":"2026-09-04T12:33:24","slug":"le-ministre-de-lagriculture-et-le-nouvel-ambassadeur-degypte-en-irak-examinent-le-renforcement-de-la-cooperation","status":"publish","type":"post","link":"https:\/\/www.europesays.com\/afrique\/200240\/","title":{"rendered":"Le ministre de l\u2019Agriculture et le nouvel ambassadeur d\u2019\u00c9gypte en Irak examinent le renforcement de la coop\u00e9ration"},"content":{"rendered":"<p style=\"text-align: justify;\">Le ministre de l\u2019Agriculture, Alaa Farouk, s\u2019est entretenu avec le nouvel ambassadeur d\u2019\u00c9gypte en Irak, Ahmed Khafagy, des moyens de renforcer la coop\u00e9ration entre les deux pays fr\u00e8res dans divers domaines agricoles, ainsi que de promouvoir les investissements et les \u00e9changes commerciaux.<\/p>\n<p style=\"text-align: justify;\">\u00c0 l\u2019ouverture de la rencontre, M. Farouk a f\u00e9licit\u00e9 M. Khafagy \u00e0 l\u2019occasion de sa prise de fonctions, lui souhaitant plein succ\u00e8s dans sa mission diplomatique. Il a \u00e9galement soulign\u00e9 la profondeur des relations historiques et des liens fraternels \u00e9troits qui unissent l\u2019\u00c9gypte et l\u2019Irak \u00e0 tous les niveaux.<\/p>\n<p style=\"text-align: justify;\">M. Farouk a affirm\u00e9 que le minist\u00e8re de l\u2019Agriculture \u00e9tait pleinement dispos\u00e9 \u00e0 apporter \u00e0 la partie irakienne toutes les formes de soutien technique et \u00e0 partager l\u2019expertise \u00e9gyptienne dans les domaines de la mise en valeur des terres, du d\u00e9veloppement des syst\u00e8mes d\u2019irrigation modernes et de la s\u00e9lection des vari\u00e9t\u00e9s v\u00e9g\u00e9tales, ainsi qu\u2019\u00e0 renforcer la coop\u00e9ration dans le domaine de la recherche agricole, conform\u00e9ment aux aspirations des deux parties.<\/p>\n<p style=\"text-align: justify;\">Les deux responsables ont \u00e9galement examin\u00e9 les m\u00e9canismes permettant de surmonter les \u00e9ventuels obstacles aux \u00e9changes de produits et de marchandises agricoles entre les deux pays, ainsi que les moyens d\u2019acc\u00e9l\u00e9rer les proc\u00e9dures de quarantaine agricole et v\u00e9t\u00e9rinaire afin de faciliter le flux des exportations.<\/p>\n<p style=\"text-align: justify;\">Ils ont en outre discut\u00e9 des moyens d\u2019ouvrir de nouvelles perspectives aux investissements \u00e9gyptiens dans le secteur agricole irakien et de mettre en \u0153uvre les m\u00e9morandums d\u2019entente conclus entre les deux pays.<\/p>\n<p style=\"text-align: justify;\">Source : MENA<\/p>\n<p>            <a class=\"text-reader sound\" href=\"https:\/\/sis.gov.eg\/fr\/centre-m%C3%A9diatique\/actualit%C3%A9s\/le-ministre-de-l-agriculture-et-le-nouvel-ambassadeur-d-%C3%A9gypte-en-irak-examinent-le-renforcement-de-la-coop%C3%A9ration\/javascript:void(0)\" data-text=\"Le ministre de l\u2019Agriculture et le nouvel ambassadeur d\u2019\u00c9gypte en Irak examinent le renforcement de la coop\u00e9ration.  Cr\u00e9er un rendez-vous.  04 septembre 2026Date de derni\u00e8re mise \u00e0 jour.  04 septembre 2026.  Le ministre de l\u2019Agriculture, Alaa Farouk, s\u2019est entretenu avec le nouvel ambassadeur d\u2019\u00c9gypte en Irak, Ahmed Khafagy, des moyens de renforcer la coop\u00e9ration entre les deux pays fr\u00e8res dans divers domaines agricoles, ainsi que de promouvoir les investissements et les \u00e9changes commerciaux.&#010;\u00c0 l\u2019ouverture de la rencontre, M. Farouk a f\u00e9licit\u00e9 M. Khafagy \u00e0 l\u2019occasion de sa prise de fonctions, lui souhaitant plein succ\u00e8s dans sa mission diplomatique. Il a \u00e9galement soulign\u00e9 la profondeur des relations historiques et des liens fraternels \u00e9troits qui unissent l\u2019\u00c9gypte et l\u2019Irak \u00e0 tous les niveaux.&#010;M. Farouk a affirm\u00e9 que le minist\u00e8re de l\u2019Agriculture \u00e9tait pleinement dispos\u00e9 \u00e0 apporter \u00e0 la partie irakienne toutes les formes de soutien technique et \u00e0 partager l\u2019expertise \u00e9gyptienne dans les domaines de la mise en valeur des terres, du d\u00e9veloppement des syst\u00e8mes d\u2019irrigation modernes et de la s\u00e9lection des vari\u00e9t\u00e9s v\u00e9g\u00e9tales, ainsi qu\u2019\u00e0 renforcer la coop\u00e9ration dans le domaine de la recherche agricole, conform\u00e9ment aux aspirations des deux parties.&#010;Les deux responsables ont \u00e9galement examin\u00e9 les m\u00e9canismes permettant de surmonter les \u00e9ventuels obstacles aux \u00e9changes de produits et de marchandises agricoles entre les deux pays, ainsi que les moyens d\u2019acc\u00e9l\u00e9rer les proc\u00e9dures de quarantaine agricole et v\u00e9t\u00e9rinaire afin de faciliter le flux des exportations.&#010;Ils ont en outre discut\u00e9 des moyens d\u2019ouvrir de nouvelles perspectives aux investissements \u00e9gyptiens dans le secteur agricole irakien et de mettre en \u0153uvre les m\u00e9morandums d\u2019entente conclus entre les deux pays.&#010;Source : MENA.  \" data-toggle=\"tooltip\" data-placement=\"top\" title=\"jouer son\" rel=\"nofollow noopener\" target=\"_blank\">&#13;<br \/>\n                <img decoding=\"async\" src=\"https:\/\/sis.gov.eg\/Assets\/Images\/SVGs\/soundIcon.svg\"\/>&#13;<br \/>\n            <\/a><\/p>\n<p>\u00c9coutez le mot paragraphe<\/p>\n","protected":false},"excerpt":{"rendered":"Le ministre de l\u2019Agriculture, Alaa Farouk, s\u2019est entretenu avec le nouvel ambassadeur d\u2019\u00c9gypte en Irak, Ahmed Khafagy, des&hellip;\n","protected":false},"author":2,"featured_media":200241,"comment_status":"","ping_status":"","sticky":false,"template":"","format":"standard","meta":{"footnotes":"","_share_on_mastodon":"0"},"categories":[122],"tags":[139],"class_list":["post-200240","post","type-post","status-publish","format-standard","has-post-thumbnail","category-egypte","tag-egypte"],"share_on_mastodon":{"url":"https:\/\/pubeurope.com\/@afrique\/117212794533581059","error":""},"_links":{"self":[{"href":"https:\/\/www.europesays.com\/afrique\/wp-json\/wp\/v2\/posts\/200240","targetHints":{"allow":["GET"]}}],"collection":[{"href":"https:\/\/www.europesays.com\/afrique\/wp-json\/wp\/v2\/posts"}],"about":[{"href":"https:\/\/www.europesays.com\/afrique\/wp-json\/wp\/v2\/types\/post"}],"author":[{"embeddable":true,"href":"https:\/\/www.europesays.com\/afrique\/wp-json\/wp\/v2\/users\/2"}],"replies":[{"embeddable":true,"href":"https:\/\/www.europesays.com\/afrique\/wp-json\/wp\/v2\/comments?post=200240"}],"version-history":[{"count":0,"href":"https:\/\/www.europesays.com\/afrique\/wp-json\/wp\/v2\/posts\/200240\/revisions"}],"wp:featuredmedia":[{"embeddable":true,"href":"https:\/\/www.europesays.com\/afrique\/wp-json\/wp\/v2\/media\/200241"}],"wp:attachment":[{"href":"https:\/\/www.europesays.com\/afrique\/wp-json\/wp\/v2\/media?parent=200240"}],"wp:term":[{"taxonomy":"category","embeddable":true,"href":"https:\/\/www.europesays.com\/afrique\/wp-json\/wp\/v2\/categories?post=200240"},{"taxonomy":"post_tag","embeddable":true,"href":"https:\/\/www.europesays.com\/afrique\/wp-json\/wp\/v2\/tags?post=200240"}],"curies":[{"name":"wp","href":"https:\/\/api.w.org\/{rel}","templated":true}]}}