{"id":200260,"date":"2026-09-04T12:58:23","date_gmt":"2026-09-04T12:58:23","guid":{"rendered":"https:\/\/www.europesays.com\/afrique\/200260\/"},"modified":"2026-09-04T12:58:23","modified_gmt":"2026-09-04T12:58:23","slug":"la-premiere-session-du-comite-mixte-egypte-italie-se-tient-au-caire","status":"publish","type":"post","link":"https:\/\/www.europesays.com\/afrique\/200260\/","title":{"rendered":"La premi\u00e8re session du Comit\u00e9 mixte \u00c9gypte-Italie se tient au Caire"},"content":{"rendered":"<p style=\"text-align: justify;\">La premi\u00e8re session du Comit\u00e9 mixte \u00c9gypte-Italie s\u2019est tenue jeudi au si\u00e8ge du minist\u00e8re \u00e9gyptien des Affaires \u00e9trang\u00e8res, de la Coop\u00e9ration internationale et des \u00c9gyptiens \u00e0 l\u2019\u00e9tranger, \u00e0 la nouvelle capitale, sous la copr\u00e9sidence des ministres \u00e9gyptien et italien des Affaires \u00e9trang\u00e8res, Badr Abdelatty et Antonio Tajani.<\/p>\n<p style=\"text-align: justify;\">Ont notamment particip\u00e9 \u00e0 la r\u00e9union les ministres \u00e9gyptiens de l\u2019\u00c9lectricit\u00e9 et des \u00c9nergies renouvelables, Mahmoud Esmat, de la Solidarit\u00e9 sociale, Maya Morsi, de l\u2019Investissement et du Commerce ext\u00e9rieur, Mohamed Farid, et du Travail, Hassan Raddad, ainsi que les ministres italiens de l\u2019Environnement et de la S\u00e9curit\u00e9 \u00e9nerg\u00e9tique, et du Travail et des Politiques sociales, outre plusieurs hauts responsables des deux pays.<\/p>\n<p style=\"text-align: justify;\">\u00c0 l\u2019ouverture de la session, M. Abdelatty a souhait\u00e9 la bienvenue \u00e0 son homologue italien et \u00e0 la d\u00e9l\u00e9gation l\u2019accompagnant, soulignant que la cr\u00e9ation de ce Comit\u00e9 t\u00e9moigne du dynamisme croissant des relations \u00e9gypto-italiennes, soutenues par le pr\u00e9sident Abdel Fattah Al-Sissi et la Premi\u00e8re ministre italienne Giorgia Meloni.<\/p>\n<p style=\"text-align: justify;\">Il a \u00e9galement salu\u00e9 la progression des \u00e9changes commerciaux bilat\u00e9raux, exprimant l\u2019espoir de voir augmenter les investissements italiens et de tirer pleinement parti de la position de l\u2019\u00c9gypte comme plaque tournante logistique et commerciale et comme porte d\u2019entr\u00e9e vers les march\u00e9s africains.<\/p>\n<p style=\"text-align: justify;\">M. Tajani a, pour sa part, soulign\u00e9 la n\u00e9cessit\u00e9 de renforcer davantage le partenariat \u00e9gypto-italien, compte tenu de l\u2019int\u00e9r\u00eat croissant des entreprises italiennes pour le march\u00e9 \u00e9gyptien et de leur volont\u00e9 de tirer parti des opportunit\u00e9s prometteuses qu\u2019il offre.<\/p>\n<p style=\"text-align: justify;\">Les relations politiques privil\u00e9gi\u00e9es entre Le Caire et Rome constituent une base solide pour d\u00e9velopper la coop\u00e9ration \u00e9conomique. Il convient de renforcer les partenariats dans divers domaines afin de garantir des b\u00e9n\u00e9fices mutuels et de consolider le r\u00f4le commun des deux pays dans la r\u00e9gion m\u00e9diterran\u00e9enne, a ajout\u00e9 le ministre italien des Affaires \u00e9trang\u00e8res.<\/p>\n<p style=\"text-align: justify;\">Source : MENA<\/p>\n<p>            <a class=\"text-reader sound\" href=\"https:\/\/sis.gov.eg\/fr\/centre-m%C3%A9diatique\/actualit%C3%A9s\/la-premi%C3%A8re-session-du-comit%C3%A9-mixte-%C3%A9gypte-italie-se-tient-au-caire\/javascript:void(0)\" data-text=\"La premi\u00e8re session du Comit\u00e9 mixte \u00c9gypte-Italie se tient au Caire.  Cr\u00e9er un rendez-vous.  03 septembre 2026Date de derni\u00e8re mise \u00e0 jour.  04 septembre 2026.  La premi\u00e8re session du Comit\u00e9 mixte \u00c9gypte-Italie s\u2019est tenue jeudi au si\u00e8ge du minist\u00e8re \u00e9gyptien des Affaires \u00e9trang\u00e8res, de la Coop\u00e9ration internationale et des \u00c9gyptiens \u00e0 l\u2019\u00e9tranger, \u00e0 la nouvelle capitale, sous la copr\u00e9sidence des ministres \u00e9gyptien et italien des Affaires \u00e9trang\u00e8res, Badr Abdelatty et Antonio Tajani.&#010;Ont notamment particip\u00e9 \u00e0 la r\u00e9union les ministres \u00e9gyptiens de l\u2019\u00c9lectricit\u00e9 et des \u00c9nergies renouvelables, Mahmoud Esmat, de la Solidarit\u00e9 sociale, Maya Morsi, de l\u2019Investissement et du Commerce ext\u00e9rieur, Mohamed Farid, et du Travail, Hassan Raddad, ainsi que les ministres italiens de l\u2019Environnement et de la S\u00e9curit\u00e9 \u00e9nerg\u00e9tique, et du Travail et des Politiques sociales, outre plusieurs hauts responsables des deux pays.&#010;\u00c0 l\u2019ouverture de la session, M. Abdelatty a souhait\u00e9 la bienvenue \u00e0 son homologue italien et \u00e0 la d\u00e9l\u00e9gation l\u2019accompagnant, soulignant que la cr\u00e9ation de ce Comit\u00e9 t\u00e9moigne du dynamisme croissant des relations \u00e9gypto-italiennes, soutenues par le pr\u00e9sident Abdel Fattah Al-Sissi et la Premi\u00e8re ministre italienne Giorgia Meloni.&#010;Il a \u00e9galement salu\u00e9 la progression des \u00e9changes commerciaux bilat\u00e9raux, exprimant l\u2019espoir de voir augmenter les investissements italiens et de tirer pleinement parti de la position de l\u2019\u00c9gypte comme plaque tournante logistique et commerciale et comme porte d\u2019entr\u00e9e vers les march\u00e9s africains.&#010;M. Tajani a, pour sa part, soulign\u00e9 la n\u00e9cessit\u00e9 de renforcer davantage le partenariat \u00e9gypto-italien, compte tenu de l\u2019int\u00e9r\u00eat croissant des entreprises italiennes pour le march\u00e9 \u00e9gyptien et de leur volont\u00e9 de tirer parti des opportunit\u00e9s prometteuses qu\u2019il offre.&#010;Les relations politiques privil\u00e9gi\u00e9es entre Le Caire et Rome constituent une base solide pour d\u00e9velopper la coop\u00e9ration \u00e9conomique. Il convient de renforcer les partenariats dans divers domaines afin de garantir des b\u00e9n\u00e9fices mutuels et de consolider le r\u00f4le commun des deux pays dans la r\u00e9gion m\u00e9diterran\u00e9enne, a ajout\u00e9 le ministre italien des Affaires \u00e9trang\u00e8res.&#010;Source : MENA.  \" data-toggle=\"tooltip\" data-placement=\"top\" title=\"jouer son\" rel=\"nofollow noopener\" target=\"_blank\">&#13;<br \/>\n                <img decoding=\"async\" src=\"https:\/\/sis.gov.eg\/Assets\/Images\/SVGs\/soundIcon.svg\"\/>&#13;<br \/>\n            <\/a><\/p>\n<p>\u00c9coutez le mot paragraphe<\/p>\n","protected":false},"excerpt":{"rendered":"La premi\u00e8re session du Comit\u00e9 mixte \u00c9gypte-Italie s\u2019est tenue jeudi au si\u00e8ge du minist\u00e8re \u00e9gyptien des Affaires \u00e9trang\u00e8res,&hellip;\n","protected":false},"author":2,"featured_media":200261,"comment_status":"","ping_status":"","sticky":false,"template":"","format":"standard","meta":{"footnotes":"","_share_on_mastodon":"0"},"categories":[122],"tags":[139],"class_list":["post-200260","post","type-post","status-publish","format-standard","has-post-thumbnail","category-egypte","tag-egypte"],"share_on_mastodon":{"url":"https:\/\/pubeurope.com\/@afrique\/117212892789541269","error":""},"_links":{"self":[{"href":"https:\/\/www.europesays.com\/afrique\/wp-json\/wp\/v2\/posts\/200260","targetHints":{"allow":["GET"]}}],"collection":[{"href":"https:\/\/www.europesays.com\/afrique\/wp-json\/wp\/v2\/posts"}],"about":[{"href":"https:\/\/www.europesays.com\/afrique\/wp-json\/wp\/v2\/types\/post"}],"author":[{"embeddable":true,"href":"https:\/\/www.europesays.com\/afrique\/wp-json\/wp\/v2\/users\/2"}],"replies":[{"embeddable":true,"href":"https:\/\/www.europesays.com\/afrique\/wp-json\/wp\/v2\/comments?post=200260"}],"version-history":[{"count":0,"href":"https:\/\/www.europesays.com\/afrique\/wp-json\/wp\/v2\/posts\/200260\/revisions"}],"wp:featuredmedia":[{"embeddable":true,"href":"https:\/\/www.europesays.com\/afrique\/wp-json\/wp\/v2\/media\/200261"}],"wp:attachment":[{"href":"https:\/\/www.europesays.com\/afrique\/wp-json\/wp\/v2\/media?parent=200260"}],"wp:term":[{"taxonomy":"category","embeddable":true,"href":"https:\/\/www.europesays.com\/afrique\/wp-json\/wp\/v2\/categories?post=200260"},{"taxonomy":"post_tag","embeddable":true,"href":"https:\/\/www.europesays.com\/afrique\/wp-json\/wp\/v2\/tags?post=200260"}],"curies":[{"name":"wp","href":"https:\/\/api.w.org\/{rel}","templated":true}]}}