{"id":200262,"date":"2026-09-04T13:00:16","date_gmt":"2026-09-04T13:00:16","guid":{"rendered":"https:\/\/www.europesays.com\/afrique\/200262\/"},"modified":"2026-09-04T13:00:16","modified_gmt":"2026-09-04T13:00:16","slug":"tunisie-lugtt-la-ligue-des-droits-de-lhomme-et-lordre-des-avocats-sunissent-face-a-la-crise","status":"publish","type":"post","link":"https:\/\/www.europesays.com\/afrique\/200262\/","title":{"rendered":"Tunisie : l&rsquo;UGTT, la Ligue des droits de l&rsquo;homme et l&rsquo;Ordre des avocats s&rsquo;unissent face \u00e0 la crise"},"content":{"rendered":"<p>En Tunisie, l&rsquo;Union g\u00e9n\u00e9rale tunisienne du travail, la Ligue tunisienne des droits de l&rsquo;homme et l&rsquo;Ordre national des avocats ont annonc\u00e9, le 3 septembre 2026, la cr\u00e9ation d&rsquo;un cadre de coordination commun pour sortir le pays d&rsquo;une crise sociale et politique aggrav\u00e9e par les coupures d&rsquo;eau et d&rsquo;\u00e9lectricit\u00e9 de l&rsquo;\u00e9t\u00e9.<\/p>\n<p><img loading=\"lazy\" decoding=\"async\" width=\"353\" height=\"500\" alt=\"\" style=\"max-width:100%; height:auto;\" class=\"perfmatters-lazy\" src=\"https:\/\/www.europesays.com\/afrique\/wp-content\/uploads\/2026\/07\/Pigier-journee.webp\"\/><\/p>\n<p>L\u2019Union g\u00e9n\u00e9rale tunisienne du travail (UGTT), la Ligue tunisienne des droits de l\u2019homme (LTDH) et l\u2019Ordre national des avocats tunisiens ont annonc\u00e9, le 3 septembre 2026, la cr\u00e9ation d\u2019un \u00ab cadre de coordination commun \u00bb destin\u00e9 \u00e0 sortir la Tunisie d\u2019une crise sociale et politique aliment\u00e9e par un \u00e9t\u00e9 marqu\u00e9 par des coupures d\u2019eau et d\u2019\u00e9lectricit\u00e9 \u00e0 r\u00e9p\u00e9tition. Dans un communiqu\u00e9 conjoint, les trois organisations appellent \u00e0 une r\u00e9vision globale des choix \u00e9conomiques, sociaux et politiques du pays et \u00e0 l\u2019ouverture d\u2019un dialogue national inclusif.<\/p>\n<p>Cette initiative reste rare dans un contexte de r\u00e9pression croissante de l\u2019opposition et de la soci\u00e9t\u00e9 civile en Tunisie. L\u2019Union tunisienne de l\u2019industrie, du commerce et de l\u2019artisanat (Utica), quatri\u00e8me composante historique du \u00ab quartet du dialogue national \u00bb r\u00e9compens\u00e9 par le prix Nobel de la paix en 2015 pour son r\u00f4le dans la sortie de crise de 2013-2014, ne figure pas parmi les signataires de ce nouveau cadre.<\/p>\n<p>Les trois organisations d\u00e9noncent dans leur communiqu\u00e9 la baisse du pouvoir d\u2019achat, l\u2019\u00e9largissement de la pauvret\u00e9 et du ch\u00f4mage, ainsi que des perturbations d\u2019approvisionnement en m\u00e9dicaments et produits de base. Elles pointent \u00e9galement un recul des droits et libert\u00e9s, des restrictions sur l\u2019activit\u00e9 syndicale et politique, une justice dont l\u2019ind\u00e9pendance serait compromise, des conditions carc\u00e9rales pr\u00e9occupantes et des contraintes pesant sur la libert\u00e9 de la presse.<\/p>\n<p>Le texte \u00e9voque aussi le drame de la noyade de plusieurs jeunes originaires de Ben Guerdane, dans le sud-est du pays, lors d\u2019une tentative de migration irr\u00e9guli\u00e8re vers l\u2019Europe.<\/p>\n<p>Des morts suspectes en d\u00e9tention pendant la canicule<\/p>\n<p>La d\u00e9gradation des conditions carc\u00e9rales, cit\u00e9e par les trois organisations, intervient apr\u00e8s un \u00e9t\u00e9 marqu\u00e9 par plusieurs d\u00e9c\u00e8s suspects en d\u00e9tention pendant la canicule. L\u2019Organisation mondiale contre la torture avait document\u00e9 treize morts suspectes en Tunisie entre mai 2025 et avril 2026, un bilan qui ne prenait pas en compte les d\u00e9c\u00e8s survenus pendant la vague de chaleur de juillet 2026. La section de Ben Arous de la LTDH avait, fin juillet, qualifi\u00e9 de \u00ab suspects \u00bb plusieurs d\u00e9c\u00e8s suppl\u00e9mentaires survenus en d\u00e9tention et r\u00e9clam\u00e9 une enqu\u00eate.<\/p>\n<p>Cette coordination intervient plus de cinq ans apr\u00e8s le coup de force du pr\u00e9sident Ka\u00efs Sa\u00efed, qui s\u2019\u00e9tait octroy\u00e9 les pleins pouvoirs le 25 juillet 2021. Depuis, l\u2019opposition et les organisations de la soci\u00e9t\u00e9 civile d\u00e9noncent un recul continu des droits et libert\u00e9s dans le pays consid\u00e9r\u00e9 comme le berceau du printemps arabe.<\/p>\n","protected":false},"excerpt":{"rendered":"En Tunisie, l&rsquo;Union g\u00e9n\u00e9rale tunisienne du travail, la Ligue tunisienne des droits de l&rsquo;homme et l&rsquo;Ordre national des&hellip;\n","protected":false},"author":2,"featured_media":200263,"comment_status":"","ping_status":"","sticky":false,"template":"","format":"standard","meta":{"footnotes":"","_share_on_mastodon":"0"},"categories":[120],"tags":[3295,885,11387,46880,27341,2373,126,47712,124,5782],"class_list":["post-200262","post","type-post","status-publish","format-standard","has-post-thumbnail","category-tunisie","tag-avocats","tag-droits","tag-homme","tag-lrsquo","tag-ligue","tag-ordre","tag-politique","tag-srsquo","tag-tunisie","tag-ugtt"],"share_on_mastodon":{"url":"https:\/\/pubeurope.com\/@afrique\/117212900609170774","error":""},"_links":{"self":[{"href":"https:\/\/www.europesays.com\/afrique\/wp-json\/wp\/v2\/posts\/200262","targetHints":{"allow":["GET"]}}],"collection":[{"href":"https:\/\/www.europesays.com\/afrique\/wp-json\/wp\/v2\/posts"}],"about":[{"href":"https:\/\/www.europesays.com\/afrique\/wp-json\/wp\/v2\/types\/post"}],"author":[{"embeddable":true,"href":"https:\/\/www.europesays.com\/afrique\/wp-json\/wp\/v2\/users\/2"}],"replies":[{"embeddable":true,"href":"https:\/\/www.europesays.com\/afrique\/wp-json\/wp\/v2\/comments?post=200262"}],"version-history":[{"count":0,"href":"https:\/\/www.europesays.com\/afrique\/wp-json\/wp\/v2\/posts\/200262\/revisions"}],"wp:featuredmedia":[{"embeddable":true,"href":"https:\/\/www.europesays.com\/afrique\/wp-json\/wp\/v2\/media\/200263"}],"wp:attachment":[{"href":"https:\/\/www.europesays.com\/afrique\/wp-json\/wp\/v2\/media?parent=200262"}],"wp:term":[{"taxonomy":"category","embeddable":true,"href":"https:\/\/www.europesays.com\/afrique\/wp-json\/wp\/v2\/categories?post=200262"},{"taxonomy":"post_tag","embeddable":true,"href":"https:\/\/www.europesays.com\/afrique\/wp-json\/wp\/v2\/tags?post=200262"}],"curies":[{"name":"wp","href":"https:\/\/api.w.org\/{rel}","templated":true}]}}