{"id":200280,"date":"2026-09-04T13:15:14","date_gmt":"2026-09-04T13:15:14","guid":{"rendered":"https:\/\/www.europesays.com\/afrique\/200280\/"},"modified":"2026-09-04T13:15:14","modified_gmt":"2026-09-04T13:15:14","slug":"ethiopie-partenariat-avec-la-sfi-pour-lancer-la-premiere-societe-de-refinancement-hypothecaire","status":"publish","type":"post","link":"https:\/\/www.europesays.com\/afrique\/200280\/","title":{"rendered":"\u00c9thiopie : partenariat avec la SFI pour lancer la premi\u00e8re soci\u00e9t\u00e9 de refinancement hypoth\u00e9caire"},"content":{"rendered":"<p>Addis-Abeba s&rsquo;associe au Groupe de la Banque mondiale pour transformer le financement du logement. La future structure permettra de fluidifier le cr\u00e9dit immobilier national.<\/p>\n<p><img loading=\"lazy\" decoding=\"async\" width=\"353\" height=\"500\" alt=\"\" style=\"max-width:100%; height:auto;\" class=\"perfmatters-lazy\" src=\"https:\/\/www.europesays.com\/afrique\/wp-content\/uploads\/2026\/07\/Pigier-journee.webp\"\/><\/p>\n<p>La Banque nationale d\u2019\u00c9thiopie (NBE) et la Soci\u00e9t\u00e9 financi\u00e8re internationale (SFI) ont scell\u00e9 un accord-cadre de coop\u00e9ration le 3 septembre 2026 \u00e0 Addis-Abeba, lors d\u2019une c\u00e9r\u00e9monie officielle pr\u00e9sid\u00e9e par le Premier ministre Abiy Ahmed. Cette entente consacre une synergie renforc\u00e9e entre le r\u00e9gulateur mon\u00e9taire national et le bras du Groupe de la Banque mondiale d\u00e9di\u00e9 au secteur priv\u00e9.<\/p>\n<p>Ce partenariat strat\u00e9gique formalise la mise en place de la toute premi\u00e8re institution financi\u00e8re sp\u00e9cialis\u00e9e dans le refinancement hypoth\u00e9caire en \u00c9thiopie. L\u2019av\u00e8nement de cette entit\u00e9 in\u00e9dite vise \u00e0 structurer l\u2019\u00e9cosyst\u00e8me financier local en cr\u00e9ant un march\u00e9 secondaire dynamique pour les cr\u00e9ances li\u00e9es \u00e0 l\u2019acquisition de biens immobiliers.<\/p>\n<p>D\u2019apr\u00e8s les param\u00e8tres \u00e9tablis lors de cette signature, la nouvelle soci\u00e9t\u00e9 de refinancement hypoth\u00e9caire disposera d\u2019une assise financi\u00e8re solide, incarn\u00e9e par un capital statutaire fix\u00e9 \u00e0 100 milliards de birrs \u00e9thiopiens. Ces fonds propres substantiels serviront de garantie op\u00e9rationnelle pour s\u00e9curiser les transactions de grande envergure avec les banques primaires.<\/p>\n<p>En appui direct \u00e0 cette initiative, la Soci\u00e9t\u00e9 financi\u00e8re internationale, filiale du groupe de la Banque mondiale, injectera une contribution d\u2019au moins 200 millions de dollars dans l\u2019op\u00e9ration. Cette participation financi\u00e8re d\u2019envergure permettra de consolider la viabilit\u00e9 du v\u00e9hicule financier d\u00e8s l\u2019entame de ses op\u00e9rations sur le march\u00e9 \u00e9thiopien.<\/p>\n<p>R\u00e9sorption des liquidit\u00e9s et logements abordables<\/p>\n<p>Le dispositif a pour objectif principal de corriger les asym\u00e9tries de maturit\u00e9 et de liquidit\u00e9 auxquelles fait face le secteur bancaire commercial lors de l\u2019octroi de cr\u00e9dits \u00e0 long terme. En refinan\u00e7ant activement les pr\u00eats immobiliers des \u00e9tablissements de cr\u00e9dit, l\u2019institution fournira le levier indispensable pour concr\u00e9tiser le programme gouvernemental ciblant la construction de 1,5 million de logements abordables.<\/p>\n","protected":false},"excerpt":{"rendered":"Addis-Abeba s&rsquo;associe au Groupe de la Banque mondiale pour transformer le financement du logement. La future structure permettra&hellip;\n","protected":false},"author":2,"featured_media":200281,"comment_status":"","ping_status":"","sticky":false,"template":"","format":"standard","meta":{"footnotes":"","_share_on_mastodon":"0"},"categories":[158],"tags":[7,262,60964,5036,676,14307,43764,115],"class_list":["post-200280","post","type-post","status-publish","format-standard","has-post-thumbnail","category-ethiopie","tag-economie","tag-ethiopie","tag-hypothecaire","tag-lancer","tag-partenariat","tag-premiere","tag-refinancement","tag-societe"],"share_on_mastodon":{"url":"https:\/\/pubeurope.com\/@afrique\/117212959427530669","error":""},"_links":{"self":[{"href":"https:\/\/www.europesays.com\/afrique\/wp-json\/wp\/v2\/posts\/200280","targetHints":{"allow":["GET"]}}],"collection":[{"href":"https:\/\/www.europesays.com\/afrique\/wp-json\/wp\/v2\/posts"}],"about":[{"href":"https:\/\/www.europesays.com\/afrique\/wp-json\/wp\/v2\/types\/post"}],"author":[{"embeddable":true,"href":"https:\/\/www.europesays.com\/afrique\/wp-json\/wp\/v2\/users\/2"}],"replies":[{"embeddable":true,"href":"https:\/\/www.europesays.com\/afrique\/wp-json\/wp\/v2\/comments?post=200280"}],"version-history":[{"count":0,"href":"https:\/\/www.europesays.com\/afrique\/wp-json\/wp\/v2\/posts\/200280\/revisions"}],"wp:featuredmedia":[{"embeddable":true,"href":"https:\/\/www.europesays.com\/afrique\/wp-json\/wp\/v2\/media\/200281"}],"wp:attachment":[{"href":"https:\/\/www.europesays.com\/afrique\/wp-json\/wp\/v2\/media?parent=200280"}],"wp:term":[{"taxonomy":"category","embeddable":true,"href":"https:\/\/www.europesays.com\/afrique\/wp-json\/wp\/v2\/categories?post=200280"},{"taxonomy":"post_tag","embeddable":true,"href":"https:\/\/www.europesays.com\/afrique\/wp-json\/wp\/v2\/tags?post=200280"}],"curies":[{"name":"wp","href":"https:\/\/api.w.org\/{rel}","templated":true}]}}