{"id":200282,"date":"2026-09-04T13:17:10","date_gmt":"2026-09-04T13:17:10","guid":{"rendered":"https:\/\/www.europesays.com\/afrique\/200282\/"},"modified":"2026-09-04T13:17:10","modified_gmt":"2026-09-04T13:17:10","slug":"kenya-ruto-ordonne-le-controle-et-la-fermeture-des-commerces-chinois","status":"publish","type":"post","link":"https:\/\/www.europesays.com\/afrique\/200282\/","title":{"rendered":"Kenya : Ruto ordonne le contr\u00f4le et la fermeture des commerces chinois"},"content":{"rendered":"<p>\u00a9 Koaci.com &#8211; vendredi 04 septembre 2026 &#8211; 11:38<\/p>\n<p><a href=\"https:\/\/www.koaci.com\/recherche?search=William+Ruto\" rel=\"nofollow noopener\" target=\"_blank\">William Ruto<\/a><\/p>\n<p>Le pr\u00e9sident k\u00e9nyan <a href=\"https:\/\/www.koaci.com\/recherche?search=William+Ruto\" rel=\"nofollow noopener\" target=\"_blank\">William Ruto<\/a> a ordonn\u00e9 \u00e0 son administration de contr\u00f4ler, \u00e0 partir du 7 septembre, la pr\u00e9sence d\u2019\u00e9trangers dans certaines activit\u00e9s de proximit\u00e9, notamment le commerce de d\u00e9tail et la vente ambulante.<\/p>\n<p>Les ressortissants <a href=\"https:\/\/www.koaci.com\/recherche?search=chinois\" rel=\"nofollow noopener\" target=\"_blank\">chinois<\/a> sont directement vis\u00e9s par cette nouvelle offensive.<\/p>\n<p>\u00a0Lors d\u2019une rencontre avec des repr\u00e9sentants des micro, petites et moyennes entreprises, <a href=\"https:\/\/www.koaci.com\/recherche?search=William+Ruto\" rel=\"nofollow noopener\" target=\"_blank\">William Ruto<\/a> a estim\u00e9 que les \u00e9trangers ne devaient pas exercer des activit\u00e9s pouvant \u00eatre occup\u00e9es par des entrepreneurs k\u00e9nyans.<\/p>\n<p><\/p>\n<p>\u00ab Nous ne pouvons pas permettre \u00e0 des personnes de venir de Chine et d\u2019ouvrir ici des magasins vendant les m\u00eames produits que les commer\u00e7ants des MSME \u00bb, a d\u00e9clar\u00e9 le chef de l\u2019\u00c9tat, ajoutant que les commerces appartenant \u00e0 des ressortissants <a href=\"https:\/\/www.koaci.com\/recherche?search=chinois\" rel=\"nofollow noopener\" target=\"_blank\">chinois<\/a> pourraient \u00eatre ferm\u00e9s apr\u00e8s v\u00e9rification.<\/p>\n<p>Cette position fait \u00e9cho aux engagements de <a href=\"https:\/\/www.koaci.com\/recherche?search=William+Ruto\" rel=\"nofollow noopener\" target=\"_blank\">William Ruto<\/a> durant la campagne pr\u00e9sidentielle de 2022.<\/p>\n<p>Il avait d\u00e9j\u00e0 promis de r\u00e9server certaines activit\u00e9s, comme la vente de t\u00e9l\u00e9phones ou de ma\u00efs grill\u00e9, aux K\u00e9nyans et \u00e9voqu\u00e9 l\u2019expulsion de certains commer\u00e7ants \u00e9trangers.<\/p>\n<p>L\u2019annonce intervient alors que les petits commer\u00e7ants k\u00e9nyans d\u00e9noncent une concurrence accrue et font face \u00e0 une hausse des co\u00fbts.<\/p>\n<p>\u00a0Le 28 ao\u00fbt, la police avait notamment utilis\u00e9 des gaz lacrymog\u00e8nes contre des commer\u00e7ants protestant contre une d\u00e9cision de la Kenya Revenue Authority (KRA) concernant la valorisation douani\u00e8re des conteneurs consolid\u00e9s.<\/p>\n<p><\/p>\n","protected":false},"excerpt":{"rendered":"\u00a9 Koaci.com &#8211; vendredi 04 septembre 2026 &#8211; 11:38 William Ruto Le pr\u00e9sident k\u00e9nyan William Ruto a ordonn\u00e9&hellip;\n","protected":false},"author":2,"featured_media":200283,"comment_status":"","ping_status":"","sticky":false,"template":"","format":"standard","meta":{"footnotes":"","_share_on_mastodon":"0"},"categories":[165],"tags":[281,280,424,14027,1789,48708,251,230,279,6148,2539,126,30094,1546],"class_list":["post-200282","post","type-post","status-publish","format-standard","has-post-thumbnail","category-kenya","tag-actualite","tag-article","tag-chinois","tag-commerces","tag-controle","tag-fermeture","tag-info","tag-kenya","tag-koaci","tag-koaci-kenya","tag-ordonne","tag-politique","tag-ruto","tag-william-ruto"],"share_on_mastodon":{"url":"https:\/\/pubeurope.com\/@afrique\/117212967374158673","error":""},"_links":{"self":[{"href":"https:\/\/www.europesays.com\/afrique\/wp-json\/wp\/v2\/posts\/200282","targetHints":{"allow":["GET"]}}],"collection":[{"href":"https:\/\/www.europesays.com\/afrique\/wp-json\/wp\/v2\/posts"}],"about":[{"href":"https:\/\/www.europesays.com\/afrique\/wp-json\/wp\/v2\/types\/post"}],"author":[{"embeddable":true,"href":"https:\/\/www.europesays.com\/afrique\/wp-json\/wp\/v2\/users\/2"}],"replies":[{"embeddable":true,"href":"https:\/\/www.europesays.com\/afrique\/wp-json\/wp\/v2\/comments?post=200282"}],"version-history":[{"count":0,"href":"https:\/\/www.europesays.com\/afrique\/wp-json\/wp\/v2\/posts\/200282\/revisions"}],"wp:featuredmedia":[{"embeddable":true,"href":"https:\/\/www.europesays.com\/afrique\/wp-json\/wp\/v2\/media\/200283"}],"wp:attachment":[{"href":"https:\/\/www.europesays.com\/afrique\/wp-json\/wp\/v2\/media?parent=200282"}],"wp:term":[{"taxonomy":"category","embeddable":true,"href":"https:\/\/www.europesays.com\/afrique\/wp-json\/wp\/v2\/categories?post=200282"},{"taxonomy":"post_tag","embeddable":true,"href":"https:\/\/www.europesays.com\/afrique\/wp-json\/wp\/v2\/tags?post=200282"}],"curies":[{"name":"wp","href":"https:\/\/api.w.org\/{rel}","templated":true}]}}