{"id":200304,"date":"2026-09-04T13:32:16","date_gmt":"2026-09-04T13:32:16","guid":{"rendered":"https:\/\/www.europesays.com\/afrique\/200304\/"},"modified":"2026-09-04T13:32:16","modified_gmt":"2026-09-04T13:32:16","slug":"le-ministre-de-la-sante-et-lambassadrice-degypte-en-tanzanie-examinent-la-cooperation-sanitaire","status":"publish","type":"post","link":"https:\/\/www.europesays.com\/afrique\/200304\/","title":{"rendered":"Le ministre de la Sant\u00e9 et l\u2019ambassadrice d\u2019\u00c9gypte en Tanzanie examinent la coop\u00e9ration sanitaire"},"content":{"rendered":"<p style=\"text-align: justify;\">Le ministre de la Sant\u00e9 et de la Population, Khaled Abdel Ghaffar, s\u2019est entretenu avec l\u2019ambassadrice d\u2019\u00c9gypte en Tanzanie, Rania Abdel M\u00e9guid, des moyens de renforcer la coop\u00e9ration entre l\u2019\u00c9gypte et la Tanzanie dans le domaine de la sant\u00e9, ainsi que de l\u2019\u00e9change d\u2019expertise et du renforcement des capacit\u00e9s humaines entre les deux pays.<\/p>\n<p style=\"text-align: justify;\">M. Abdel Ghaffar a soulign\u00e9 la solidit\u00e9 des relations entre l\u2019\u00c9gypte et la Tanzanie et salu\u00e9 leur longue histoire de coop\u00e9ration bilat\u00e9rale fructueuse.<\/p>\n<p style=\"text-align: justify;\">La r\u00e9union a port\u00e9 sur le renforcement de la coop\u00e9ration dans le secteur pharmaceutique, ainsi que sur le transfert et l\u2019\u00e9change d\u2019expertise dans les technologies de fabrication des m\u00e9dicaments.<\/p>\n<p style=\"text-align: justify;\">Les discussions ont \u00e9galement port\u00e9 sur la coop\u00e9ration dans le domaine des missions m\u00e9dicales, notamment \u00e0 travers l\u2019accueil en \u00c9gypte de m\u00e9decins et d\u2019\u00e9quipes m\u00e9dicales tanzaniens pour des formations dans des h\u00f4pitaux \u00e9gyptiens, afin de contribuer au d\u00e9veloppement des syst\u00e8mes de sant\u00e9 des deux pays, a indiqu\u00e9 Hossam Abdel Ghaffar, porte-parole du minist\u00e8re de la Sant\u00e9.<\/p>\n<p style=\"text-align: justify;\">Le conseiller du ministre de la Sant\u00e9 charg\u00e9 des relations sanitaires ext\u00e9rieures, Mohamed Gad, et la directrice de la Direction des relations sanitaires ext\u00e9rieures, Suzanne Zanati, ont \u00e9galement particip\u00e9 \u00e0 la r\u00e9union.<\/p>\n<p style=\"text-align: justify;\">Source : MENA<\/p>\n<p>            <a class=\"text-reader sound\" href=\"https:\/\/sis.gov.eg\/fr\/centre-m%C3%A9diatique\/actualit%C3%A9s\/le-ministre-de-la-sant%C3%A9-et-l-ambassadrice-d-%C3%A9gypte-en-tanzanie-examinent-la-coop%C3%A9ration-sanitaire\/javascript:void(0)\" data-text=\"Le ministre de la Sant\u00e9 et l\u2019ambassadrice d\u2019\u00c9gypte en Tanzanie examinent la coop\u00e9ration sanitaire.  Cr\u00e9er un rendez-vous.  03 septembre 2026Date de derni\u00e8re mise \u00e0 jour.  03 septembre 2026.  Le ministre de la Sant\u00e9 et de la Population, Khaled Abdel Ghaffar, s\u2019est entretenu avec l\u2019ambassadrice d\u2019\u00c9gypte en Tanzanie, Rania Abdel M\u00e9guid, des moyens de renforcer la coop\u00e9ration entre l\u2019\u00c9gypte et la Tanzanie dans le domaine de la sant\u00e9, ainsi que de l\u2019\u00e9change d\u2019expertise et du renforcement des capacit\u00e9s humaines entre les deux pays.&#010;M. Abdel Ghaffar a soulign\u00e9 la solidit\u00e9 des relations entre l\u2019\u00c9gypte et la Tanzanie et salu\u00e9 leur longue histoire de coop\u00e9ration bilat\u00e9rale fructueuse.&#010;La r\u00e9union a port\u00e9 sur le renforcement de la coop\u00e9ration dans le secteur pharmaceutique, ainsi que sur le transfert et l\u2019\u00e9change d\u2019expertise dans les technologies de fabrication des m\u00e9dicaments.&#010;Les discussions ont \u00e9galement port\u00e9 sur la coop\u00e9ration dans le domaine des missions m\u00e9dicales, notamment \u00e0 travers l\u2019accueil en \u00c9gypte de m\u00e9decins et d\u2019\u00e9quipes m\u00e9dicales tanzaniens pour des formations dans des h\u00f4pitaux \u00e9gyptiens, afin de contribuer au d\u00e9veloppement des syst\u00e8mes de sant\u00e9 des deux pays, a indiqu\u00e9 Hossam Abdel Ghaffar, porte-parole du minist\u00e8re de la Sant\u00e9.&#010;Le conseiller du ministre de la Sant\u00e9 charg\u00e9 des relations sanitaires ext\u00e9rieures, Mohamed Gad, et la directrice de la Direction des relations sanitaires ext\u00e9rieures, Suzanne Zanati, ont \u00e9galement particip\u00e9 \u00e0 la r\u00e9union.&#010;Source : MENA.  \" data-toggle=\"tooltip\" data-placement=\"top\" title=\"jouer son\" rel=\"nofollow noopener\" target=\"_blank\">&#13;<br \/>\n                <img decoding=\"async\" src=\"https:\/\/sis.gov.eg\/Assets\/Images\/SVGs\/soundIcon.svg\"\/>&#13;<br \/>\n            <\/a><\/p>\n<p>\u00c9coutez le mot paragraphe<\/p>\n","protected":false},"excerpt":{"rendered":"Le ministre de la Sant\u00e9 et de la Population, Khaled Abdel Ghaffar, s\u2019est entretenu avec l\u2019ambassadrice d\u2019\u00c9gypte en&hellip;\n","protected":false},"author":2,"featured_media":200305,"comment_status":"","ping_status":"","sticky":false,"template":"","format":"standard","meta":{"footnotes":"","_share_on_mastodon":"0"},"categories":[185],"tags":[304],"class_list":["post-200304","post","type-post","status-publish","format-standard","has-post-thumbnail","category-tanzanie","tag-tanzanie"],"share_on_mastodon":{"url":"https:\/\/pubeurope.com\/@afrique\/117213026726062947","error":""},"_links":{"self":[{"href":"https:\/\/www.europesays.com\/afrique\/wp-json\/wp\/v2\/posts\/200304","targetHints":{"allow":["GET"]}}],"collection":[{"href":"https:\/\/www.europesays.com\/afrique\/wp-json\/wp\/v2\/posts"}],"about":[{"href":"https:\/\/www.europesays.com\/afrique\/wp-json\/wp\/v2\/types\/post"}],"author":[{"embeddable":true,"href":"https:\/\/www.europesays.com\/afrique\/wp-json\/wp\/v2\/users\/2"}],"replies":[{"embeddable":true,"href":"https:\/\/www.europesays.com\/afrique\/wp-json\/wp\/v2\/comments?post=200304"}],"version-history":[{"count":0,"href":"https:\/\/www.europesays.com\/afrique\/wp-json\/wp\/v2\/posts\/200304\/revisions"}],"wp:featuredmedia":[{"embeddable":true,"href":"https:\/\/www.europesays.com\/afrique\/wp-json\/wp\/v2\/media\/200305"}],"wp:attachment":[{"href":"https:\/\/www.europesays.com\/afrique\/wp-json\/wp\/v2\/media?parent=200304"}],"wp:term":[{"taxonomy":"category","embeddable":true,"href":"https:\/\/www.europesays.com\/afrique\/wp-json\/wp\/v2\/categories?post=200304"},{"taxonomy":"post_tag","embeddable":true,"href":"https:\/\/www.europesays.com\/afrique\/wp-json\/wp\/v2\/tags?post=200304"}],"curies":[{"name":"wp","href":"https:\/\/api.w.org\/{rel}","templated":true}]}}