{"id":200306,"date":"2026-09-04T13:33:11","date_gmt":"2026-09-04T13:33:11","guid":{"rendered":"https:\/\/www.europesays.com\/afrique\/200306\/"},"modified":"2026-09-04T13:33:11","modified_gmt":"2026-09-04T13:33:11","slug":"audiovisuel-canal-cote-divoire-devoile-son-programme-de-rentree","status":"publish","type":"post","link":"https:\/\/www.europesays.com\/afrique\/200306\/","title":{"rendered":"Audiovisuel : Canal+ C\u00f4te d\u2019Ivoire d\u00e9voile son programme de rentr\u00e9e"},"content":{"rendered":"<p>                    Le groupe Canal+ C\u00f4te d\u2019Ivoire a lev\u00e9 le voile sur son programme de rentr\u00e9e, au cours d\u2019une conf\u00e9rence de presse organis\u00e9e le jeudi 3 septembre 2026, dans un complexe h\u00f4telier de Cocody. Cette rencontre a permis aux responsables du groupe de pr\u00e9senter les nouvelles offres en mati\u00e8re de sport, de divertissement, de fiction africaine et d\u2019innovation technologique.<br \/>\n        \u00c0 partir de la saison 2027-2028, Canal+ d\u00e9tiendra l\u2019exclusivit\u00e9 des droits de diffusion des grandes comp\u00e9titions europ\u00e9ennes de football, notamment la Ligue des champions, l\u2019Europa League et la Conference League. Une offre sportive qui viendra s\u2019ajouter aux comp\u00e9titions d\u00e9j\u00e0 diffus\u00e9es, avec le tennis, les sports m\u00e9caniques et le cyclisme.<\/p>\n<p>Selon le directeur g\u00e9n\u00e9ral de Canal+ C\u00f4te d\u2019Ivoire, Adama Kon\u00e9, ces innovations visent avant tout \u00e0 \u00ab satisfaire nos abonn\u00e9s \u00bb en leur proposant une programmation toujours plus riche et diversifi\u00e9e.<\/p>\n<p>Le divertissement occupera \u00e9galement une place importante dans cette nouvelle grille. L\u2019\u00e9mission V VIP fera son retour pour une deuxi\u00e8me saison d\u00e8s le 14 septembre, avec un nouveau concept centr\u00e9 sur le quotidien de cr\u00e9ateurs de contenu et d\u2019influenceurs africains, parmi lesquels Akhram, pr\u00e9sent lors de la conf\u00e9rence. Le m\u00eame jour marquera aussi le retour de l\u2019\u00e9mission quotidienne \u00ab\u00a0C\u2019est dos\u00e9\u00a0\u00bb, port\u00e9e par Prissy la D\u00e9gameuse et entour\u00e9e de chroniqueurs issus de plusieurs pays africains.<\/p>\n<p>C\u00f4t\u00e9 fiction, la cha\u00eene A+ Ivoire a annonc\u00e9 l\u2019exportation de sa s\u00e9rie \u00e0 succ\u00e8s \u00ab\u00a0Les Nounous\u00a0\u00bb vers de nouveaux territoires, avec une premi\u00e8re diffusion pr\u00e9vue \u00e0 Madagascar. Une \u00e9ventuelle quatri\u00e8me saison reste toutefois \u00e0 l\u2019\u00e9tude, aucune date n\u2019ayant encore \u00e9t\u00e9 arr\u00eat\u00e9e, selon le directeur des cha\u00eenes A+.<\/p>\n<p>Plusieurs s\u00e9ries, telenovelas et autres productions africaines viendront \u00e9galement enrichir la programmation jusqu\u2019\u00e0 la fin de l\u2019ann\u00e9e 2026. Le grand retour de la t\u00e9l\u00e9r\u00e9alit\u00e9 \u00ab\u00a0Secret Story\u00a0\u00bb, annonc\u00e9 pour le mois d\u2019octobre, figure aussi parmi les temps forts de cette rentr\u00e9e.<\/p>\n<p>Sur le plan technologique, Canal+ C\u00f4te d&rsquo;Ivoire pr\u00e9voit la commercialisation prochaine d\u2019un nouveau d\u00e9codeur enti\u00e8rement connect\u00e9, ne n\u00e9cessitant plus l\u2019installation d\u2019une parabole. Cet \u00e9quipement offrira notamment un acc\u00e8s direct \u00e0 Netflix, dont l\u2019activation pourra \u00eatre accompagn\u00e9e par les \u00e9quipes commerciales de Canal+.<\/p>\n<p>Enfin, cette rentr\u00e9e s\u2019inscrit \u00e9galement dans un engagement social \u00e0 travers le programme Orph\u00e9e, pr\u00e9sent\u00e9 par Anne Carole Dacoury-Tabley. Ce dispositif d\u2019accompagnement pr\u00e9voit cette ann\u00e9e le soutien de trois nouveaux \u00e9tablissements.<\/p>\n<p>Des op\u00e9rations sont men\u00e9es dans plusieurs villes du pays, notamment \u00e0 Korhogo, Man et Abengourou, au b\u00e9n\u00e9fice de 10 orphelinats accueillant environ 500 enfants \u00e2g\u00e9s de 1 \u00e0 18 ans.<\/p>\n<p>\u00c0 travers cette nouvelle saison, Canal+ C\u00f4te d\u2019Ivoire affiche ainsi son ambition de proposer une offre toujours plus compl\u00e8te, m\u00ealant innovation, sport, divertissement et valorisation des contenus africains.<\/p>\n","protected":false},"excerpt":{"rendered":"Le groupe Canal+ C\u00f4te d\u2019Ivoire a lev\u00e9 le voile sur son programme de rentr\u00e9e, au cours d\u2019une conf\u00e9rence&hellip;\n","protected":false},"author":2,"featured_media":200307,"comment_status":"","ping_status":"","sticky":false,"template":"","format":"standard","meta":{"footnotes":"","_share_on_mastodon":"0"},"categories":[154],"tags":[6,8123,8052,722,216,723,97,8010,2555,33488,789],"class_list":["post-200306","post","type-post","status-publish","format-standard","has-post-thumbnail","category-cote-divoire","tag-afrique","tag-audiovisuel","tag-canal","tag-cote","tag-cote-divoire","tag-divoire","tag-de","tag-devoile","tag-programme","tag-rentree","tag-son"],"share_on_mastodon":{"url":"https:\/\/pubeurope.com\/@afrique\/117213030439411902","error":""},"_links":{"self":[{"href":"https:\/\/www.europesays.com\/afrique\/wp-json\/wp\/v2\/posts\/200306","targetHints":{"allow":["GET"]}}],"collection":[{"href":"https:\/\/www.europesays.com\/afrique\/wp-json\/wp\/v2\/posts"}],"about":[{"href":"https:\/\/www.europesays.com\/afrique\/wp-json\/wp\/v2\/types\/post"}],"author":[{"embeddable":true,"href":"https:\/\/www.europesays.com\/afrique\/wp-json\/wp\/v2\/users\/2"}],"replies":[{"embeddable":true,"href":"https:\/\/www.europesays.com\/afrique\/wp-json\/wp\/v2\/comments?post=200306"}],"version-history":[{"count":0,"href":"https:\/\/www.europesays.com\/afrique\/wp-json\/wp\/v2\/posts\/200306\/revisions"}],"wp:featuredmedia":[{"embeddable":true,"href":"https:\/\/www.europesays.com\/afrique\/wp-json\/wp\/v2\/media\/200307"}],"wp:attachment":[{"href":"https:\/\/www.europesays.com\/afrique\/wp-json\/wp\/v2\/media?parent=200306"}],"wp:term":[{"taxonomy":"category","embeddable":true,"href":"https:\/\/www.europesays.com\/afrique\/wp-json\/wp\/v2\/categories?post=200306"},{"taxonomy":"post_tag","embeddable":true,"href":"https:\/\/www.europesays.com\/afrique\/wp-json\/wp\/v2\/tags?post=200306"}],"curies":[{"name":"wp","href":"https:\/\/api.w.org\/{rel}","templated":true}]}}