{"id":200310,"date":"2026-09-04T13:39:10","date_gmt":"2026-09-04T13:39:10","guid":{"rendered":"https:\/\/www.europesays.com\/afrique\/200310\/"},"modified":"2026-09-04T13:39:10","modified_gmt":"2026-09-04T13:39:10","slug":"nigeria-au-moins-37-morts-asphyxies-lors-du-siphonnage-illegal-dun-oleoduc-dans-letat-de-rivers","status":"publish","type":"post","link":"https:\/\/www.europesays.com\/afrique\/200310\/","title":{"rendered":"Nigeria : au moins 37 morts asphyxi\u00e9s lors du siphonnage ill\u00e9gal d&rsquo;un ol\u00e9oduc dans l&rsquo;\u00c9tat de Rivers"},"content":{"rendered":"<p>Une tentative de vol d&rsquo;hydrocarbures sur une conduite industrielle a tourn\u00e9 au drame dans le sud du Nigeria, provoquant la mort de plusieurs dizaines de personnes intoxiqu\u00e9es par des gaz.<\/p>\n<p><img loading=\"lazy\" decoding=\"async\" width=\"353\" height=\"500\" alt=\"\" style=\"max-width:100%; height:auto;\" class=\"perfmatters-lazy\" src=\"https:\/\/www.europesays.com\/afrique\/wp-content\/uploads\/2026\/07\/Pigier-journee.webp\"\/><\/p>\n<p>Au moins 37 personnes ont trouv\u00e9 la mort dans la nuit du 2 au 3 septembre 2026 \u00e0 Okari Jetty, localit\u00e9 situ\u00e9e dans la zone de gouvernement local d\u2019Okrika, au sein de l\u2019\u00c9tat de Rivers au Nigeria. Les victimes ont \u00e9t\u00e9 mortellement asphyxi\u00e9es par d\u2019\u00e9paisses \u00e9manations toxiques survenues au cours d\u2019une op\u00e9ration clandestine de vol d\u2019hydrocarbures men\u00e9e sur le site fluvial.<\/p>\n<p>Le drame s\u2019est produit lorsque des individus ont entrepris de raccorder un tuyau de d\u00e9rivation directement sur une conduite transportant des hydrocarbures sous haute pression. L\u2019infrastructure vis\u00e9e acheminait des produits p\u00e9troliers depuis le vaste complexe industriel Indorama Eleme Petrochemicals dans le but de ravitailler illicitement des embarcations artisanales stationn\u00e9es le long de la rive.<\/p>\n<p>L\u2019alerte et le premier bilan faisant \u00e9tat d\u2019au moins 37 personnes d\u00e9c\u00e9d\u00e9es ont \u00e9t\u00e9 rendus publics par l\u2019organisation non gouvernementale locale Youths and Environmental Advocacy Centre (YEAC-Nigeria). Cette structure de d\u00e9fense de l\u2019environnement documente r\u00e9guli\u00e8rement les cons\u00e9quences destructrices du raffinage artisanal et du pillage de carburant dans cette r\u00e9gion du delta du Niger.<\/p>\n<p>Le bilan humain pourrait s\u2019alourdir dans les heures \u00e0 venir, plusieurs personnes manquant toujours \u00e0 l\u2019appel. Selon des t\u00e9moins pr\u00e9sents sur les lieux, de nombreuses victimes se sont \u00e9vanouies sous l\u2019effet des gaz avant de basculer dans les eaux environnantes, certains d\u00e9comptes communautaires avan\u00e7ant d\u00e9j\u00e0 un total de 43 morts.<\/p>\n<p>Une enqu\u00eate ouverte par les autorit\u00e9s<\/p>\n<p>Le commandement de la police de l\u2019\u00c9tat de Rivers a officiellement confirm\u00e9 la survenue de ce drame impliquant des siphonneurs pr\u00e9sum\u00e9s. Les services de s\u00e9curit\u00e9 ont engag\u00e9 une enqu\u00eate approfondie afin d\u2019\u00e9lucider la cha\u00eene des \u00e9v\u00e9nements, de s\u00e9curiser la zone de l\u2019accident et d\u2019\u00e9tablir un bilan consolid\u00e9 des pertes humaines.<\/p>\n<p>\u00c0 suivre aussi<\/p>\n","protected":false},"excerpt":{"rendered":"Une tentative de vol d&rsquo;hydrocarbures sur une conduite industrielle a tourn\u00e9 au drame dans le sud du Nigeria,&hellip;\n","protected":false},"author":2,"featured_media":200311,"comment_status":"","ping_status":"","sticky":false,"template":"","format":"standard","meta":{"footnotes":"","_share_on_mastodon":"0"},"categories":[176],"tags":[60966,23888,7,11045,11275,1155,1156,192,10353,60967],"class_list":["post-200310","post","type-post","status-publish","format-standard","has-post-thumbnail","category-nigeria","tag-asphyxies","tag-drsquo","tag-economie","tag-illegal","tag-lors","tag-moins","tag-morts","tag-nigeria","tag-oleoduc","tag-siphonnage"],"share_on_mastodon":{"url":"https:\/\/pubeurope.com\/@afrique\/117213054059724183","error":""},"_links":{"self":[{"href":"https:\/\/www.europesays.com\/afrique\/wp-json\/wp\/v2\/posts\/200310","targetHints":{"allow":["GET"]}}],"collection":[{"href":"https:\/\/www.europesays.com\/afrique\/wp-json\/wp\/v2\/posts"}],"about":[{"href":"https:\/\/www.europesays.com\/afrique\/wp-json\/wp\/v2\/types\/post"}],"author":[{"embeddable":true,"href":"https:\/\/www.europesays.com\/afrique\/wp-json\/wp\/v2\/users\/2"}],"replies":[{"embeddable":true,"href":"https:\/\/www.europesays.com\/afrique\/wp-json\/wp\/v2\/comments?post=200310"}],"version-history":[{"count":0,"href":"https:\/\/www.europesays.com\/afrique\/wp-json\/wp\/v2\/posts\/200310\/revisions"}],"wp:featuredmedia":[{"embeddable":true,"href":"https:\/\/www.europesays.com\/afrique\/wp-json\/wp\/v2\/media\/200311"}],"wp:attachment":[{"href":"https:\/\/www.europesays.com\/afrique\/wp-json\/wp\/v2\/media?parent=200310"}],"wp:term":[{"taxonomy":"category","embeddable":true,"href":"https:\/\/www.europesays.com\/afrique\/wp-json\/wp\/v2\/categories?post=200310"},{"taxonomy":"post_tag","embeddable":true,"href":"https:\/\/www.europesays.com\/afrique\/wp-json\/wp\/v2\/tags?post=200310"}],"curies":[{"name":"wp","href":"https:\/\/api.w.org\/{rel}","templated":true}]}}