{"id":200325,"date":"2026-09-04T13:50:16","date_gmt":"2026-09-04T13:50:16","guid":{"rendered":"https:\/\/www.europesays.com\/afrique\/200325\/"},"modified":"2026-09-04T13:50:16","modified_gmt":"2026-09-04T13:50:16","slug":"lafrica-corps-de-moscou-est-il-la-nouvelle-garde-pretorienne-qui-decide-du-pouvoir-au-sahel","status":"publish","type":"post","link":"https:\/\/www.europesays.com\/afrique\/200325\/","title":{"rendered":"L&rsquo;Africa Corps de Moscou est-il la nouvelle garde pr\u00e9torienne qui d\u00e9cide du pouvoir au Sahel ?"},"content":{"rendered":"<p>\t<a href=\"#la-mutation-pretorienne-de-l-africa-corps\">La mutation pr\u00e9torienne de l&rsquo;Africa Corps<\/a><\/p>\n<p>\t<a href=\"#l-arsenal-saisi-au-cur-de-la-capitale-nigerienne\">L&rsquo;arsenal saisi au c\u0153ur de la capitale nig\u00e9rienne<\/a><\/p>\n<p>\t<a href=\"#l-usure-des-garnisons-et-le-mecontentement-de-la-troupe\">L&rsquo;usure des garnisons et le m\u00e9contentement de la troupe<\/a><\/p>\n<p>\t<a href=\"#tensions-verbales-regionales-et-ferme-mise-au-point-du-nigeria\">Tensions verbales r\u00e9gionales et ferme mise au point du Nigeria<\/a><\/p>\n<p>\t<a href=\"#l-ancrage-confederal-de-l-aes-et-la-vigilance-d-alger\">L&rsquo;ancrage conf\u00e9d\u00e9ral de l&rsquo;AES et la vigilance d&rsquo;Alger<\/a><\/p>\n<p>\t<a href=\"#le-paradoxe-sahelien-priorite-securitaire-contre-imperatifs-economiques\">Le paradoxe sah\u00e9lien : priorit\u00e9 s\u00e9curitaire contre imp\u00e9ratifs \u00e9conomiques<\/a><\/p>\n<p>Les explosions et les tirs nourris d&rsquo;armes automatiques lourdes qui ont retenti \u00e0 l&rsquo;aube dans Niamey ne provenaient pas d&rsquo;une attaque djihadiste venue des confins d\u00e9sertiques, ni d&rsquo;un accrochage sur les fronti\u00e8res poreuses. Les affrontements ont \u00e9clat\u00e9 \u00e0 quelques encablures des pistes de l&rsquo;a\u00e9roport international Diori-Hamani, au c\u0153ur de la base a\u00e9rienne 101, infrastructure militaire la plus strat\u00e9gique de la capitale du Niger.<\/p>\n<p><img decoding=\"async\" width=\"1200\" height=\"675\" alt=\"Vue satellite de l'a\u00e9roport international Diori-Hamani et des emprises militaires adjacentes \u00e0 Niamey, Niger - Vantor\/REUTERS\" src=\"https:\/\/www.europesays.com\/afrique\/wp-content\/uploads\/2026\/09\/2026083112072199131.webp\" loading=\"lazy\"  \/><br \/>\nImage satellite de l&rsquo;a\u00e9roport Diori-Hamani et des installations militaires de Niamey &#8211; Vantor\/REUTERS<\/p>\n<p>De l\u00e0, les combats se sont propag\u00e9s vers les abords imm\u00e9diats du palais pr\u00e9sidentiel et les si\u00e8ges des m\u00e9dias publics nationaux, dont le signal a \u00e9t\u00e9 momentan\u00e9ment interrompu pendant que des blind\u00e9s s\u00e9curisaient les carrefours cl\u00e9s de la m\u00e9tropole.<\/p>\n<p>Pour un r\u00e9gime militaire parvenu au pouvoir en juillet 2023 en promettant la stabilisation s\u00e9curitaire et l&rsquo;\u00e9radication du terrorisme, l&rsquo;\u00e9pisode met en lumi\u00e8re une contradiction fondamentale : la menace imm\u00e9diate contre l&rsquo;autorit\u00e9 de l&rsquo;\u00c9tat ne provient plus seulement des maquis arm\u00e9s, mais s&rsquo;exprime au sein m\u00eame de l&rsquo;arm\u00e9e nationale, un dossier suivi de pr\u00e8s par l&rsquo;<a target=\"_blank\" href=\"https:\/\/www.un.org\/fr\/\" rel=\"nofollow noopener\">Organisation des Nations unies (ONU)<\/a>.<\/p>\n<p><img decoding=\"async\" width=\"1200\" height=\"675\" alt=\"V\u00e9hicule blind\u00e9 de combat d\u00e9ploy\u00e9 dans les rues de Niamey apr\u00e8s les affrontements arm\u00e9s pr\u00e8s de l'a\u00e9roport - PHOTO\/ REUTERS\" src=\"https:\/\/www.europesays.com\/afrique\/wp-content\/uploads\/2026\/09\/2026083112072255515.webp\" loading=\"lazy\"  \/><br \/>\nPositionnement de blind\u00e9s militaires dans les art\u00e8res de Niamey &#8211; PHOTO\/ REUTERS<\/p>\n<p>La mutation pr\u00e9torienne de l&rsquo;Africa Corps<\/p>\n<p>La neutralisation du soul\u00e8vement a mis en relief une nouvelle donne op\u00e9rationnelle dans la r\u00e9gion. D\u00e8s lors que les unit\u00e9s fid\u00e8les au gouvernement se sont trouv\u00e9es en difficult\u00e9 sur la base 101, l&rsquo;intervention des personnels russes de l&rsquo;Africa Corps \u2014 rassemblant des v\u00e9t\u00e9rans de l&rsquo;ancienne structure Wagner sous l&rsquo;autorit\u00e9 du <a target=\"_blank\" href=\"https:\/\/mil.ru\/\" rel=\"nofollow noopener\">Minist\u00e8re de la D\u00e9fense de la F\u00e9d\u00e9ration de Russie<\/a> \u2014 a fait basculer le rapport de force.<\/p>\n<p>L&rsquo;ambassadeur de Russie \u00e0 Niamey, Viktor Voropaev, a confirm\u00e9 que les autorit\u00e9s nig\u00e9riennes avaient formul\u00e9 un appel \u00e0 l&rsquo;aide op\u00e9rationnel direct aupr\u00e8s de Moscou, entra\u00eenant un appui tactique au sol et une couverture a\u00e9rienne pour d\u00e9loger les mutins des pistes et des hangars techniques.<\/p>\n<p><img decoding=\"async\" width=\"1200\" height=\"675\" alt=\"C\u00e9r\u00e9monie d'hommage aux personnels militaires russes tomb\u00e9s lors d'engagements au Sahel - REUTERS\/ YULIA MOROZOVA\" src=\"https:\/\/www.europesays.com\/afrique\/wp-content\/uploads\/2026\/09\/2025012912435258879.jpg\" loading=\"lazy\"  \/><br \/>\nHommage rendu aux combattants russes engag\u00e9s au Sahel &#8211; REUTERS\/ YULIA MOROZOVA<\/p>\n<p>Cet engagement red\u00e9finit le r\u00f4le de la pr\u00e9sence militaire russe au Sahel central. La mission des deux \u00e0 trois cents militaires stationn\u00e9s sur la base 101 ne s&rsquo;arr\u00eate plus \u00e0 l&rsquo;instruction technique, aux livraisons d&rsquo;armement ou \u00e0 l&rsquo;appui antiterroriste : elle s&rsquo;est mu\u00e9e en une protection pr\u00e9torienne du pouvoir en place face aux soubresauts de l&rsquo;arm\u00e9e locale.<\/p>\n<p>La strat\u00e9gie de Moscou s&rsquo;appuie sur des d\u00e9tachements restreints disposant d&rsquo;une forte r\u00e9activit\u00e9, de drones de surveillance et d&rsquo;un appui a\u00e9rien l\u00e9ger, prot\u00e9geant les centres de commandement sans n\u00e9cessiter le d\u00e9ploiement d&rsquo;imposants corps exp\u00e9ditionnaires.<\/p>\n<p>Le paradoxe est saillant face aux discours de rupture avec les partenaires traditionnels comme l&rsquo;<a target=\"_blank\" href=\"https:\/\/european-union.europa.eu\/index_fr\" rel=\"nofollow noopener\">Union europ\u00e9enne<\/a> : le d\u00e9part des contingents fran\u00e7ais et am\u00e9ricains, pr\u00e9sent\u00e9 comme un tournant souverainiste, d\u00e9bouche sur un sch\u00e9ma o\u00f9 la pr\u00e9servation de la junte repose sur la puissance de feu d&rsquo;instructeurs \u00e9trangers. Les partenaires ont chang\u00e9, mais la d\u00e9pendance ext\u00e9rieure demeure au c\u0153ur du dispositif r\u00e9galien.<\/p>\n<p><img decoding=\"async\" width=\"1200\" height=\"675\" alt=\"Rassemblement populaire \u00e0 Bamako portant des drapeaux russes et d\u00e9non\u00e7ant la pr\u00e9sence occidentale - PHOTO\/ AP\" src=\"https:\/\/www.europesays.com\/afrique\/wp-content\/uploads\/2026\/02\/2025012912435125410.jpg\" loading=\"lazy\"  \/><br \/>\nManifestation populaire \u00e0 Bamako c\u00e9l\u00e9brant les liens strat\u00e9giques avec Moscou &#8211; PHOTO\/ AP<\/p>\n<p>L&rsquo;arsenal saisi au c\u0153ur de la capitale nig\u00e9rienne<\/p>\n<p>Le mat\u00e9riel militaire r\u00e9cup\u00e9r\u00e9 \u00e0 l&rsquo;issue des combats \u00e9carte l&rsquo;hypoth\u00e8se d&rsquo;une simple contestation d&rsquo;hommes du rang. Selon le d\u00e9compte communiqu\u00e9 par T\u00e9l\u00e9 Sahel, les insurg\u00e9s avaient rassembl\u00e9 sur le site trente-quatre pick-up tout-terrain arm\u00e9s, deux blind\u00e9s l\u00e9gers et des dizaines de motos con\u00e7ues pour les d\u00e9placements rapides en milieu urbain.<\/p>\n<p><img decoding=\"async\" width=\"1200\" height=\"675\" alt=\"Armements et mat\u00e9riels saisis apr\u00e8s les affrontements \u00e0 Niamey\" src=\"https:\/\/www.europesays.com\/afrique\/wp-content\/uploads\/2026\/09\/2025082509595775271.webp\" loading=\"lazy\"  \/><br \/>\nPr\u00e9sentation du mat\u00e9riel de guerre r\u00e9cup\u00e9r\u00e9 sur la base a\u00e9rienne de Niamey<\/p>\n<p>Ce parc mobile \u00e9tait compl\u00e9t\u00e9 par trois cent quatre-vingt-deux fusils d&rsquo;assaut AK-47, trente-six lance-roquettes RPG-7, trente mitrailleuses BKM, six pi\u00e8ces lourdes de calibre 12,7 mm, quatre aff\u00fbts de 14,5 mm et quatre fusils de pr\u00e9cision Dragounov, ainsi que des mortiers de 82 mm, des caisses de munitions et des \u00e9quipements de transmission satellitaire.<\/p>\n<p>L&rsquo;accumulation d&rsquo;un tel stock d&rsquo;armes \u00e0 quelques minutes des si\u00e8ges institutionnels met en lumi\u00e8re les failles de renseignement et de s\u00e9curit\u00e9 int\u00e9rieure qui ont permis ces pr\u00e9paratifs logistiques sans d\u00e9clencher d&rsquo;alerte pr\u00e9coce au sein de l&rsquo;\u00e9tat-major.<\/p>\n<p><img decoding=\"async\" width=\"1200\" height=\"675\" alt=\"D\u00e9ploiement des forces nig\u00e9riennes devant les enceintes officielles \u00e0 Niamey - REUTERS\/SOULEYMANE AG ANARA\" src=\"https:\/\/www.europesays.com\/afrique\/wp-content\/uploads\/2026\/09\/2023073115575256194.jpg\" loading=\"lazy\"  \/><br \/>\nForces de s\u00e9curit\u00e9 positionn\u00e9es autour des points sensibles de la capitale &#8211; REUTERS\/SOULEYMANE AG ANARA<\/p>\n<p>Apr\u00e8s avoir dispers\u00e9 les mutins, le minist\u00e8re de la D\u00e9fense a coupl\u00e9 les avertissements \u00e0 une proposition de r\u00e9int\u00e9gration. Par un communiqu\u00e9 officiel diffus\u00e9 \u00e0 la t\u00e9l\u00e9vision nationale, la hi\u00e9rarchie a appel\u00e9 les militaires dispers\u00e9s \u00e0 se pr\u00e9senter individuellement avec armes et bagages \u00e0 l&rsquo;\u00c9cole de gendarmerie de Niamey ou dans leurs brigades de rattachement, en appelant au loyalisme r\u00e9publicain pour \u00e9viter des poursuites imm\u00e9diates.<\/p>\n<p>Dans le m\u00eame temps, les autorit\u00e9s ont instaur\u00e9 une interdiction stricte du port de tenues militaires par les civils, illustrant la crainte de voir des mutins arm\u00e9s se dissimuler au sein de la population le temps de reconstituer le dispositif s\u00e9curitaire.<\/p>\n<p><img decoding=\"async\" width=\"1200\" height=\"675\" alt=\"Le g\u00e9n\u00e9ral Abdourahamane Tiani, pr\u00e9sident du Conseil national pour la sauvegarde de la patrie du Niger - REUTERS\/ MAHAMADOU HAMIDOU\" src=\"https:\/\/www.europesays.com\/afrique\/wp-content\/uploads\/2026\/09\/2026083112072233879.webp\" loading=\"lazy\"  \/><br \/>\nLe g\u00e9n\u00e9ral Abdourahamane Tiani, pr\u00e9sident de la transition nig\u00e9rienne &#8211; REUTERS\/ MAHAMADOU HAMIDOU<\/p>\n<p>L&rsquo;usure des garnisons et le m\u00e9contentement de la troupe<\/p>\n<p>Les ressorts profonds de cet affrontement ne se limitent pas aux rivalit\u00e9s de casernes dans la capitale ; ils trouvent leur source sur les fronts op\u00e9rationnels int\u00e9rieurs. Les rapports disponibles soulignent qu&rsquo;une part notable des soldats amotin\u00e9s provenait des d\u00e9tachements d\u00e9ploy\u00e9s \u00e0 Ouallam, T\u00e9ra et Dosso, secteurs du Sud-Ouest soumis \u00e0 une pression continue des groupes affili\u00e9s \u00e0 Al-Qa\u00efda et \u00e0 l&rsquo;\u00c9tat islamique.<\/p>\n<p>Quelques jours avant les tirs \u00e0 Niamey, une embuscade avait co\u00fbt\u00e9 la vie \u00e0 dix-huit militaires nig\u00e9riens, confirmant une saign\u00e9e r\u00e9guli\u00e8re qui s&rsquo;est rapproch\u00e9e ces derniers mois de la zone a\u00e9roportuaire de la capitale.<\/p>\n<p><img decoding=\"async\" width=\"1200\" height=\"675\" alt=\"Armes et mat\u00e9riels saisis lors d'op\u00e9rations de lutte contre le terrorisme dans la bande sah\u00e9lo-saharienne - REUTERS\/AHMED ELJECHTIMI\" src=\"https:\/\/www.europesays.com\/afrique\/wp-content\/uploads\/2026\/09\/2025022611131981516.jpg\" loading=\"lazy\"  \/><br \/>\nArmements r\u00e9cup\u00e9r\u00e9s lors d&rsquo;op\u00e9rations s\u00e9curitaires dans l&rsquo;espace sah\u00e9lien &#8211; REUTERS\/AHMED ELJECHTIMI<\/p>\n<p>Le g\u00e9n\u00e9ral Abdourahamane Tiani a renvers\u00e9 le pr\u00e9sident Mohamed Bazoum en affirmant pouvoir r\u00e9tablir rapidement la s\u00e9curit\u00e9 sur le territoire ; trois ans plus tard, les groupes insurg\u00e9s conservent une capacit\u00e9 de nuisance et d&rsquo;adaptation tactique \u00e9lev\u00e9e.<\/p>\n<p>Le d\u00e9calage entre les d\u00e9clarations officielles de souverainet\u00e9 recouvr\u00e9e et les pertes r\u00e9guli\u00e8res subies dans la r\u00e9gion de Tillab\u00e9ri alimente une rupture de confiance entre les officiers sup\u00e9rieurs install\u00e9s \u00e0 Niamey et les troupes combattantes en premi\u00e8re ligne.<\/p>\n<p><img decoding=\"async\" width=\"1200\" height=\"675\" alt=\"L'ancien pr\u00e9sident du Niger Mohamed Bazoum - PHOTO\/@PresidenceNiger\" src=\"https:\/\/www.europesays.com\/afrique\/wp-content\/uploads\/2026\/09\/2023072613262023412.jpg\" loading=\"lazy\"  \/><br \/>\nL&rsquo;ancien pr\u00e9sident de la R\u00e9publique du Niger, Mohamed Bazoum &#8211; PHOTO\/@PresidenceNiger<\/p>\n<p>Tensions verbales r\u00e9gionales et ferme mise au point du Nigeria<\/p>\n<p>La mutinerie a rapidement d\u00e9g\u00e9n\u00e9r\u00e9 en querelle diplomatique r\u00e9gionale. S&rsquo;exprimant sur la t\u00e9l\u00e9vision publique nig\u00e9rienne, le capitaine Roger Gabriel, commandant le 1er bataillon de parachutistes, a publiquement mis en cause les proches de l&rsquo;ancien pr\u00e9sident Bazoum et \u00e9voqu\u00e9 des connivences avec des services militaires ext\u00e9rieurs et des pays voisins.<\/p>\n<p><img decoding=\"async\" width=\"1200\" height=\"675\" alt=\"Mahmoud Ali Youssef, pr\u00e9sident de la Commission de l'Union africaine - PHOTO\/UA\" src=\"https:\/\/www.europesays.com\/afrique\/wp-content\/uploads\/2026\/09\/2025052110554744161.jpg\" loading=\"lazy\"  \/><br \/>\nMahmoud Ali Youssef, pr\u00e9sident de la Commission de l&rsquo;Union africaine &#8211; PHOTO\/UA<\/p>\n<p>L&rsquo;insinuation d&rsquo;un appui secret orchestr\u00e9 par la Communaut\u00e9 \u00e9conomique des \u00c9tats de l&rsquo;Afrique de l&rsquo;Ouest (CEDEAO) a provoqu\u00e9 une vive r\u00e9action des autorit\u00e9s nig\u00e9rianes. Le ministre d&rsquo;\u00c9tat aux Affaires \u00e9trang\u00e8res du Nigeria, l&rsquo;ambassadeur Sola Enikanolaiye, a d\u00e9menti ces all\u00e9gations, r\u00e9affirmant l&rsquo;attachement d&rsquo;Abuja aux principes de non-ing\u00e9rence et aux textes fondateurs de l&rsquo;<a target=\"_blank\" href=\"https:\/\/au.int\/\" rel=\"nofollow noopener\">Union africaine (UA)<\/a>.<\/p>\n<p>Le pr\u00e9sident de la Commission de l&rsquo;Union africaine, Mahmud Ali Youssef, a pour sa part condamn\u00e9 \u00ab toute prise de pouvoir par la force \u00bb, appelant \u00e0 la d\u00e9sescalade pour garantir la s\u00e9curit\u00e9 des civils et la pr\u00e9servation de la concorde nationale.<\/p>\n<p><img decoding=\"async\" width=\"1200\" height=\"675\" alt=\"Le pr\u00e9sident de la Commission de l'Union africaine Mahamoud Ali Youssouf lors d'une intervention institutionnelle - REUTERS\/ THOMAS MKOYA\" src=\"https:\/\/www.europesays.com\/afrique\/wp-content\/uploads\/2026\/09\/2026090412071572890.webp\" loading=\"lazy\"  \/><br \/>\nMahamoud Ali Youssouf lors d&rsquo;un sommet multilat\u00e9ral consacr\u00e9 au d\u00e9veloppement continental &#8211; REUTERS\/ THOMAS MKOYA<\/p>\n<p>L&rsquo;ancrage conf\u00e9d\u00e9ral de l&rsquo;AES et la vigilance d&rsquo;Alger<\/p>\n<p>Face \u00e0 la rupture avec les organisations r\u00e9gionales historiques, la Conf\u00e9d\u00e9ration des \u00c9tats du Sahel (AES) s&rsquo;est imm\u00e9diatement mobilis\u00e9e pour soutenir les autorit\u00e9s nig\u00e9riennes. L&rsquo;alliance regroupant le Mali, le Burkina Faso et le Niger a d\u00e9nonc\u00e9 une \u00ab entreprise de d\u00e9stabilisation \u00bb collective, concr\u00e9tisant son engagement par un soutien militaire direct.<\/p>\n<p>Des informations de terrain confirment l&rsquo;engagement d&rsquo;\u00e9l\u00e9ments burkinab\u00e9s int\u00e9gr\u00e9s au dispositif de s\u00e9curit\u00e9 pr\u00e9sidentielle pour d\u00e9fendre les positions n\u00e9vralgiques de Niamey, marquant ainsi la premi\u00e8re mise en \u0153uvre concr\u00e8te de la clause de d\u00e9fense mutuelle de l&rsquo;AES.<\/p>\n<p><img decoding=\"async\" width=\"1200\" height=\"675\" alt=\"Assimi Go\u00efta, Abdourahamane Tiani et Ibrahim Traor\u00e9 r\u00e9unis lors du sommet de l'AES \u00e0 Niamey - REUTERS\/ MAHADOU HAMIDOU\" src=\"https:\/\/www.europesays.com\/afrique\/wp-content\/uploads\/2026\/09\/2025012912435317583.jpg\" loading=\"lazy\"  \/><br \/>\nLes dirigeants de l&rsquo;Alliance des \u00c9tats du Sahel r\u00e9unis \u00e0 Niamey &#8211; REUTERS\/ MAHADOU HAMIDOU<\/p>\n<p>Cette action coordonn\u00e9e s&rsquo;inscrit dans le cadre de la Force unifi\u00e9e de l&rsquo;AES dont l&rsquo;\u00e9tat-major permanent est bas\u00e9 \u00e0 Niamey, avec un objectif de cinq \u00e0 six mille hommes pour pallier la dissolution du G5 Sahel.<\/p>\n<p><img decoding=\"async\" width=\"1200\" height=\"675\" alt=\"Le g\u00e9n\u00e9ral d'arm\u00e9e Sa\u00efd Chengriha, chef d'\u00e9tat-major de l'Arm\u00e9e nationale populaire d'Alg\u00e9rie - AP\/FATEH GUIDOUM\" src=\"https:\/\/www.europesays.com\/afrique\/wp-content\/uploads\/2026\/09\/2025021313031171742.jpg\" loading=\"lazy\"  \/><br \/>\nLe g\u00e9n\u00e9ral Sa\u00efd Chengriha, chef d&rsquo;\u00e9tat-major des forces arm\u00e9es alg\u00e9riennes &#8211; AP\/FATEH GUIDOUM<\/p>\n<p>Sur le flanc nord, le pr\u00e9sident alg\u00e9rien Abdelmadjid Tebboune s&rsquo;est entretenu directement avec le g\u00e9n\u00e9ral Tiani pour soutenir la stabilit\u00e9 institutionnelle du Niger. Les vols de surveillance et de transport effectu\u00e9s par l&rsquo;aviation militaire alg\u00e9rienne dans les zones frontali\u00e8res ont fait office de signal dissuasif pour sanctuariser la fronti\u00e8re commune.<\/p>\n<p><img decoding=\"async\" width=\"1200\" height=\"675\" alt=\"Le pr\u00e9sident alg\u00e9rien Abdelmadjid Tebboune et le g\u00e9n\u00e9ral Sa\u00efd Chengriha\" src=\"https:\/\/www.europesays.com\/afrique\/wp-content\/uploads\/2026\/09\/2024050916323096588.jpg\" loading=\"lazy\"  \/><br \/>\nAbdelmadjid Tebboune s&rsquo;entretenant avec le haut commandement militaire alg\u00e9rien<\/p>\n<p>Le paradoxe sah\u00e9lien : priorit\u00e9 s\u00e9curitaire contre imp\u00e9ratifs \u00e9conomiques<\/p>\n<p>La mutinerie de la base 101 pose un dilemme institutionnel majeur pour le Sahel. Contrairement aux mod\u00e8les traditionnels d&rsquo;int\u00e9gration continentale initi\u00e9s par des unions douani\u00e8res et des accords commerciaux sous l&rsquo;\u00e9gide de l&rsquo;<a target=\"_blank\" href=\"https:\/\/www.wto.org\/indexfr.htm\" rel=\"nofollow noopener\">Organisation mondiale du commerce (OMC)<\/a>, l&rsquo;AES s&rsquo;est d&rsquo;abord construite sur les piliers de la d\u00e9fense commune et de la souverainet\u00e9 s\u00e9curitaire avant d&rsquo;harmoniser ses m\u00e9canismes \u00e9conomiques.<\/p>\n<p>Ce raidissement militaire contraste fortement avec les perspectives \u00e9conomiques r\u00e9gionales : le <a target=\"_blank\" href=\"https:\/\/www.imf.org\/fr\/Home\" rel=\"nofollow noopener\">Fonds mon\u00e9taire international (FMI)<\/a> table pour 2026 sur une croissance du PIB de 6,7 % pour le Niger et de 5,5 % pour le Mali, tir\u00e9e par un potentiel pastoral massif et les corridors logistiques reli\u00e9s aux fa\u00e7ades portuaires atlantiques.<\/p>\n<p><img decoding=\"async\" width=\"1200\" height=\"675\" alt=\"Fa\u00e7ade et logo du Fonds mon\u00e9taire international \u00e0 Washington - REUTERS\/ YURI GRIPAS\" src=\"https:\/\/www.europesays.com\/afrique\/wp-content\/uploads\/2026\/05\/2025101712200643217.webp\" loading=\"lazy\"  \/><br \/>\nSi\u00e8ge institutionnel du Fonds mon\u00e9taire international \u00e0 Washington &#8211; REUTERS\/ YURI GRIPAS<\/p>\n<p>Les \u00e9v\u00e9nements du 29 ao\u00fbt ont illustr\u00e9 les limites d&rsquo;un mod\u00e8le o\u00f9 la stabilit\u00e9 d&rsquo;un r\u00e9gime repose de mani\u00e8re disproportionn\u00e9e sur des partenariats militaires de circonstance. Tant que l&rsquo;usure op\u00e9rationnelle de la lutte contre le djihadisme alimentera le m\u00e9contentement dans les garnisons de brousse, les \u00e9quilibres politiques de la r\u00e9gion demeureront vuln\u00e9rables.<\/p>\n<p>Le g\u00e9n\u00e9ral Tiani a repris le contr\u00f4le des installations de la base 101, mais la question centrale demeure pos\u00e9e : un pouvoir articul\u00e9 autour du discours de rupture parviendra-t-il \u00e0 surmonter les fractures qui travaillent ses propres forces arm\u00e9es ?<\/p>\n","protected":false},"excerpt":{"rendered":"La mutation pr\u00e9torienne de l&rsquo;Africa Corps L&rsquo;arsenal saisi au c\u0153ur de la capitale nig\u00e9rienne L&rsquo;usure des garnisons et&hellip;\n","protected":false},"author":2,"featured_media":200326,"comment_status":"","ping_status":"","sticky":false,"template":"","format":"standard","meta":{"footnotes":"","_share_on_mastodon":"0"},"categories":[4],"tags":[263,6,4784,23620,7554,683,4488,264,126,5651,5652,1950],"class_list":["post-200325","post","type-post","status-publish","format-standard","has-post-thumbnail","category-afrique","tag-africa","tag-afrique","tag-la-russie","tag-le-niger","tag-le-sahel","tag-niger","tag-politica","tag-politics","tag-politique","tag-rusia","tag-russia","tag-sahel"],"share_on_mastodon":{"url":"https:\/\/pubeurope.com\/@afrique\/117213097473517196","error":""},"_links":{"self":[{"href":"https:\/\/www.europesays.com\/afrique\/wp-json\/wp\/v2\/posts\/200325","targetHints":{"allow":["GET"]}}],"collection":[{"href":"https:\/\/www.europesays.com\/afrique\/wp-json\/wp\/v2\/posts"}],"about":[{"href":"https:\/\/www.europesays.com\/afrique\/wp-json\/wp\/v2\/types\/post"}],"author":[{"embeddable":true,"href":"https:\/\/www.europesays.com\/afrique\/wp-json\/wp\/v2\/users\/2"}],"replies":[{"embeddable":true,"href":"https:\/\/www.europesays.com\/afrique\/wp-json\/wp\/v2\/comments?post=200325"}],"version-history":[{"count":0,"href":"https:\/\/www.europesays.com\/afrique\/wp-json\/wp\/v2\/posts\/200325\/revisions"}],"wp:featuredmedia":[{"embeddable":true,"href":"https:\/\/www.europesays.com\/afrique\/wp-json\/wp\/v2\/media\/200326"}],"wp:attachment":[{"href":"https:\/\/www.europesays.com\/afrique\/wp-json\/wp\/v2\/media?parent=200325"}],"wp:term":[{"taxonomy":"category","embeddable":true,"href":"https:\/\/www.europesays.com\/afrique\/wp-json\/wp\/v2\/categories?post=200325"},{"taxonomy":"post_tag","embeddable":true,"href":"https:\/\/www.europesays.com\/afrique\/wp-json\/wp\/v2\/tags?post=200325"}],"curies":[{"name":"wp","href":"https:\/\/api.w.org\/{rel}","templated":true}]}}