{"id":200329,"date":"2026-09-04T13:53:15","date_gmt":"2026-09-04T13:53:15","guid":{"rendered":"https:\/\/www.europesays.com\/afrique\/200329\/"},"modified":"2026-09-04T13:53:15","modified_gmt":"2026-09-04T13:53:15","slug":"tanzanie-deogratius-ndejembi-le-jeune-cadre-du-ccm-nomme-vice-president","status":"publish","type":"post","link":"https:\/\/www.europesays.com\/afrique\/200329\/","title":{"rendered":"Tanzanie : Deogratius Ndejembi, le jeune cadre du CCM nomm\u00e9 vice-pr\u00e9sident"},"content":{"rendered":"<p>Deogratius Ndejembi, 43 ans, a pr\u00eat\u00e9 serment comme nouveau vice-pr\u00e9sident de la Tanzanie, succ\u00e9dant \u00e0 Emmanuel Nchimbi dans un climat politique tendu.<\/p>\n<p><img loading=\"lazy\" decoding=\"async\" width=\"353\" height=\"500\" alt=\"\" style=\"max-width:100%; height:auto;\" class=\"perfmatters-lazy\" src=\"https:\/\/www.europesays.com\/afrique\/wp-content\/uploads\/2026\/07\/Pigier-journee.webp\"\/><\/p>\n<p>Deogratius John Ndejembi, ancien ministre tanzanien de l\u2019\u00c9nergie, a pr\u00eat\u00e9 serment comme vice-pr\u00e9sident de la R\u00e9publique-Unie de Tanzanie samedi 29 ao\u00fbt 2026, lors d\u2019une c\u00e9r\u00e9monie organis\u00e9e \u00e0 la State House de Chamwino, \u00e0 Dodoma. \u00c2g\u00e9 de 43 ans, il succ\u00e8de \u00e0 Emmanuel Nchimbi, dont la d\u00e9mission, annonc\u00e9e le 26 ao\u00fbt, doit prendre effet le 4 septembre.<\/p>\n<p>Sa nomination avait \u00e9t\u00e9 approuv\u00e9e \u00e0 l\u2019unanimit\u00e9 par le Parlement le vendredi 28 ao\u00fbt, o\u00f9 les 324 d\u00e9put\u00e9s pr\u00e9sents ont vot\u00e9 en sa faveur, sans opposition, sur proposition du parti au pouvoir, le Chama Cha Mapinduzi (CCM).<\/p>\n<p>La pr\u00e9sidente Samia Suluhu Hassan a justifi\u00e9 ce choix par les \u00ab\u00a0capacit\u00e9s de leadership\u00a0\u00bb, \u00ab\u00a0l\u2019\u00e9nergie de la jeunesse\u00a0\u00bb et l\u2019exp\u00e9rience de M. Ndejembi, l\u2019appelant \u00e0 exercer sa charge \u00ab\u00a0avec humilit\u00e9, int\u00e9grit\u00e9 et patriotisme\u00a0\u00bb et rappelant que la vice-pr\u00e9sidence \u00e9tait \u00ab\u00a0une charge publique, pas un royaume\u00a0\u00bb.<\/p>\n<p>M. Nchimbi, en fonction depuis moins d\u2019un an, avait annonc\u00e9 sa d\u00e9mission en expliquant vouloir honorer un engagement pris envers la pr\u00e9sidente. Le CCM l\u2019a depuis exclu du parti, invoquant des motifs disciplinaires.<\/p>\n<p>Une transition dans un climat politique tendu<\/p>\n<p>Cette passation intervient dans un contexte politique sensible pour la Tanzanie. La pr\u00e9sidente Hassan a \u00e9t\u00e9 r\u00e9\u00e9lue en octobre 2025 avec 98\u00a0% des voix, un scrutin critiqu\u00e9 par des observateurs internationaux et suivi de violences post\u00e9lectorales qui ont fait des centaines de morts, selon plusieurs organisations et m\u00e9dias internationaux.<\/p>\n<p>Le journal Mwanahalisi, qui avait rapport\u00e9 des dissensions internes au sein du gouvernement et affirm\u00e9 que M. Nchimbi avait r\u00e9sist\u00e9 aux pressions du parti pour d\u00e9missionner, a \u00e9t\u00e9 suspendu une semaine avant l\u2019annonce du d\u00e9part du vice-pr\u00e9sident.<\/p>\n<p>Lors de la c\u00e9r\u00e9monie d\u2019investiture, la pr\u00e9sidente Hassan a confi\u00e9 \u00e0 M. Ndejembi la mise en \u0153uvre du manifeste du CCM pour la p\u00e9riode 2025-2030 ainsi que celle de la vision de d\u00e9veloppement \u00e0 vingt-cinq ans du pays.<\/p>\n","protected":false},"excerpt":{"rendered":"Deogratius Ndejembi, 43 ans, a pr\u00eat\u00e9 serment comme nouveau vice-pr\u00e9sident de la Tanzanie, succ\u00e9dant \u00e0 Emmanuel Nchimbi dans&hellip;\n","protected":false},"author":2,"featured_media":200330,"comment_status":"","ping_status":"","sticky":false,"template":"","format":"standard","meta":{"footnotes":"","_share_on_mastodon":"0"},"categories":[185],"tags":[1915,60975,3996,60976,14061,126,2538,304,60977],"class_list":["post-200329","post","type-post","status-publish","format-standard","has-post-thumbnail","category-tanzanie","tag-cadre","tag-deogratius","tag-jeune","tag-ndejembi","tag-nomme","tag-politique","tag-president","tag-tanzanie","tag-vice"],"share_on_mastodon":{"url":"https:\/\/pubeurope.com\/@afrique\/117213109081159303","error":""},"_links":{"self":[{"href":"https:\/\/www.europesays.com\/afrique\/wp-json\/wp\/v2\/posts\/200329","targetHints":{"allow":["GET"]}}],"collection":[{"href":"https:\/\/www.europesays.com\/afrique\/wp-json\/wp\/v2\/posts"}],"about":[{"href":"https:\/\/www.europesays.com\/afrique\/wp-json\/wp\/v2\/types\/post"}],"author":[{"embeddable":true,"href":"https:\/\/www.europesays.com\/afrique\/wp-json\/wp\/v2\/users\/2"}],"replies":[{"embeddable":true,"href":"https:\/\/www.europesays.com\/afrique\/wp-json\/wp\/v2\/comments?post=200329"}],"version-history":[{"count":0,"href":"https:\/\/www.europesays.com\/afrique\/wp-json\/wp\/v2\/posts\/200329\/revisions"}],"wp:featuredmedia":[{"embeddable":true,"href":"https:\/\/www.europesays.com\/afrique\/wp-json\/wp\/v2\/media\/200330"}],"wp:attachment":[{"href":"https:\/\/www.europesays.com\/afrique\/wp-json\/wp\/v2\/media?parent=200329"}],"wp:term":[{"taxonomy":"category","embeddable":true,"href":"https:\/\/www.europesays.com\/afrique\/wp-json\/wp\/v2\/categories?post=200329"},{"taxonomy":"post_tag","embeddable":true,"href":"https:\/\/www.europesays.com\/afrique\/wp-json\/wp\/v2\/tags?post=200329"}],"curies":[{"name":"wp","href":"https:\/\/api.w.org\/{rel}","templated":true}]}}