{"id":200335,"date":"2026-09-04T14:02:11","date_gmt":"2026-09-04T14:02:11","guid":{"rendered":"https:\/\/www.europesays.com\/afrique\/200335\/"},"modified":"2026-09-04T14:02:11","modified_gmt":"2026-09-04T14:02:11","slug":"ces-femmes-pharaons-puissantes-et-meconnues-qui-ont-regne-sur-legypte-bien-avant-cleopatre-au-coeur-dun-documentaire-eclairant","status":"publish","type":"post","link":"https:\/\/www.europesays.com\/afrique\/200335\/","title":{"rendered":"Ces femmes pharaons puissantes et m\u00e9connues qui ont r\u00e9gn\u00e9 sur l&rsquo;\u00c9gypte bien avant Cl\u00e9op\u00e2tre, au c\u0153ur d&rsquo;un documentaire \u00e9clairant"},"content":{"rendered":"<p>La premi\u00e8re partie du documentaire\u00a0Les femmes pharaons au pouvoir dans l\u2019\u00c9gypte ancienne\u00a0explique comment se serait structur\u00e9 l\u2019\u00c9tat territorial de l\u2019ancienne \u00c9gypte. Le conditionnel s\u2019impose car beaucoup de zones d\u2019ombre demeurent autour de ce processus qui s\u2019est \u00e9tendu sur plus de 250 ans. Des femmes ont-elles exerc\u00e9 le pouvoir supr\u00eame \u00e0 cette \u00e9poque pr\u00e9dynastique et quel a \u00e9t\u00e9 leur r\u00f4le ? En 2025, des scientifiques de diff\u00e9rentes disciplines se sont rendues sur le terrain pour mener l\u2019enqu\u00eate. Leurs conclusions apportent des informations surprenantes sur la place accord\u00e9e aux reines\u00a0\u2013 un sujet qui n\u2019\u00e9tait pas consid\u00e9r\u00e9 par les historiens comme prioritaire, jusqu\u2019\u00e0 une date r\u00e9cente \u2013, depuis les balbutiements de l&rsquo;\u00c9tat \u00e9gyptien jusqu&rsquo;aux grandes dynasties.<\/p>\n<p>Le film montre en particulier l\u2019\u00e9gyptologue allemande Christiana K\u00f6hler et la neurobiologiste \u00e9gyptienne Radwa Khalil \u00e0 Abydos, au c\u0153ur de la n\u00e9cropole d\u2019Umm el-Qaab. Christiana K\u00f6hler est la premi\u00e8re \u00e0 y avoir men\u00e9, \u00e0 partir de 2020, des fouilles approfondies de la tombe de Meret-Neith, dat\u00e9e d\u2019environ 5000 ans. Cette reine de la Ire dynastie repose dans une s\u00e9pulture immense, dot\u00e9e d\u2019un mobilier abondant, dont un millier de jarres de vin pour la plupart intactes ! Le soin apport\u00e9 \u00e0 sa construction et \u00e0 celle des tombes secondaires de ce complexe fun\u00e9raire r\u00e9v\u00e8le l\u2019importance accord\u00e9e \u00e0 cette reine, connue pour avoir exerc\u00e9 le pouvoir \u00e0 la place de son jeune fils.<\/p>\n<p>Des femmes puissantes<\/p>\n<p>Mais celle-ci n\u2019est pas la premi\u00e8re \u00e0 avoir r\u00e9gn\u00e9. Cet honneur reviendrait \u00e0 la r\u00e9gente Neith-Hotep, au d\u00e9but de la Ire dynastie. En cas de d\u00e9c\u00e8s pr\u00e9matur\u00e9 du roi, c\u2019est son \u00e9pouse qui dirige en effet le pays jusqu\u2019\u00e0 la majorit\u00e9 de l\u2019h\u00e9ritier, comme le rappelle l\u2019\u00e9gyptologue Yasmin El Shazly, du Centre am\u00e9ricain de recherche du Caire. D\u2019autres souveraines ont ensuite exerc\u00e9 les plus hautes fonctions : N\u00e9f\u00e9rousobek (XIIe dynastie), la c\u00e9l\u00e8bre <a href=\"https:\/\/www.historia.fr\/archeologie\/civilisations-anciennes\/mystere-de-larcheologie-cette-momie-decouverte-en-1903-est-elle-celle-de-la-reine-degypte-hatshepsout-2168063\" rel=\"noopener noreferrer nofollow\" target=\"_blank\" class=\"sc-1q3ut16-0 cUePD\">Hatchepsout (XVIIIe dynastie)<\/a>, qui apr\u00e8s avoir \u00e9t\u00e9 r\u00e9gente se fait couronner pharaon, <a href=\"https:\/\/www.historia.fr\/histoire-du-monde\/afrique\/egypte-antique-la-reine-nefertiti-epouse-du-pharaon-akhenaton-et-redoutable-femme-de-pouvoir-2170417\" rel=\"noopener noreferrer nofollow\" target=\"_blank\" class=\"sc-1q3ut16-0 cUePD\">N\u00e9fertiti (XVIIIe dynastie)<\/a>, puis Taousert (XIXe dynastie) ont r\u00e9gn\u00e9 avant la plus c\u00e9l\u00e8bre d\u2019entre elles, <a href=\"https:\/\/www.historia.fr\/personnages-historiques\/biographies\/comment-sest-exerce-le-genie-politique-de-cleopatre-fascinante-reine-degypte-2166022\" rel=\"noopener noreferrer nofollow\" target=\"_blank\" class=\"sc-1q3ut16-0 cUePD\">Cl\u00e9op\u00e2tre VII<\/a>, il y a un peu plus de deux mille ans. Il n\u2019est pas exclu, pr\u00e9cise Christiana K\u00f6hler, que les traces d\u2019autres femmes de pouvoir aient \u00e9t\u00e9 perdues ou volontairement \u00ab effac\u00e9es \u00bb par leurs successeurs masculins. Ainsi, Thoutmosis III, neveu et co-souverain d\u2019Hatchepsout, fait sciemment dispara\u00eetre le nom de celle-ci des cartouches royaux. Toutefois, il ne r\u00e9ussit pas \u00e0 la faire sombrer dans l\u2019oubli.<\/p>\n<p>Servi par des images superbes tourn\u00e9es en d\u00e9cor naturel ou \u00e0 l\u2019int\u00e9rieur de mus\u00e9es et de monuments \u2013 comme \u00e0 Deir el-Bahari, o\u00f9 se trouve le temple fun\u00e9raire monumental d\u2019Hatchepsout \u2013, le documentaire parvient, en 1h30, \u00e0 couvrir plusieurs mill\u00e9naires d\u2019histoire \u00e9gyptienne, essentiellement du point de vue des souveraines. Un exploit qui m\u00e9rite d\u2019\u00eatre salu\u00e9, avec, toutefois, un petit b\u00e9mol : l\u2019introduction \u2013 plus d\u2019une demi-heure \u2013 consacr\u00e9e aux conditions de l\u2019\u00e9mergence de l\u2019\u00c9tat centralis\u00e9 \u00e9gyptien aurait gagn\u00e9 \u00eatre raccourcie pour entrer plus rapidement dans le vif du sujet. De plus, on perd parfois le fil rouge du propos, comme au cours de cette partie consacr\u00e9e aux recherches d\u2019une g\u00e9omorphologue, Eman Ghoneim, pour retrouver le bras disparu du Nil, situ\u00e9 \u00e0 l\u2019ouest du fleuve actuel. Bien qu\u2019int\u00e9ressante, cette digression para\u00eet tr\u00e8s \u00e9loign\u00e9e du sujet principal. Le dernier quart d\u2019heure y revient et conclut sur la condition des femmes dans l\u2019\u00c9gypte antique. Celles-ci ne sont pas les \u00e9gales des hommes, comme on le pense souvent, mais b\u00e9n\u00e9ficient de droits inconnus alors dans les autres civilisations antiques, comme celui d\u2019\u00eatre propri\u00e9taire, d\u2019h\u00e9riter ou de divorcer. Une condition dont les \u00c9gyptiennes d\u2019aujourd\u2019hui devraient s\u2019inspirer, comme le souhaite la neuroscientifique Radwa Khalil.<\/p>\n<p><img decoding=\"async\" alt=\"\" style=\"max-width:100%\" loading=\"lazy\" src=\"https:\/\/www.europesays.com\/afrique\/wp-content\/uploads\/2026\/09\/image.jpg\" class=\"sc-nmm9yg-1 kNrDZe\"\/><a aria-label=\"Ouvrir en plein \u00e9cran\" title=\"Ouvrir en plein \u00e9cran\" href=\"https:\/\/media.lesechos.com\/api\/v1\/images\/view\/6a9aa09eabe803e8ca091004\/par_defaut\/image.jpg\" role=\"link\" rel=\"noopener noreferrer nofollow\" target=\"_blank\" class=\"sc-nmm9yg-0 sc-1wngykz-0 dMlVmR dDvwzv sc-1x77pd9-0 sc-ihxcl2-0 cNKtIy\"><\/a><\/p>\n<p>L\u2019\u00e9gyptologue Christiana K\u00f6hler et la neurobiologiste Radwa Khalil \u00e0 Abydos. Image tir\u00e9e du documentaire \u00abLes femmes pharaons au pouvoir dans l\u2019\u00c9gypte ancienne \u00bb de Christiane Streckfuss, 2026.Caligari Entertainment<\/p>\n<p>\u00c0 noter :<\/p>\n<p>Les femmes pharaons au pouvoir dans l\u2019\u00c9gypte ancienne de Christiane Streckfuss, 2026, \u00e0 voir sur arte le 5 septembre, \u00e0 15h45, et sur arte.tv jusqu\u2019au 26 novembre 2026.<\/p>\n","protected":false},"excerpt":{"rendered":"La premi\u00e8re partie du documentaire\u00a0Les femmes pharaons au pouvoir dans l\u2019\u00c9gypte ancienne\u00a0explique comment se serait structur\u00e9 l\u2019\u00c9tat territorial&hellip;\n","protected":false},"author":2,"featured_media":200336,"comment_status":"","ping_status":"","sticky":false,"template":"","format":"standard","meta":{"footnotes":"","_share_on_mastodon":"0"},"categories":[122],"tags":[139],"class_list":["post-200335","post","type-post","status-publish","format-standard","has-post-thumbnail","category-egypte","tag-egypte"],"share_on_mastodon":{"url":"https:\/\/pubeurope.com\/@afrique\/117213144600672197","error":""},"_links":{"self":[{"href":"https:\/\/www.europesays.com\/afrique\/wp-json\/wp\/v2\/posts\/200335","targetHints":{"allow":["GET"]}}],"collection":[{"href":"https:\/\/www.europesays.com\/afrique\/wp-json\/wp\/v2\/posts"}],"about":[{"href":"https:\/\/www.europesays.com\/afrique\/wp-json\/wp\/v2\/types\/post"}],"author":[{"embeddable":true,"href":"https:\/\/www.europesays.com\/afrique\/wp-json\/wp\/v2\/users\/2"}],"replies":[{"embeddable":true,"href":"https:\/\/www.europesays.com\/afrique\/wp-json\/wp\/v2\/comments?post=200335"}],"version-history":[{"count":0,"href":"https:\/\/www.europesays.com\/afrique\/wp-json\/wp\/v2\/posts\/200335\/revisions"}],"wp:featuredmedia":[{"embeddable":true,"href":"https:\/\/www.europesays.com\/afrique\/wp-json\/wp\/v2\/media\/200336"}],"wp:attachment":[{"href":"https:\/\/www.europesays.com\/afrique\/wp-json\/wp\/v2\/media?parent=200335"}],"wp:term":[{"taxonomy":"category","embeddable":true,"href":"https:\/\/www.europesays.com\/afrique\/wp-json\/wp\/v2\/categories?post=200335"},{"taxonomy":"post_tag","embeddable":true,"href":"https:\/\/www.europesays.com\/afrique\/wp-json\/wp\/v2\/tags?post=200335"}],"curies":[{"name":"wp","href":"https:\/\/api.w.org\/{rel}","templated":true}]}}